{"id":39171,"date":"2024-10-03T11:23:54","date_gmt":"2024-10-03T09:23:54","guid":{"rendered":"http:\/\/www.unigirona.cat\/?p=39171"},"modified":"2024-10-03T11:23:56","modified_gmt":"2024-10-03T09:23:56","slug":"spar-girona-tanca-la-pretermporada-amb-derrota-2","status":"publish","type":"post","link":"https:\/\/www.unigirona.cat\/en\/spar-girona-tanca-la-pretermporada-amb-derrota-2\/","title":{"rendered":"ROBERTO \u00cd\u00d1IGUEZ VALORA LA PRETEMPORADA DE L&#8217;UNI GIRONA"},"content":{"rendered":"<p>Aquest mat\u00ed, l\u2019entrenador de l\u2019Spar Girona, Roberto \u00cd\u00f1iguez, ha comparegut davant dels mitjans de comunicaci\u00f3 per fer una valoraci\u00f3 de la pretemporada del seu equip. El t\u00e8cnic ha destacat les dificultats que s\u2019han trobat fins ara, marcades per les lesions i les abs\u00e8ncies, aix\u00ed com per la pres\u00e8ncia de moltes jugadores joves.<\/p><p>Segons \u00cd\u00f1iguez: \u201c\u00c9s una pretemporada complicada, dura, amb moltes noies joves i moltes lesions, moltes abs\u00e8ncies i que \u00e9s dif\u00edcil progressar. Mai poso excuses, el nivell actual de l\u2019equip a nivell competitiu no \u00e9s el que volem per\u00f2 hem de fer un equip i, com vaig dir el primer dia en la presentaci\u00f3, que vaig demanar paci\u00e8ncia i temps. S\u00ed que s\u00e9 a qu\u00e8 venia\u201d.<\/p><p><strong>Sobre la situaci\u00f3 d\u2019Ainhoa L\u00f3pez<\/strong><br>A m\u00e9s, Roberto \u00cd\u00f1iguez ha parlat sobre la situaci\u00f3 de la jugadora de l\u2019Uni Girona, Ainhoa L\u00f3pez, que avui ha em\u00e8s un comunicat explicant la seva situaci\u00f3 m\u00e8dica: \u201cJa ha explicat tot el que li ha passat i com va arribar, esfor\u00e7ant-se per estar el millor possible. Per\u00f2 l\u2019estiu ha estat complicat. Amb la lesi\u00f3 actual, en el fons em sento un xic responsable per no haver-la frenat. Amb ella \u00e9s dif\u00edcil, perqu\u00e8 va a dos-cents per hora. Per\u00f2 intu\u00efa que feia un sobreesfor\u00e7, sovint per sobre del l\u00edmit. \u00c9s molt tossuda, encara que sigui una virtut. I quan es va confirmar la lesi\u00f3, va ser un cop personal\u201d.<\/p><p>\u00cd\u00f1iguez ha volgut destacar el paper d\u2019Ainhoa dins l\u2019equip, referint-se a ella com un exemple de valors: \u201cPer a mi, \u00e9s una hero\u00efna. Tenim la sort de tenir una hero\u00efna dins del club. Perqu\u00e8 \u00e9s un exemple com a persona i esportista. A vegades la mataria pel seu cap boig, per\u00f2 aquest cap boig ens dona coses que altres no poden. Ella representa el que vol ser aquest club, amb els valors i principis que volen diferenciar-lo. Ens costa molt competir a la Lliga cada any. I m\u2019identifico amb aquestes coses: la lluita per estar amb els grans, anar a Europa\u2026 Valoro molt el que fa l\u2019Ainhoa, i nosaltres l\u2019esperem i la cuidem. Sempre hem tingut clar que la vol\u00edem esperar. Aquesta \u00e9s la seva fam\u00edlia i no hi ha dubtes\u201d.<\/p><p><strong>Recuperaci\u00f3 de Bibby i arribada de les americanes<\/strong><br>Despr\u00e9s de la lesi\u00f3 d\u2019Ainhoa L\u00f3pez, l\u2019Uni Girona espera la recuperaci\u00f3 de Chloe Bibby, aix\u00ed com l\u2019arribada de les jugadores americanes. Caldwell arriba el proper dimarts, mentre que Mack ho far\u00e0 dijous.<\/p><figure class=\"wp-block-embed is-type-video is-provider-youtube wp-block-embed-youtube wp-embed-aspect-16-9 wp-has-aspect-ratio\"><div class=\"wp-block-embed__wrapper\">\n<iframe title=\"Roda de premsa de Roberto \u00cd\u00f1iguez | Valoraci\u00f3 Pretemporada\" width=\"1140\" height=\"641\" src=\"https:\/\/www.youtube.com\/embed\/-t9vbkJsmqw?feature=oembed\" frameborder=\"0\" allow=\"accelerometer; autoplay; clipboard-write; encrypted-media; gyroscope; picture-in-picture; web-share\" referrerpolicy=\"strict-origin-when-cross-origin\" allowfullscreen><\/iframe>\n<\/div><\/figure>","protected":false},"excerpt":{"rendered":"<p>Aquest mat\u00ed, l\u2019entrenador de l\u2019Spar Girona, Roberto \u00cd\u00f1iguez, ha comparegut davant dels mitjans de comunicaci\u00f3 per fer una valoraci\u00f3 de la pretemporada del seu equip. El t\u00e8cnic ha destacat les dificultats que s\u2019han trobat fins ara, marcades per les lesions i les abs\u00e8ncies, aix\u00ed com per la pres\u00e8ncia de moltes jugadores joves. Segons \u00cd\u00f1iguez: \u201c\u00c9s [&hellip;]<\/p>\n","protected":false},"author":1,"featured_media":39172,"comment_status":"closed","ping_status":"closed","sticky":false,"template":"","format":"standard","meta":{"footnotes":""},"categories":[453,1],"tags":[],"class_list":["post-39171","post","type-post","status-publish","format-standard","has-post-thumbnail","hentry","category-cronica","category-uncategorized-ca"],"yoast_head":"<!-- This site is optimized with the Yoast SEO plugin v25.1 - https:\/\/yoast.com\/wordpress\/plugins\/seo\/ -->\n<title>ROBERTO \u00cd\u00d1IGUEZ VALORA LA PRETEMPORADA DE L&#039;UNI GIRONA - UNI B\u00e0squet Girona<\/title>\n<meta name=\"robots\" content=\"index, follow, max-snippet:-1, max-image-preview:large, max-video-preview:-1\" \/>\n<link rel=\"canonical\" href=\"https:\/\/www.unigirona.cat\/spar-girona-tanca-la-pretermporada-amb-derrota-2\/\" \/>\n<meta property=\"og:locale\" content=\"en_US\" \/>\n<meta property=\"og:type\" content=\"article\" \/>\n<meta property=\"og:title\" content=\"ROBERTO \u00cd\u00d1IGUEZ VALORA LA PRETEMPORADA DE L&#039;UNI GIRONA - UNI B\u00e0squet Girona\" \/>\n<meta property=\"og:description\" content=\"Aquest mat\u00ed, l\u2019entrenador de l\u2019Spar Girona, Roberto \u00cd\u00f1iguez, ha comparegut davant dels mitjans de comunicaci\u00f3 per fer una valoraci\u00f3 de la pretemporada del seu equip. El t\u00e8cnic ha destacat les dificultats que s\u2019han trobat fins ara, marcades per les lesions i les abs\u00e8ncies, aix\u00ed com per la pres\u00e8ncia de moltes jugadores joves. Segons \u00cd\u00f1iguez: \u201c\u00c9s [&hellip;]\" \/>\n<meta property=\"og:url\" content=\"https:\/\/www.unigirona.cat\/spar-girona-tanca-la-pretermporada-amb-derrota-2\/\" \/>\n<meta property=\"og:site_name\" content=\"UNI B\u00e0squet Girona\" \/>\n<meta property=\"article:published_time\" content=\"2024-10-03T09:23:54+00:00\" \/>\n<meta property=\"article:modified_time\" content=\"2024-10-03T09:23:56+00:00\" \/>\n<meta property=\"og:image\" content=\"https:\/\/www.unigirona.cat\/wp-content\/uploads\/2024\/10\/portada.jpg\" \/>\n\t<meta property=\"og:image:width\" content=\"5535\" \/>\n\t<meta property=\"og:image:height\" content=\"3690\" \/>\n\t<meta property=\"og:image:type\" content=\"image\/jpeg\" \/>\n<meta name=\"author\" content=\"infoself\" \/>\n<meta name=\"twitter:card\" content=\"summary_large_image\" \/>\n<meta name=\"twitter:label1\" content=\"Written by\" \/>\n\t<meta name=\"twitter:data1\" content=\"infoself\" \/>\n\t<meta name=\"twitter:label2\" content=\"Est. reading time\" \/>\n\t<meta name=\"twitter:data2\" content=\"3 minutes\" \/>\n<script type=\"application\/ld+json\" class=\"yoast-schema-graph\">{\"@context\":\"https:\/\/schema.org\",\"@graph\":[{\"@type\":\"WebPage\",\"@id\":\"https:\/\/www.unigirona.cat\/spar-girona-tanca-la-pretermporada-amb-derrota-2\/\",\"url\":\"https:\/\/www.unigirona.cat\/spar-girona-tanca-la-pretermporada-amb-derrota-2\/\",\"name\":\"ROBERTO \u00cd\u00d1IGUEZ VALORA LA PRETEMPORADA DE L'UNI GIRONA - UNI B\u00e0squet Girona\",\"isPartOf\":{\"@id\":\"https:\/\/www.unigirona.cat\/#website\"},\"primaryImageOfPage\":{\"@id\":\"https:\/\/www.unigirona.cat\/spar-girona-tanca-la-pretermporada-amb-derrota-2\/#primaryimage\"},\"image\":{\"@id\":\"https:\/\/www.unigirona.cat\/spar-girona-tanca-la-pretermporada-amb-derrota-2\/#primaryimage\"},\"thumbnailUrl\":\"https:\/\/www.unigirona.cat\/wp-content\/uploads\/2024\/10\/portada.jpg\",\"datePublished\":\"2024-10-03T09:23:54+00:00\",\"dateModified\":\"2024-10-03T09:23:56+00:00\",\"author\":{\"@id\":\"https:\/\/www.unigirona.cat\/#\/schema\/person\/4ea1ec9eb07c69de4fc90d4276a64a8a\"},\"breadcrumb\":{\"@id\":\"https:\/\/www.unigirona.cat\/spar-girona-tanca-la-pretermporada-amb-derrota-2\/#breadcrumb\"},\"inLanguage\":\"en-US\",\"potentialAction\":[{\"@type\":\"ReadAction\",\"target\":[\"https:\/\/www.unigirona.cat\/spar-girona-tanca-la-pretermporada-amb-derrota-2\/\"]}]},{\"@type\":\"ImageObject\",\"inLanguage\":\"en-US\",\"@id\":\"https:\/\/www.unigirona.cat\/spar-girona-tanca-la-pretermporada-amb-derrota-2\/#primaryimage\",\"url\":\"https:\/\/www.unigirona.cat\/wp-content\/uploads\/2024\/10\/portada.jpg\",\"contentUrl\":\"https:\/\/www.unigirona.cat\/wp-content\/uploads\/2024\/10\/portada.jpg\",\"width\":5535,\"height\":3690},{\"@type\":\"BreadcrumbList\",\"@id\":\"https:\/\/www.unigirona.cat\/spar-girona-tanca-la-pretermporada-amb-derrota-2\/#breadcrumb\",\"itemListElement\":[{\"@type\":\"ListItem\",\"position\":1,\"name\":\"Portada\",\"item\":\"https:\/\/www.unigirona.cat\/\"},{\"@type\":\"ListItem\",\"position\":2,\"name\":\"ROBERTO \u00cd\u00d1IGUEZ VALORA LA PRETEMPORADA DE L&#8217;UNI GIRONA\"}]},{\"@type\":\"WebSite\",\"@id\":\"https:\/\/www.unigirona.cat\/#website\",\"url\":\"https:\/\/www.unigirona.cat\/\",\"name\":\"Spar Girona\",\"description\":\"\",\"potentialAction\":[{\"@type\":\"SearchAction\",\"target\":{\"@type\":\"EntryPoint\",\"urlTemplate\":\"https:\/\/www.unigirona.cat\/?s={search_term_string}\"},\"query-input\":{\"@type\":\"PropertyValueSpecification\",\"valueRequired\":true,\"valueName\":\"search_term_string\"}}],\"inLanguage\":\"en-US\"},{\"@type\":\"Person\",\"@id\":\"https:\/\/www.unigirona.cat\/#\/schema\/person\/4ea1ec9eb07c69de4fc90d4276a64a8a\",\"name\":\"infoself\",\"image\":{\"@type\":\"ImageObject\",\"inLanguage\":\"en-US\",\"@id\":\"https:\/\/www.unigirona.cat\/#\/schema\/person\/image\/\",\"url\":\"https:\/\/secure.gravatar.com\/avatar\/80afa8d5c12786a1d498779176a5a726?s=96&d=mm&r=g\",\"contentUrl\":\"https:\/\/secure.gravatar.com\/avatar\/80afa8d5c12786a1d498779176a5a726?s=96&d=mm&r=g\",\"caption\":\"infoself\"},\"sameAs\":[\"http:\/\/www.unigirona.cat\"],\"url\":\"https:\/\/www.unigirona.cat\/en\/author\/infoself\/\"}]}<\/script>\n<!-- \/ Yoast SEO plugin. -->","yoast_head_json":{"title":"ROBERTO \u00cd\u00d1IGUEZ VALORA LA PRETEMPORADA DE L'UNI GIRONA - UNI B\u00e0squet Girona","robots":{"index":"index","follow":"follow","max-snippet":"max-snippet:-1","max-image-preview":"max-image-preview:large","max-video-preview":"max-video-preview:-1"},"canonical":"https:\/\/www.unigirona.cat\/spar-girona-tanca-la-pretermporada-amb-derrota-2\/","og_locale":"en_US","og_type":"article","og_title":"ROBERTO \u00cd\u00d1IGUEZ VALORA LA PRETEMPORADA DE L'UNI GIRONA - UNI B\u00e0squet Girona","og_description":"Aquest mat\u00ed, l\u2019entrenador de l\u2019Spar Girona, Roberto \u00cd\u00f1iguez, ha comparegut davant dels mitjans de comunicaci\u00f3 per fer una valoraci\u00f3 de la pretemporada del seu equip. El t\u00e8cnic ha destacat les dificultats que s\u2019han trobat fins ara, marcades per les lesions i les abs\u00e8ncies, aix\u00ed com per la pres\u00e8ncia de moltes jugadores joves. Segons \u00cd\u00f1iguez: \u201c\u00c9s [&hellip;]","og_url":"https:\/\/www.unigirona.cat\/spar-girona-tanca-la-pretermporada-amb-derrota-2\/","og_site_name":"UNI B\u00e0squet Girona","article_published_time":"2024-10-03T09:23:54+00:00","article_modified_time":"2024-10-03T09:23:56+00:00","og_image":[{"width":5535,"height":3690,"url":"https:\/\/www.unigirona.cat\/wp-content\/uploads\/2024\/10\/portada.jpg","type":"image\/jpeg"}],"author":"infoself","twitter_card":"summary_large_image","twitter_misc":{"Written by":"infoself","Est. reading time":"3 minutes"},"schema":{"@context":"https:\/\/schema.org","@graph":[{"@type":"WebPage","@id":"https:\/\/www.unigirona.cat\/spar-girona-tanca-la-pretermporada-amb-derrota-2\/","url":"https:\/\/www.unigirona.cat\/spar-girona-tanca-la-pretermporada-amb-derrota-2\/","name":"ROBERTO \u00cd\u00d1IGUEZ VALORA LA PRETEMPORADA DE L'UNI GIRONA - UNI B\u00e0squet Girona","isPartOf":{"@id":"https:\/\/www.unigirona.cat\/#website"},"primaryImageOfPage":{"@id":"https:\/\/www.unigirona.cat\/spar-girona-tanca-la-pretermporada-amb-derrota-2\/#primaryimage"},"image":{"@id":"https:\/\/www.unigirona.cat\/spar-girona-tanca-la-pretermporada-amb-derrota-2\/#primaryimage"},"thumbnailUrl":"https:\/\/www.unigirona.cat\/wp-content\/uploads\/2024\/10\/portada.jpg","datePublished":"2024-10-03T09:23:54+00:00","dateModified":"2024-10-03T09:23:56+00:00","author":{"@id":"https:\/\/www.unigirona.cat\/#\/schema\/person\/4ea1ec9eb07c69de4fc90d4276a64a8a"},"breadcrumb":{"@id":"https:\/\/www.unigirona.cat\/spar-girona-tanca-la-pretermporada-amb-derrota-2\/#breadcrumb"},"inLanguage":"en-US","potentialAction":[{"@type":"ReadAction","target":["https:\/\/www.unigirona.cat\/spar-girona-tanca-la-pretermporada-amb-derrota-2\/"]}]},{"@type":"ImageObject","inLanguage":"en-US","@id":"https:\/\/www.unigirona.cat\/spar-girona-tanca-la-pretermporada-amb-derrota-2\/#primaryimage","url":"https:\/\/www.unigirona.cat\/wp-content\/uploads\/2024\/10\/portada.jpg","contentUrl":"https:\/\/www.unigirona.cat\/wp-content\/uploads\/2024\/10\/portada.jpg","width":5535,"height":3690},{"@type":"BreadcrumbList","@id":"https:\/\/www.unigirona.cat\/spar-girona-tanca-la-pretermporada-amb-derrota-2\/#breadcrumb","itemListElement":[{"@type":"ListItem","position":1,"name":"Portada","item":"https:\/\/www.unigirona.cat\/"},{"@type":"ListItem","position":2,"name":"ROBERTO \u00cd\u00d1IGUEZ VALORA LA PRETEMPORADA DE L&#8217;UNI GIRONA"}]},{"@type":"WebSite","@id":"https:\/\/www.unigirona.cat\/#website","url":"https:\/\/www.unigirona.cat\/","name":"Spar Girona","description":"","potentialAction":[{"@type":"SearchAction","target":{"@type":"EntryPoint","urlTemplate":"https:\/\/www.unigirona.cat\/?s={search_term_string}"},"query-input":{"@type":"PropertyValueSpecification","valueRequired":true,"valueName":"search_term_string"}}],"inLanguage":"en-US"},{"@type":"Person","@id":"https:\/\/www.unigirona.cat\/#\/schema\/person\/4ea1ec9eb07c69de4fc90d4276a64a8a","name":"infoself","image":{"@type":"ImageObject","inLanguage":"en-US","@id":"https:\/\/www.unigirona.cat\/#\/schema\/person\/image\/","url":"https:\/\/secure.gravatar.com\/avatar\/80afa8d5c12786a1d498779176a5a726?s=96&d=mm&r=g","contentUrl":"https:\/\/secure.gravatar.com\/avatar\/80afa8d5c12786a1d498779176a5a726?s=96&d=mm&r=g","caption":"infoself"},"sameAs":["http:\/\/www.unigirona.cat"],"url":"https:\/\/www.unigirona.cat\/en\/author\/infoself\/"}]}},"_links":{"self":[{"href":"https:\/\/www.unigirona.cat\/en\/wp-json\/wp\/v2\/posts\/39171"}],"collection":[{"href":"https:\/\/www.unigirona.cat\/en\/wp-json\/wp\/v2\/posts"}],"about":[{"href":"https:\/\/www.unigirona.cat\/en\/wp-json\/wp\/v2\/types\/post"}],"author":[{"embeddable":true,"href":"https:\/\/www.unigirona.cat\/en\/wp-json\/wp\/v2\/users\/1"}],"replies":[{"embeddable":true,"href":"https:\/\/www.unigirona.cat\/en\/wp-json\/wp\/v2\/comments?post=39171"}],"version-history":[{"count":1,"href":"https:\/\/www.unigirona.cat\/en\/wp-json\/wp\/v2\/posts\/39171\/revisions"}],"predecessor-version":[{"id":39173,"href":"https:\/\/www.unigirona.cat\/en\/wp-json\/wp\/v2\/posts\/39171\/revisions\/39173"}],"wp:featuredmedia":[{"embeddable":true,"href":"https:\/\/www.unigirona.cat\/en\/wp-json\/wp\/v2\/media\/39172"}],"wp:attachment":[{"href":"https:\/\/www.unigirona.cat\/en\/wp-json\/wp\/v2\/media?parent=39171"}],"wp:term":[{"taxonomy":"category","embeddable":true,"href":"https:\/\/www.unigirona.cat\/en\/wp-json\/wp\/v2\/categories?post=39171"},{"taxonomy":"post_tag","embeddable":true,"href":"https:\/\/www.unigirona.cat\/en\/wp-json\/wp\/v2\/tags?post=39171"}],"curies":[{"name":"wp","href":"https:\/\/api.w.org\/{rel}","templated":true}]}}