{"id":41122,"date":"2024-12-09T13:09:58","date_gmt":"2024-12-09T12:09:58","guid":{"rendered":"https:\/\/www.unigirona.cat\/la-llibreta-del-partit-spar-girona-vs-idk-euskotren\/"},"modified":"2025-01-02T12:41:03","modified_gmt":"2025-01-02T11:41:03","slug":"la-llibreta-del-partit-spar-girona-vs-idk-euskotren","status":"publish","type":"post","link":"https:\/\/www.unigirona.cat\/en\/la-llibreta-del-partit-spar-girona-vs-idk-euskotren\/","title":{"rendered":"THE MATCH BOOKLET: SPAR GIRONA VS IDK EUSKOTREN"},"content":{"rendered":"<p>Talking about IDK Euskotren is talking about a very demanding match. Possibly, the IDK squad is one of the best that has been reinforced for this 24-25 campaign.<\/p><p>It is true that the Basques did not start on the best possible foot and for some days occupied the last position of the LF Endesa -also conditioned by the postponed match against Valencia Basket-, but the dynamics of Muguruza&#8217;s team have changed in recent matches: on matchday 7 they overcame Os\u00e9s Construcci\u00f3n (66-93), while on matchday 8 they prevailed over Cad\u00ed La Seu by a tight 77 to 73. It should be noted that on matchday 9 they competed against Casademont Zaragoza until the last quarter, losing in Pr\u00edncipe Felipe by 75 to 61.<\/p><p>It should be noted that IDK is also playing in the EuroCup Women, finishing first in group C (6 to 0). If we talk about the squad, we are talking about well-known names. This season, Ros\u00f3 Buch has swapped Gernika for Donostia. The former captain of Spar is fundamental in the Basque attack, contributing 10.3 points and 7.4 rating per game. Washington is also a great threat with 9.3 points per game, although she is not showing much success from long distance. The Swede Halvarsson, Pendande and Massey are key in the interior game, providing the physical difference in the team.<\/p><p>If we look at the history of last season, they are positive for Spar Girona: in the match in Fontajau, the Girona team won by 63 to 50, while in San Sebasti\u00e0 we came out on top, achieving a convincing victory by 57 to 78.<\/p>","protected":false},"excerpt":{"rendered":"<p>Talking about IDK Euskotren is talking about a very demanding match. Possibly, the IDK squad is one of the best that has been reinforced for this 24-25 campaign. It is true that the Basques did not start on the best possible foot and for some days occupied the last position of the LF Endesa -also [&hellip;]<\/p>\n","protected":false},"author":2,"featured_media":40833,"comment_status":"closed","ping_status":"open","sticky":false,"template":"","format":"standard","meta":{"footnotes":""},"categories":[859,848],"tags":[],"class_list":["post-41122","post","type-post","status-publish","format-standard","has-post-thumbnail","hentry","category-lf-endesa-en","category-uncategorized"],"yoast_head":"<!-- This site is optimized with the Yoast SEO plugin v25.1 - https:\/\/yoast.com\/wordpress\/plugins\/seo\/ -->\n<title>THE MATCH BOOKLET: SPAR GIRONA VS IDK EUSKOTREN - UNI B\u00e0squet Girona<\/title>\n<meta name=\"robots\" content=\"index, follow, max-snippet:-1, max-image-preview:large, max-video-preview:-1\" \/>\n<link rel=\"canonical\" href=\"https:\/\/www.unigirona.cat\/en\/la-llibreta-del-partit-spar-girona-vs-idk-euskotren\/\" \/>\n<meta property=\"og:locale\" content=\"en_US\" \/>\n<meta property=\"og:type\" content=\"article\" \/>\n<meta property=\"og:title\" content=\"THE MATCH BOOKLET: SPAR GIRONA VS IDK EUSKOTREN - UNI B\u00e0squet Girona\" \/>\n<meta property=\"og:description\" content=\"Talking about IDK Euskotren is talking about a very demanding match. Possibly, the IDK squad is one of the best that has been reinforced for this 24-25 campaign. It is true that the Basques did not start on the best possible foot and for some days occupied the last position of the LF Endesa -also [&hellip;]\" \/>\n<meta property=\"og:url\" content=\"https:\/\/www.unigirona.cat\/en\/la-llibreta-del-partit-spar-girona-vs-idk-euskotren\/\" \/>\n<meta property=\"og:site_name\" content=\"UNI B\u00e0squet Girona\" \/>\n<meta property=\"article:published_time\" content=\"2024-12-09T12:09:58+00:00\" \/>\n<meta property=\"article:modified_time\" content=\"2025-01-02T11:41:03+00:00\" \/>\n<meta property=\"og:image\" content=\"http:\/\/www.unigirona.cat\/wp-content\/uploads\/2024\/12\/WhatsApp-Image-2024-12-09-at-13.08.18.jpeg\" \/>\n\t<meta property=\"og:image:width\" content=\"1600\" \/>\n\t<meta property=\"og:image:height\" content=\"900\" \/>\n\t<meta property=\"og:image:type\" content=\"image\/jpeg\" \/>\n<meta name=\"author\" content=\"premsa\" \/>\n<meta name=\"twitter:card\" content=\"summary_large_image\" \/>\n<meta name=\"twitter:label1\" content=\"Written by\" \/>\n\t<meta name=\"twitter:data1\" content=\"premsa\" \/>\n\t<meta name=\"twitter:label2\" content=\"Est. reading time\" \/>\n\t<meta name=\"twitter:data2\" content=\"2 minutes\" \/>\n<script type=\"application\/ld+json\" class=\"yoast-schema-graph\">{\"@context\":\"https:\/\/schema.org\",\"@graph\":[{\"@type\":\"WebPage\",\"@id\":\"https:\/\/www.unigirona.cat\/en\/la-llibreta-del-partit-spar-girona-vs-idk-euskotren\/\",\"url\":\"https:\/\/www.unigirona.cat\/en\/la-llibreta-del-partit-spar-girona-vs-idk-euskotren\/\",\"name\":\"THE MATCH BOOKLET: SPAR GIRONA VS IDK EUSKOTREN - UNI B\u00e0squet Girona\",\"isPartOf\":{\"@id\":\"https:\/\/www.unigirona.cat\/#website\"},\"primaryImageOfPage\":{\"@id\":\"https:\/\/www.unigirona.cat\/en\/la-llibreta-del-partit-spar-girona-vs-idk-euskotren\/#primaryimage\"},\"image\":{\"@id\":\"https:\/\/www.unigirona.cat\/en\/la-llibreta-del-partit-spar-girona-vs-idk-euskotren\/#primaryimage\"},\"thumbnailUrl\":\"https:\/\/www.unigirona.cat\/wp-content\/uploads\/2024\/12\/WhatsApp-Image-2024-12-09-at-13.08.18.jpeg\",\"datePublished\":\"2024-12-09T12:09:58+00:00\",\"dateModified\":\"2025-01-02T11:41:03+00:00\",\"author\":{\"@id\":\"https:\/\/www.unigirona.cat\/#\/schema\/person\/475ba176dc25b40920d6ebae4b40d2fb\"},\"breadcrumb\":{\"@id\":\"https:\/\/www.unigirona.cat\/en\/la-llibreta-del-partit-spar-girona-vs-idk-euskotren\/#breadcrumb\"},\"inLanguage\":\"en-US\",\"potentialAction\":[{\"@type\":\"ReadAction\",\"target\":[\"https:\/\/www.unigirona.cat\/en\/la-llibreta-del-partit-spar-girona-vs-idk-euskotren\/\"]}]},{\"@type\":\"ImageObject\",\"inLanguage\":\"en-US\",\"@id\":\"https:\/\/www.unigirona.cat\/en\/la-llibreta-del-partit-spar-girona-vs-idk-euskotren\/#primaryimage\",\"url\":\"https:\/\/www.unigirona.cat\/wp-content\/uploads\/2024\/12\/WhatsApp-Image-2024-12-09-at-13.08.18.jpeg\",\"contentUrl\":\"https:\/\/www.unigirona.cat\/wp-content\/uploads\/2024\/12\/WhatsApp-Image-2024-12-09-at-13.08.18.jpeg\",\"width\":1600,\"height\":900},{\"@type\":\"BreadcrumbList\",\"@id\":\"https:\/\/www.unigirona.cat\/en\/la-llibreta-del-partit-spar-girona-vs-idk-euskotren\/#breadcrumb\",\"itemListElement\":[{\"@type\":\"ListItem\",\"position\":1,\"name\":\"Portada\",\"item\":\"https:\/\/www.unigirona.cat\/\"},{\"@type\":\"ListItem\",\"position\":2,\"name\":\"THE MATCH BOOKLET: SPAR GIRONA VS IDK EUSKOTREN\"}]},{\"@type\":\"WebSite\",\"@id\":\"https:\/\/www.unigirona.cat\/#website\",\"url\":\"https:\/\/www.unigirona.cat\/\",\"name\":\"Spar Girona\",\"description\":\"\",\"potentialAction\":[{\"@type\":\"SearchAction\",\"target\":{\"@type\":\"EntryPoint\",\"urlTemplate\":\"https:\/\/www.unigirona.cat\/?s={search_term_string}\"},\"query-input\":{\"@type\":\"PropertyValueSpecification\",\"valueRequired\":true,\"valueName\":\"search_term_string\"}}],\"inLanguage\":\"en-US\"},{\"@type\":\"Person\",\"@id\":\"https:\/\/www.unigirona.cat\/#\/schema\/person\/475ba176dc25b40920d6ebae4b40d2fb\",\"name\":\"premsa\",\"image\":{\"@type\":\"ImageObject\",\"inLanguage\":\"en-US\",\"@id\":\"https:\/\/www.unigirona.cat\/#\/schema\/person\/image\/\",\"url\":\"https:\/\/secure.gravatar.com\/avatar\/aaa70a46dde13fc461ebe5bc96d2c4be?s=96&d=mm&r=g\",\"contentUrl\":\"https:\/\/secure.gravatar.com\/avatar\/aaa70a46dde13fc461ebe5bc96d2c4be?s=96&d=mm&r=g\",\"caption\":\"premsa\"},\"url\":\"https:\/\/www.unigirona.cat\/en\/author\/premsa\/\"}]}<\/script>\n<!-- \/ Yoast SEO plugin. -->","yoast_head_json":{"title":"THE MATCH BOOKLET: SPAR GIRONA VS IDK EUSKOTREN - UNI B\u00e0squet Girona","robots":{"index":"index","follow":"follow","max-snippet":"max-snippet:-1","max-image-preview":"max-image-preview:large","max-video-preview":"max-video-preview:-1"},"canonical":"https:\/\/www.unigirona.cat\/en\/la-llibreta-del-partit-spar-girona-vs-idk-euskotren\/","og_locale":"en_US","og_type":"article","og_title":"THE MATCH BOOKLET: SPAR GIRONA VS IDK EUSKOTREN - UNI B\u00e0squet Girona","og_description":"Talking about IDK Euskotren is talking about a very demanding match. Possibly, the IDK squad is one of the best that has been reinforced for this 24-25 campaign. It is true that the Basques did not start on the best possible foot and for some days occupied the last position of the LF Endesa -also [&hellip;]","og_url":"https:\/\/www.unigirona.cat\/en\/la-llibreta-del-partit-spar-girona-vs-idk-euskotren\/","og_site_name":"UNI B\u00e0squet Girona","article_published_time":"2024-12-09T12:09:58+00:00","article_modified_time":"2025-01-02T11:41:03+00:00","og_image":[{"width":1600,"height":900,"url":"http:\/\/www.unigirona.cat\/wp-content\/uploads\/2024\/12\/WhatsApp-Image-2024-12-09-at-13.08.18.jpeg","type":"image\/jpeg"}],"author":"premsa","twitter_card":"summary_large_image","twitter_misc":{"Written by":"premsa","Est. reading time":"2 minutes"},"schema":{"@context":"https:\/\/schema.org","@graph":[{"@type":"WebPage","@id":"https:\/\/www.unigirona.cat\/en\/la-llibreta-del-partit-spar-girona-vs-idk-euskotren\/","url":"https:\/\/www.unigirona.cat\/en\/la-llibreta-del-partit-spar-girona-vs-idk-euskotren\/","name":"THE MATCH BOOKLET: SPAR GIRONA VS IDK EUSKOTREN - UNI B\u00e0squet Girona","isPartOf":{"@id":"https:\/\/www.unigirona.cat\/#website"},"primaryImageOfPage":{"@id":"https:\/\/www.unigirona.cat\/en\/la-llibreta-del-partit-spar-girona-vs-idk-euskotren\/#primaryimage"},"image":{"@id":"https:\/\/www.unigirona.cat\/en\/la-llibreta-del-partit-spar-girona-vs-idk-euskotren\/#primaryimage"},"thumbnailUrl":"https:\/\/www.unigirona.cat\/wp-content\/uploads\/2024\/12\/WhatsApp-Image-2024-12-09-at-13.08.18.jpeg","datePublished":"2024-12-09T12:09:58+00:00","dateModified":"2025-01-02T11:41:03+00:00","author":{"@id":"https:\/\/www.unigirona.cat\/#\/schema\/person\/475ba176dc25b40920d6ebae4b40d2fb"},"breadcrumb":{"@id":"https:\/\/www.unigirona.cat\/en\/la-llibreta-del-partit-spar-girona-vs-idk-euskotren\/#breadcrumb"},"inLanguage":"en-US","potentialAction":[{"@type":"ReadAction","target":["https:\/\/www.unigirona.cat\/en\/la-llibreta-del-partit-spar-girona-vs-idk-euskotren\/"]}]},{"@type":"ImageObject","inLanguage":"en-US","@id":"https:\/\/www.unigirona.cat\/en\/la-llibreta-del-partit-spar-girona-vs-idk-euskotren\/#primaryimage","url":"https:\/\/www.unigirona.cat\/wp-content\/uploads\/2024\/12\/WhatsApp-Image-2024-12-09-at-13.08.18.jpeg","contentUrl":"https:\/\/www.unigirona.cat\/wp-content\/uploads\/2024\/12\/WhatsApp-Image-2024-12-09-at-13.08.18.jpeg","width":1600,"height":900},{"@type":"BreadcrumbList","@id":"https:\/\/www.unigirona.cat\/en\/la-llibreta-del-partit-spar-girona-vs-idk-euskotren\/#breadcrumb","itemListElement":[{"@type":"ListItem","position":1,"name":"Portada","item":"https:\/\/www.unigirona.cat\/"},{"@type":"ListItem","position":2,"name":"THE MATCH BOOKLET: SPAR GIRONA VS IDK EUSKOTREN"}]},{"@type":"WebSite","@id":"https:\/\/www.unigirona.cat\/#website","url":"https:\/\/www.unigirona.cat\/","name":"Spar Girona","description":"","potentialAction":[{"@type":"SearchAction","target":{"@type":"EntryPoint","urlTemplate":"https:\/\/www.unigirona.cat\/?s={search_term_string}"},"query-input":{"@type":"PropertyValueSpecification","valueRequired":true,"valueName":"search_term_string"}}],"inLanguage":"en-US"},{"@type":"Person","@id":"https:\/\/www.unigirona.cat\/#\/schema\/person\/475ba176dc25b40920d6ebae4b40d2fb","name":"premsa","image":{"@type":"ImageObject","inLanguage":"en-US","@id":"https:\/\/www.unigirona.cat\/#\/schema\/person\/image\/","url":"https:\/\/secure.gravatar.com\/avatar\/aaa70a46dde13fc461ebe5bc96d2c4be?s=96&d=mm&r=g","contentUrl":"https:\/\/secure.gravatar.com\/avatar\/aaa70a46dde13fc461ebe5bc96d2c4be?s=96&d=mm&r=g","caption":"premsa"},"url":"https:\/\/www.unigirona.cat\/en\/author\/premsa\/"}]}},"_links":{"self":[{"href":"https:\/\/www.unigirona.cat\/en\/wp-json\/wp\/v2\/posts\/41122"}],"collection":[{"href":"https:\/\/www.unigirona.cat\/en\/wp-json\/wp\/v2\/posts"}],"about":[{"href":"https:\/\/www.unigirona.cat\/en\/wp-json\/wp\/v2\/types\/post"}],"author":[{"embeddable":true,"href":"https:\/\/www.unigirona.cat\/en\/wp-json\/wp\/v2\/users\/2"}],"replies":[{"embeddable":true,"href":"https:\/\/www.unigirona.cat\/en\/wp-json\/wp\/v2\/comments?post=41122"}],"version-history":[{"count":2,"href":"https:\/\/www.unigirona.cat\/en\/wp-json\/wp\/v2\/posts\/41122\/revisions"}],"predecessor-version":[{"id":41161,"href":"https:\/\/www.unigirona.cat\/en\/wp-json\/wp\/v2\/posts\/41122\/revisions\/41161"}],"wp:featuredmedia":[{"embeddable":true,"href":"https:\/\/www.unigirona.cat\/en\/wp-json\/wp\/v2\/media\/40833"}],"wp:attachment":[{"href":"https:\/\/www.unigirona.cat\/en\/wp-json\/wp\/v2\/media?parent=41122"}],"wp:term":[{"taxonomy":"category","embeddable":true,"href":"https:\/\/www.unigirona.cat\/en\/wp-json\/wp\/v2\/categories?post=41122"},{"taxonomy":"post_tag","embeddable":true,"href":"https:\/\/www.unigirona.cat\/en\/wp-json\/wp\/v2\/tags?post=41122"}],"curies":[{"name":"wp","href":"https:\/\/api.w.org\/{rel}","templated":true}]}}