{"id":41620,"date":"2025-01-03T13:12:33","date_gmt":"2025-01-03T12:12:33","guid":{"rendered":"https:\/\/www.unigirona.cat\/?p=41620"},"modified":"2025-01-03T13:12:36","modified_gmt":"2025-01-03T12:12:36","slug":"un-gener-frenetic","status":"publish","type":"post","link":"https:\/\/www.unigirona.cat\/en\/un-gener-frenetic\/","title":{"rendered":"Un gener fren\u00e8tic"},"content":{"rendered":"<p>El canvi d\u2019any no altera res: l\u2019Spar Girona afronta un mes de gener molt complicat, amb un total de set partits i diversos viatges.<\/p><p>Les gironines inicien l\u2019any amb el cl\u00e0ssic de la lliga, que es disputar\u00e0 el 4 de gener. Tot seguit, viatgen a Hongria per jugar el partit d\u2019anada dels vuitens de final (9 de gener). El 12 de gener, les jugadores de Roberto \u00cd\u00f1iguez visiten el Celta en la jornada 16 de la lliga. Pocs dies despr\u00e9s, tornen a enfrontar-se al Pecs per tancar els vuitens de final a Fontajau (16 de gener).<\/p><p>Tres dies m\u00e9s tard, l\u2019equip torna a Gal\u00edcia per jugar contra el Baxi Ferrol (19 de gener). L\u2019\u00faltim partit a casa ser\u00e0 el 26 de gener, contra el Gernika Bizkaia, en un duel que suposar\u00e0 el retorn d\u2019Irati Etxarri a Girona. Finalment, el 31 de gener, les gironines tanquen el mes jugant contra l\u2019Estudiantes.<\/p><p>En total, l\u2019Spar Girona disputar\u00e0 set enfrontaments abans de l\u2019aturada FIBA, obligada pels compromisos amb les seleccions nacionals.<\/p>","protected":false},"excerpt":{"rendered":"<p>El canvi d\u2019any no altera res: l\u2019Spar Girona afronta un mes de gener molt complicat, amb un total de set partits i diversos viatges. Les gironines inicien l\u2019any amb el cl\u00e0ssic de la lliga, que es disputar\u00e0 el 4 de gener. Tot seguit, viatgen a Hongria per jugar el partit d\u2019anada dels vuitens de final [&hellip;]<\/p>\n","protected":false},"author":2,"featured_media":41627,"comment_status":"open","ping_status":"open","sticky":false,"template":"","format":"standard","meta":{"footnotes":""},"categories":[397,542],"tags":[],"class_list":["post-41620","post","type-post","status-publish","format-standard","has-post-thumbnail","hentry","category-eruocup-women","category-lf-endesa"],"yoast_head":"<!-- This site is optimized with the Yoast SEO plugin v25.1 - https:\/\/yoast.com\/wordpress\/plugins\/seo\/ -->\n<title>Un gener fren\u00e8tic - UNI B\u00e0squet Girona<\/title>\n<meta name=\"robots\" content=\"index, follow, max-snippet:-1, max-image-preview:large, max-video-preview:-1\" \/>\n<link rel=\"canonical\" href=\"https:\/\/www.unigirona.cat\/un-gener-frenetic\/\" \/>\n<meta property=\"og:locale\" content=\"en_US\" \/>\n<meta property=\"og:type\" content=\"article\" \/>\n<meta property=\"og:title\" content=\"Un gener fren\u00e8tic - UNI B\u00e0squet Girona\" \/>\n<meta property=\"og:description\" content=\"El canvi d\u2019any no altera res: l\u2019Spar Girona afronta un mes de gener molt complicat, amb un total de set partits i diversos viatges. Les gironines inicien l\u2019any amb el cl\u00e0ssic de la lliga, que es disputar\u00e0 el 4 de gener. Tot seguit, viatgen a Hongria per jugar el partit d\u2019anada dels vuitens de final [&hellip;]\" \/>\n<meta property=\"og:url\" content=\"https:\/\/www.unigirona.cat\/un-gener-frenetic\/\" \/>\n<meta property=\"og:site_name\" content=\"UNI B\u00e0squet Girona\" \/>\n<meta property=\"article:published_time\" content=\"2025-01-03T12:12:33+00:00\" \/>\n<meta property=\"article:modified_time\" content=\"2025-01-03T12:12:36+00:00\" \/>\n<meta property=\"og:image\" content=\"http:\/\/www.unigirona.cat\/wp-content\/uploads\/2025\/01\/WhatsApp-Image-2024-10-15-at-17.41.26.jpeg\" \/>\n\t<meta property=\"og:image:width\" content=\"3046\" \/>\n\t<meta property=\"og:image:height\" content=\"3807\" \/>\n\t<meta property=\"og:image:type\" content=\"image\/jpeg\" \/>\n<meta name=\"author\" content=\"premsa\" \/>\n<meta name=\"twitter:card\" content=\"summary_large_image\" \/>\n<meta name=\"twitter:label1\" content=\"Written by\" \/>\n\t<meta name=\"twitter:data1\" content=\"premsa\" \/>\n\t<meta name=\"twitter:label2\" content=\"Est. reading time\" \/>\n\t<meta name=\"twitter:data2\" content=\"2 minutes\" \/>\n<script type=\"application\/ld+json\" class=\"yoast-schema-graph\">{\"@context\":\"https:\/\/schema.org\",\"@graph\":[{\"@type\":\"WebPage\",\"@id\":\"https:\/\/www.unigirona.cat\/un-gener-frenetic\/\",\"url\":\"https:\/\/www.unigirona.cat\/un-gener-frenetic\/\",\"name\":\"Un gener fren\u00e8tic - UNI B\u00e0squet Girona\",\"isPartOf\":{\"@id\":\"https:\/\/www.unigirona.cat\/#website\"},\"primaryImageOfPage\":{\"@id\":\"https:\/\/www.unigirona.cat\/un-gener-frenetic\/#primaryimage\"},\"image\":{\"@id\":\"https:\/\/www.unigirona.cat\/un-gener-frenetic\/#primaryimage\"},\"thumbnailUrl\":\"https:\/\/www.unigirona.cat\/wp-content\/uploads\/2025\/01\/WhatsApp-Image-2024-10-15-at-17.41.26.jpeg\",\"datePublished\":\"2025-01-03T12:12:33+00:00\",\"dateModified\":\"2025-01-03T12:12:36+00:00\",\"author\":{\"@id\":\"https:\/\/www.unigirona.cat\/#\/schema\/person\/475ba176dc25b40920d6ebae4b40d2fb\"},\"breadcrumb\":{\"@id\":\"https:\/\/www.unigirona.cat\/un-gener-frenetic\/#breadcrumb\"},\"inLanguage\":\"en-US\",\"potentialAction\":[{\"@type\":\"ReadAction\",\"target\":[\"https:\/\/www.unigirona.cat\/un-gener-frenetic\/\"]}]},{\"@type\":\"ImageObject\",\"inLanguage\":\"en-US\",\"@id\":\"https:\/\/www.unigirona.cat\/un-gener-frenetic\/#primaryimage\",\"url\":\"https:\/\/www.unigirona.cat\/wp-content\/uploads\/2025\/01\/WhatsApp-Image-2024-10-15-at-17.41.26.jpeg\",\"contentUrl\":\"https:\/\/www.unigirona.cat\/wp-content\/uploads\/2025\/01\/WhatsApp-Image-2024-10-15-at-17.41.26.jpeg\",\"width\":3046,\"height\":3807},{\"@type\":\"BreadcrumbList\",\"@id\":\"https:\/\/www.unigirona.cat\/un-gener-frenetic\/#breadcrumb\",\"itemListElement\":[{\"@type\":\"ListItem\",\"position\":1,\"name\":\"Portada\",\"item\":\"https:\/\/www.unigirona.cat\/\"},{\"@type\":\"ListItem\",\"position\":2,\"name\":\"Un gener fren\u00e8tic\"}]},{\"@type\":\"WebSite\",\"@id\":\"https:\/\/www.unigirona.cat\/#website\",\"url\":\"https:\/\/www.unigirona.cat\/\",\"name\":\"Spar Girona\",\"description\":\"\",\"potentialAction\":[{\"@type\":\"SearchAction\",\"target\":{\"@type\":\"EntryPoint\",\"urlTemplate\":\"https:\/\/www.unigirona.cat\/?s={search_term_string}\"},\"query-input\":{\"@type\":\"PropertyValueSpecification\",\"valueRequired\":true,\"valueName\":\"search_term_string\"}}],\"inLanguage\":\"en-US\"},{\"@type\":\"Person\",\"@id\":\"https:\/\/www.unigirona.cat\/#\/schema\/person\/475ba176dc25b40920d6ebae4b40d2fb\",\"name\":\"premsa\",\"image\":{\"@type\":\"ImageObject\",\"inLanguage\":\"en-US\",\"@id\":\"https:\/\/www.unigirona.cat\/#\/schema\/person\/image\/\",\"url\":\"https:\/\/secure.gravatar.com\/avatar\/aaa70a46dde13fc461ebe5bc96d2c4be?s=96&d=mm&r=g\",\"contentUrl\":\"https:\/\/secure.gravatar.com\/avatar\/aaa70a46dde13fc461ebe5bc96d2c4be?s=96&d=mm&r=g\",\"caption\":\"premsa\"},\"url\":\"https:\/\/www.unigirona.cat\/en\/author\/premsa\/\"}]}<\/script>\n<!-- \/ Yoast SEO plugin. -->","yoast_head_json":{"title":"Un gener fren\u00e8tic - UNI B\u00e0squet Girona","robots":{"index":"index","follow":"follow","max-snippet":"max-snippet:-1","max-image-preview":"max-image-preview:large","max-video-preview":"max-video-preview:-1"},"canonical":"https:\/\/www.unigirona.cat\/un-gener-frenetic\/","og_locale":"en_US","og_type":"article","og_title":"Un gener fren\u00e8tic - UNI B\u00e0squet Girona","og_description":"El canvi d\u2019any no altera res: l\u2019Spar Girona afronta un mes de gener molt complicat, amb un total de set partits i diversos viatges. Les gironines inicien l\u2019any amb el cl\u00e0ssic de la lliga, que es disputar\u00e0 el 4 de gener. Tot seguit, viatgen a Hongria per jugar el partit d\u2019anada dels vuitens de final [&hellip;]","og_url":"https:\/\/www.unigirona.cat\/un-gener-frenetic\/","og_site_name":"UNI B\u00e0squet Girona","article_published_time":"2025-01-03T12:12:33+00:00","article_modified_time":"2025-01-03T12:12:36+00:00","og_image":[{"width":3046,"height":3807,"url":"http:\/\/www.unigirona.cat\/wp-content\/uploads\/2025\/01\/WhatsApp-Image-2024-10-15-at-17.41.26.jpeg","type":"image\/jpeg"}],"author":"premsa","twitter_card":"summary_large_image","twitter_misc":{"Written by":"premsa","Est. reading time":"2 minutes"},"schema":{"@context":"https:\/\/schema.org","@graph":[{"@type":"WebPage","@id":"https:\/\/www.unigirona.cat\/un-gener-frenetic\/","url":"https:\/\/www.unigirona.cat\/un-gener-frenetic\/","name":"Un gener fren\u00e8tic - UNI B\u00e0squet Girona","isPartOf":{"@id":"https:\/\/www.unigirona.cat\/#website"},"primaryImageOfPage":{"@id":"https:\/\/www.unigirona.cat\/un-gener-frenetic\/#primaryimage"},"image":{"@id":"https:\/\/www.unigirona.cat\/un-gener-frenetic\/#primaryimage"},"thumbnailUrl":"https:\/\/www.unigirona.cat\/wp-content\/uploads\/2025\/01\/WhatsApp-Image-2024-10-15-at-17.41.26.jpeg","datePublished":"2025-01-03T12:12:33+00:00","dateModified":"2025-01-03T12:12:36+00:00","author":{"@id":"https:\/\/www.unigirona.cat\/#\/schema\/person\/475ba176dc25b40920d6ebae4b40d2fb"},"breadcrumb":{"@id":"https:\/\/www.unigirona.cat\/un-gener-frenetic\/#breadcrumb"},"inLanguage":"en-US","potentialAction":[{"@type":"ReadAction","target":["https:\/\/www.unigirona.cat\/un-gener-frenetic\/"]}]},{"@type":"ImageObject","inLanguage":"en-US","@id":"https:\/\/www.unigirona.cat\/un-gener-frenetic\/#primaryimage","url":"https:\/\/www.unigirona.cat\/wp-content\/uploads\/2025\/01\/WhatsApp-Image-2024-10-15-at-17.41.26.jpeg","contentUrl":"https:\/\/www.unigirona.cat\/wp-content\/uploads\/2025\/01\/WhatsApp-Image-2024-10-15-at-17.41.26.jpeg","width":3046,"height":3807},{"@type":"BreadcrumbList","@id":"https:\/\/www.unigirona.cat\/un-gener-frenetic\/#breadcrumb","itemListElement":[{"@type":"ListItem","position":1,"name":"Portada","item":"https:\/\/www.unigirona.cat\/"},{"@type":"ListItem","position":2,"name":"Un gener fren\u00e8tic"}]},{"@type":"WebSite","@id":"https:\/\/www.unigirona.cat\/#website","url":"https:\/\/www.unigirona.cat\/","name":"Spar Girona","description":"","potentialAction":[{"@type":"SearchAction","target":{"@type":"EntryPoint","urlTemplate":"https:\/\/www.unigirona.cat\/?s={search_term_string}"},"query-input":{"@type":"PropertyValueSpecification","valueRequired":true,"valueName":"search_term_string"}}],"inLanguage":"en-US"},{"@type":"Person","@id":"https:\/\/www.unigirona.cat\/#\/schema\/person\/475ba176dc25b40920d6ebae4b40d2fb","name":"premsa","image":{"@type":"ImageObject","inLanguage":"en-US","@id":"https:\/\/www.unigirona.cat\/#\/schema\/person\/image\/","url":"https:\/\/secure.gravatar.com\/avatar\/aaa70a46dde13fc461ebe5bc96d2c4be?s=96&d=mm&r=g","contentUrl":"https:\/\/secure.gravatar.com\/avatar\/aaa70a46dde13fc461ebe5bc96d2c4be?s=96&d=mm&r=g","caption":"premsa"},"url":"https:\/\/www.unigirona.cat\/en\/author\/premsa\/"}]}},"_links":{"self":[{"href":"https:\/\/www.unigirona.cat\/en\/wp-json\/wp\/v2\/posts\/41620"}],"collection":[{"href":"https:\/\/www.unigirona.cat\/en\/wp-json\/wp\/v2\/posts"}],"about":[{"href":"https:\/\/www.unigirona.cat\/en\/wp-json\/wp\/v2\/types\/post"}],"author":[{"embeddable":true,"href":"https:\/\/www.unigirona.cat\/en\/wp-json\/wp\/v2\/users\/2"}],"replies":[{"embeddable":true,"href":"https:\/\/www.unigirona.cat\/en\/wp-json\/wp\/v2\/comments?post=41620"}],"version-history":[{"count":2,"href":"https:\/\/www.unigirona.cat\/en\/wp-json\/wp\/v2\/posts\/41620\/revisions"}],"predecessor-version":[{"id":41630,"href":"https:\/\/www.unigirona.cat\/en\/wp-json\/wp\/v2\/posts\/41620\/revisions\/41630"}],"wp:featuredmedia":[{"embeddable":true,"href":"https:\/\/www.unigirona.cat\/en\/wp-json\/wp\/v2\/media\/41627"}],"wp:attachment":[{"href":"https:\/\/www.unigirona.cat\/en\/wp-json\/wp\/v2\/media?parent=41620"}],"wp:term":[{"taxonomy":"category","embeddable":true,"href":"https:\/\/www.unigirona.cat\/en\/wp-json\/wp\/v2\/categories?post=41620"},{"taxonomy":"post_tag","embeddable":true,"href":"https:\/\/www.unigirona.cat\/en\/wp-json\/wp\/v2\/tags?post=41620"}],"curies":[{"name":"wp","href":"https:\/\/api.w.org\/{rel}","templated":true}]}}