{"id":41648,"date":"2025-01-04T20:59:21","date_gmt":"2025-01-04T19:59:21","guid":{"rendered":"https:\/\/www.unigirona.cat\/?p=41648"},"modified":"2025-01-08T11:25:19","modified_gmt":"2025-01-08T10:25:19","slug":"lavenida-guanya-el-classic-de-la-lf-endesa","status":"publish","type":"post","link":"https:\/\/www.unigirona.cat\/en\/lavenida-guanya-el-classic-de-la-lf-endesa\/","title":{"rendered":"L&#8217;AVENIDA GUANYA EL CL\u00c0SSIC DE LA LF ENDESA"},"content":{"rendered":"<p>L\u2019Spar Girona no ha pogut comen\u00e7ar l\u2019any amb bon peu i ha caigut davant el Perfumer\u00edas Avenida en un partit molt disputat. Les gironines han anat a remolc de les castellanes durant tot l&#8217;enfrontament, sense aconseguir capgirar la din\u00e0mica, i han acabat cedint per un marcador final de 58-71.<\/p><p>Un Perfumer\u00edas Avenida molt s\u00f2lid en defensa ha sabut marcar el ritme del partit gr\u00e0cies a un joc intel\u00b7ligent, amb atacs focalitzats sota cistella i un triple d\u2019Iyana Mart\u00edn (5 punts) que ha for\u00e7at Roberto \u00cd\u00f1iguez a demanar temps mort a l\u2019equador del primer quart (2-9). L\u2019Uni Girona no ha trobat l\u2019encert necessari per reaccionar, mentre que el domini del rebot ofensiu per part de l\u2019equip visitant ha ampliat l\u2019avantatge fins al 2-15. Tot i aix\u00f2, l\u2019Spar ha trobat un petit alleujament amb un triple de Bibby i dos tirs lliures convertits per Canella, que han escur\u00e7at lleugerament la dist\u00e0ncia en el marcador. No obstant aix\u00f2, una \u00faltima cistella de Gil ha deixat el resultat del primer per\u00edode en un contundent 7-17.<\/p><p>Tot i la cistella inicial de Fasoula a la pintura, la reacci\u00f3 de l\u2019Spar ha estat immediata gr\u00e0cies a dos triples consecutius de Laura Guerrero i les accions encertades d\u2019Ygueravide i Canella, que han ajustat el marcador fins al 17-21. Per\u00f2 el temps mort demanat per Monta\u00f1ana ha canviat el ritme del partit, ja que les visitants han respost amb contund\u00e8ncia, aprofitant les imprecisions de l\u2019Uni en atac per tornar a obrir una escletxa (19-28). Malgrat tot, dos triples consecutius de Bibby han fet ren\u00e9ixer les gironines, que s\u2019han tornat a situar a nom\u00e9s tres punts de difer\u00e8ncia, obligant Monta\u00f1ana a aturar el partit novament (25-28). Per\u00f2 l\u2019Avenida no ha trigat a recuperar el domini gr\u00e0cies a una Carter inspirad\u00edssima (11 punts), que ha assumit el lideratge ofensiu per tornar a donar aire a les castellanes i situar-les amb un avantatge de 27-36.<\/p><p>El pas pels vestidors ha servit per canviar radicalment la imatge de l\u2019Spar Girona, que ha comen\u00e7at el tercer quart amb energia i un parcial de 10-4 que ha ajustat el marcador fins al 37-40. No obstant aix\u00f2, quan millor semblava estar l\u2019Uni, l\u2019Avenida ha sabut respondre amb gran encert des de la llarga dist\u00e0ncia, ampliant novament la difer\u00e8ncia fins al 41-51. Despr\u00e9s del temps mort sol\u00b7licitat per Roberto \u00cd\u00f1iguez, les gironines han recuperat una mica d\u2019oxigen amb un triple de Sandra Ygueravide i una bona acci\u00f3 final de Carol, que han redu\u00eft la difer\u00e8ncia fins al 44-52. Tanmateix, un triple sobre la botzina de Laia Flores ha perm\u00e8s a les castellanes tancar el per\u00edode amb un contundent 46-55.<\/p><p>Fasoula ha inaugurat l\u2019\u00faltim quart amb una cistella sota l\u2019anella, per\u00f2 tres faltes consecutives del Perfumer\u00edas Avenida han tallat en sec el ritme del partit. Aquest moment l\u2019ha aprofitat Roberto \u00cd\u00f1iguez per demanar temps mort quan faltaven 8:52 pel final (46-57). Amb Dom\u00ednguez expulsada per acumulaci\u00f3 de faltes i les visitants en situaci\u00f3 de bonus, les gironines han aprofitat l\u2019oportunitat des del tir lliure, convertint-ne quatre de seguits gr\u00e0cies a Sandra Ygueravide i Carol, reduint la difer\u00e8ncia fins al 50-57. Tot seguit, Fasoula ha respost amb una nova acci\u00f3 a la pintura, per\u00f2 Guerrero ha replicat immediatament amb un encertat tir, cosa que ha obligat Monta\u00f1ana a aturar de nou el partit (52-59). Tot i els intents de l\u2019Uni per mantenir-se en el partit, la superioritat de l\u2019Avenida en el joc interior, especialment al rebot ofensiu, ha acabat marcant la difer\u00e8ncia. Les castellanes han ampliat la seva dist\u00e0ncia fins al 54-65, controlant el ritme fins a assegurar-se la vict\u00f2ria per 58-71.<\/p><p><\/p>","protected":false},"excerpt":{"rendered":"<p>L\u2019Spar Girona no ha pogut comen\u00e7ar l\u2019any amb bon peu i ha caigut davant el Perfumer\u00edas Avenida en un partit molt disputat. Les gironines han anat a remolc de les castellanes durant tot l&#8217;enfrontament, sense aconseguir capgirar la din\u00e0mica, i han acabat cedint per un marcador final de 58-71. Un Perfumer\u00edas Avenida molt s\u00f2lid en [&hellip;]<\/p>\n","protected":false},"author":2,"featured_media":41649,"comment_status":"open","ping_status":"open","sticky":false,"template":"","format":"standard","meta":{"footnotes":""},"categories":[453,542],"tags":[],"class_list":["post-41648","post","type-post","status-publish","format-standard","has-post-thumbnail","hentry","category-cronica","category-lf-endesa"],"yoast_head":"<!-- This site is optimized with the Yoast SEO plugin v25.1 - https:\/\/yoast.com\/wordpress\/plugins\/seo\/ -->\n<title>L&#039;AVENIDA GUANYA EL CL\u00c0SSIC DE LA LF ENDESA - UNI B\u00e0squet Girona<\/title>\n<meta name=\"robots\" content=\"index, follow, max-snippet:-1, max-image-preview:large, max-video-preview:-1\" \/>\n<link rel=\"canonical\" href=\"https:\/\/www.unigirona.cat\/lavenida-guanya-el-classic-de-la-lf-endesa\/\" \/>\n<meta property=\"og:locale\" content=\"en_US\" \/>\n<meta property=\"og:type\" content=\"article\" \/>\n<meta property=\"og:title\" content=\"L&#039;AVENIDA GUANYA EL CL\u00c0SSIC DE LA LF ENDESA - UNI B\u00e0squet Girona\" \/>\n<meta property=\"og:description\" content=\"L\u2019Spar Girona no ha pogut comen\u00e7ar l\u2019any amb bon peu i ha caigut davant el Perfumer\u00edas Avenida en un partit molt disputat. Les gironines han anat a remolc de les castellanes durant tot l&#8217;enfrontament, sense aconseguir capgirar la din\u00e0mica, i han acabat cedint per un marcador final de 58-71. Un Perfumer\u00edas Avenida molt s\u00f2lid en [&hellip;]\" \/>\n<meta property=\"og:url\" content=\"https:\/\/www.unigirona.cat\/lavenida-guanya-el-classic-de-la-lf-endesa\/\" \/>\n<meta property=\"og:site_name\" content=\"UNI B\u00e0squet Girona\" \/>\n<meta property=\"article:published_time\" content=\"2025-01-04T19:59:21+00:00\" \/>\n<meta property=\"article:modified_time\" content=\"2025-01-08T10:25:19+00:00\" \/>\n<meta property=\"og:image\" content=\"http:\/\/www.unigirona.cat\/wp-content\/uploads\/2025\/01\/WhatsApp-Image-2025-01-04-at-19.16.47.jpeg\" \/>\n\t<meta property=\"og:image:width\" content=\"4160\" \/>\n\t<meta property=\"og:image:height\" content=\"2773\" \/>\n\t<meta property=\"og:image:type\" content=\"image\/jpeg\" \/>\n<meta name=\"author\" content=\"premsa\" \/>\n<meta name=\"twitter:card\" content=\"summary_large_image\" \/>\n<meta name=\"twitter:label1\" content=\"Written by\" \/>\n\t<meta name=\"twitter:data1\" content=\"premsa\" \/>\n\t<meta name=\"twitter:label2\" content=\"Est. reading time\" \/>\n\t<meta name=\"twitter:data2\" content=\"4 minutes\" \/>\n<script type=\"application\/ld+json\" class=\"yoast-schema-graph\">{\"@context\":\"https:\/\/schema.org\",\"@graph\":[{\"@type\":\"WebPage\",\"@id\":\"https:\/\/www.unigirona.cat\/lavenida-guanya-el-classic-de-la-lf-endesa\/\",\"url\":\"https:\/\/www.unigirona.cat\/lavenida-guanya-el-classic-de-la-lf-endesa\/\",\"name\":\"L'AVENIDA GUANYA EL CL\u00c0SSIC DE LA LF ENDESA - UNI B\u00e0squet Girona\",\"isPartOf\":{\"@id\":\"https:\/\/www.unigirona.cat\/#website\"},\"primaryImageOfPage\":{\"@id\":\"https:\/\/www.unigirona.cat\/lavenida-guanya-el-classic-de-la-lf-endesa\/#primaryimage\"},\"image\":{\"@id\":\"https:\/\/www.unigirona.cat\/lavenida-guanya-el-classic-de-la-lf-endesa\/#primaryimage\"},\"thumbnailUrl\":\"https:\/\/www.unigirona.cat\/wp-content\/uploads\/2025\/01\/WhatsApp-Image-2025-01-04-at-19.16.47.jpeg\",\"datePublished\":\"2025-01-04T19:59:21+00:00\",\"dateModified\":\"2025-01-08T10:25:19+00:00\",\"author\":{\"@id\":\"https:\/\/www.unigirona.cat\/#\/schema\/person\/475ba176dc25b40920d6ebae4b40d2fb\"},\"breadcrumb\":{\"@id\":\"https:\/\/www.unigirona.cat\/lavenida-guanya-el-classic-de-la-lf-endesa\/#breadcrumb\"},\"inLanguage\":\"en-US\",\"potentialAction\":[{\"@type\":\"ReadAction\",\"target\":[\"https:\/\/www.unigirona.cat\/lavenida-guanya-el-classic-de-la-lf-endesa\/\"]}]},{\"@type\":\"ImageObject\",\"inLanguage\":\"en-US\",\"@id\":\"https:\/\/www.unigirona.cat\/lavenida-guanya-el-classic-de-la-lf-endesa\/#primaryimage\",\"url\":\"https:\/\/www.unigirona.cat\/wp-content\/uploads\/2025\/01\/WhatsApp-Image-2025-01-04-at-19.16.47.jpeg\",\"contentUrl\":\"https:\/\/www.unigirona.cat\/wp-content\/uploads\/2025\/01\/WhatsApp-Image-2025-01-04-at-19.16.47.jpeg\",\"width\":4160,\"height\":2773},{\"@type\":\"BreadcrumbList\",\"@id\":\"https:\/\/www.unigirona.cat\/lavenida-guanya-el-classic-de-la-lf-endesa\/#breadcrumb\",\"itemListElement\":[{\"@type\":\"ListItem\",\"position\":1,\"name\":\"Portada\",\"item\":\"https:\/\/www.unigirona.cat\/\"},{\"@type\":\"ListItem\",\"position\":2,\"name\":\"L&#8217;AVENIDA GUANYA EL CL\u00c0SSIC DE LA LF ENDESA\"}]},{\"@type\":\"WebSite\",\"@id\":\"https:\/\/www.unigirona.cat\/#website\",\"url\":\"https:\/\/www.unigirona.cat\/\",\"name\":\"Spar Girona\",\"description\":\"\",\"potentialAction\":[{\"@type\":\"SearchAction\",\"target\":{\"@type\":\"EntryPoint\",\"urlTemplate\":\"https:\/\/www.unigirona.cat\/?s={search_term_string}\"},\"query-input\":{\"@type\":\"PropertyValueSpecification\",\"valueRequired\":true,\"valueName\":\"search_term_string\"}}],\"inLanguage\":\"en-US\"},{\"@type\":\"Person\",\"@id\":\"https:\/\/www.unigirona.cat\/#\/schema\/person\/475ba176dc25b40920d6ebae4b40d2fb\",\"name\":\"premsa\",\"image\":{\"@type\":\"ImageObject\",\"inLanguage\":\"en-US\",\"@id\":\"https:\/\/www.unigirona.cat\/#\/schema\/person\/image\/\",\"url\":\"https:\/\/secure.gravatar.com\/avatar\/aaa70a46dde13fc461ebe5bc96d2c4be?s=96&d=mm&r=g\",\"contentUrl\":\"https:\/\/secure.gravatar.com\/avatar\/aaa70a46dde13fc461ebe5bc96d2c4be?s=96&d=mm&r=g\",\"caption\":\"premsa\"},\"url\":\"https:\/\/www.unigirona.cat\/en\/author\/premsa\/\"}]}<\/script>\n<!-- \/ Yoast SEO plugin. -->","yoast_head_json":{"title":"L'AVENIDA GUANYA EL CL\u00c0SSIC DE LA LF ENDESA - UNI B\u00e0squet Girona","robots":{"index":"index","follow":"follow","max-snippet":"max-snippet:-1","max-image-preview":"max-image-preview:large","max-video-preview":"max-video-preview:-1"},"canonical":"https:\/\/www.unigirona.cat\/lavenida-guanya-el-classic-de-la-lf-endesa\/","og_locale":"en_US","og_type":"article","og_title":"L'AVENIDA GUANYA EL CL\u00c0SSIC DE LA LF ENDESA - UNI B\u00e0squet Girona","og_description":"L\u2019Spar Girona no ha pogut comen\u00e7ar l\u2019any amb bon peu i ha caigut davant el Perfumer\u00edas Avenida en un partit molt disputat. Les gironines han anat a remolc de les castellanes durant tot l&#8217;enfrontament, sense aconseguir capgirar la din\u00e0mica, i han acabat cedint per un marcador final de 58-71. Un Perfumer\u00edas Avenida molt s\u00f2lid en [&hellip;]","og_url":"https:\/\/www.unigirona.cat\/lavenida-guanya-el-classic-de-la-lf-endesa\/","og_site_name":"UNI B\u00e0squet Girona","article_published_time":"2025-01-04T19:59:21+00:00","article_modified_time":"2025-01-08T10:25:19+00:00","og_image":[{"width":4160,"height":2773,"url":"http:\/\/www.unigirona.cat\/wp-content\/uploads\/2025\/01\/WhatsApp-Image-2025-01-04-at-19.16.47.jpeg","type":"image\/jpeg"}],"author":"premsa","twitter_card":"summary_large_image","twitter_misc":{"Written by":"premsa","Est. reading time":"4 minutes"},"schema":{"@context":"https:\/\/schema.org","@graph":[{"@type":"WebPage","@id":"https:\/\/www.unigirona.cat\/lavenida-guanya-el-classic-de-la-lf-endesa\/","url":"https:\/\/www.unigirona.cat\/lavenida-guanya-el-classic-de-la-lf-endesa\/","name":"L'AVENIDA GUANYA EL CL\u00c0SSIC DE LA LF ENDESA - UNI B\u00e0squet Girona","isPartOf":{"@id":"https:\/\/www.unigirona.cat\/#website"},"primaryImageOfPage":{"@id":"https:\/\/www.unigirona.cat\/lavenida-guanya-el-classic-de-la-lf-endesa\/#primaryimage"},"image":{"@id":"https:\/\/www.unigirona.cat\/lavenida-guanya-el-classic-de-la-lf-endesa\/#primaryimage"},"thumbnailUrl":"https:\/\/www.unigirona.cat\/wp-content\/uploads\/2025\/01\/WhatsApp-Image-2025-01-04-at-19.16.47.jpeg","datePublished":"2025-01-04T19:59:21+00:00","dateModified":"2025-01-08T10:25:19+00:00","author":{"@id":"https:\/\/www.unigirona.cat\/#\/schema\/person\/475ba176dc25b40920d6ebae4b40d2fb"},"breadcrumb":{"@id":"https:\/\/www.unigirona.cat\/lavenida-guanya-el-classic-de-la-lf-endesa\/#breadcrumb"},"inLanguage":"en-US","potentialAction":[{"@type":"ReadAction","target":["https:\/\/www.unigirona.cat\/lavenida-guanya-el-classic-de-la-lf-endesa\/"]}]},{"@type":"ImageObject","inLanguage":"en-US","@id":"https:\/\/www.unigirona.cat\/lavenida-guanya-el-classic-de-la-lf-endesa\/#primaryimage","url":"https:\/\/www.unigirona.cat\/wp-content\/uploads\/2025\/01\/WhatsApp-Image-2025-01-04-at-19.16.47.jpeg","contentUrl":"https:\/\/www.unigirona.cat\/wp-content\/uploads\/2025\/01\/WhatsApp-Image-2025-01-04-at-19.16.47.jpeg","width":4160,"height":2773},{"@type":"BreadcrumbList","@id":"https:\/\/www.unigirona.cat\/lavenida-guanya-el-classic-de-la-lf-endesa\/#breadcrumb","itemListElement":[{"@type":"ListItem","position":1,"name":"Portada","item":"https:\/\/www.unigirona.cat\/"},{"@type":"ListItem","position":2,"name":"L&#8217;AVENIDA GUANYA EL CL\u00c0SSIC DE LA LF ENDESA"}]},{"@type":"WebSite","@id":"https:\/\/www.unigirona.cat\/#website","url":"https:\/\/www.unigirona.cat\/","name":"Spar Girona","description":"","potentialAction":[{"@type":"SearchAction","target":{"@type":"EntryPoint","urlTemplate":"https:\/\/www.unigirona.cat\/?s={search_term_string}"},"query-input":{"@type":"PropertyValueSpecification","valueRequired":true,"valueName":"search_term_string"}}],"inLanguage":"en-US"},{"@type":"Person","@id":"https:\/\/www.unigirona.cat\/#\/schema\/person\/475ba176dc25b40920d6ebae4b40d2fb","name":"premsa","image":{"@type":"ImageObject","inLanguage":"en-US","@id":"https:\/\/www.unigirona.cat\/#\/schema\/person\/image\/","url":"https:\/\/secure.gravatar.com\/avatar\/aaa70a46dde13fc461ebe5bc96d2c4be?s=96&d=mm&r=g","contentUrl":"https:\/\/secure.gravatar.com\/avatar\/aaa70a46dde13fc461ebe5bc96d2c4be?s=96&d=mm&r=g","caption":"premsa"},"url":"https:\/\/www.unigirona.cat\/en\/author\/premsa\/"}]}},"_links":{"self":[{"href":"https:\/\/www.unigirona.cat\/en\/wp-json\/wp\/v2\/posts\/41648"}],"collection":[{"href":"https:\/\/www.unigirona.cat\/en\/wp-json\/wp\/v2\/posts"}],"about":[{"href":"https:\/\/www.unigirona.cat\/en\/wp-json\/wp\/v2\/types\/post"}],"author":[{"embeddable":true,"href":"https:\/\/www.unigirona.cat\/en\/wp-json\/wp\/v2\/users\/2"}],"replies":[{"embeddable":true,"href":"https:\/\/www.unigirona.cat\/en\/wp-json\/wp\/v2\/comments?post=41648"}],"version-history":[{"count":4,"href":"https:\/\/www.unigirona.cat\/en\/wp-json\/wp\/v2\/posts\/41648\/revisions"}],"predecessor-version":[{"id":41889,"href":"https:\/\/www.unigirona.cat\/en\/wp-json\/wp\/v2\/posts\/41648\/revisions\/41889"}],"wp:featuredmedia":[{"embeddable":true,"href":"https:\/\/www.unigirona.cat\/en\/wp-json\/wp\/v2\/media\/41649"}],"wp:attachment":[{"href":"https:\/\/www.unigirona.cat\/en\/wp-json\/wp\/v2\/media?parent=41648"}],"wp:term":[{"taxonomy":"category","embeddable":true,"href":"https:\/\/www.unigirona.cat\/en\/wp-json\/wp\/v2\/categories?post=41648"},{"taxonomy":"post_tag","embeddable":true,"href":"https:\/\/www.unigirona.cat\/en\/wp-json\/wp\/v2\/tags?post=41648"}],"curies":[{"name":"wp","href":"https:\/\/api.w.org\/{rel}","templated":true}]}}