{"id":43828,"date":"2025-05-05T15:02:45","date_gmt":"2025-05-05T13:02:45","guid":{"rendered":"https:\/\/www.unigirona.cat\/?p=43828"},"modified":"2025-05-05T15:05:33","modified_gmt":"2025-05-05T13:05:33","slug":"iniguez-i-liked-the-connection-with-the-crowd","status":"publish","type":"post","link":"https:\/\/www.unigirona.cat\/en\/iniguez-i-liked-the-connection-with-the-crowd\/","title":{"rendered":"\u00cd\u00f1iguez: &#8220;I liked the connection with the crowd&#8221;"},"content":{"rendered":"<p>The arena vibrated yesterday with one of the most intense and emotional games of the season. Our coach, Roberto \u00cd\u00f1iguez, didn\u2019t hide his pride in the team&#8217;s performance after a tight elimination against a top-level opponent. \u201cWe were very close. The overtime wasn\u2019t needed, and with the 3+1, it became too much for us. Before, it was a coin toss, and I really liked the final connection with the crowd,\u201d said \u00cd\u00f1iguez, who didn\u2019t hesitate to call the match \u201cone of the best games\u201d of his career.<\/p><p>&#8220;Victories and defeats fade, but what remains are the moments, how you face them. And in that, we are champions,&#8221; Roberto emphasized.<\/p><p>Despite the defeat, the coach highlighted the team\u2019s growth and their collective response to difficulties: \u201cWe played above our limit, and Zaragoza had a tough time.\u201d That said, the coach lamented the 56-20 free throw disparity during the series. &#8220;It&#8217;s almost triple, and that makes the team&#8217;s effort even more impressive.&#8221;<\/p><p>Regarding the season, \u00cd\u00f1iguez described it as \u201cvery good, but not excellent,\u201d due to the &#8220;Cup. We could have won the title,&#8221; he argued before ending the press conference.<\/p>","protected":false},"excerpt":{"rendered":"<p>The arena vibrated yesterday with one of the most intense and emotional games of the season. Our coach, Roberto \u00cd\u00f1iguez, didn\u2019t hide his pride in the team&#8217;s performance after a tight elimination against a top-level opponent. \u201cWe were very close. The overtime wasn\u2019t needed, and with the 3+1, it became too much for us. Before, [&hellip;]<\/p>\n","protected":false},"author":2,"featured_media":43820,"comment_status":"open","ping_status":"open","sticky":false,"template":"","format":"standard","meta":{"footnotes":""},"categories":[859],"tags":[],"class_list":["post-43828","post","type-post","status-publish","format-standard","has-post-thumbnail","hentry","category-lf-endesa-en"],"yoast_head":"<!-- This site is optimized with the Yoast SEO plugin v25.1 - https:\/\/yoast.com\/wordpress\/plugins\/seo\/ -->\n<title>\u00cd\u00f1iguez: &quot;I liked the connection with the crowd&quot; - UNI B\u00e0squet Girona<\/title>\n<meta name=\"robots\" content=\"index, follow, max-snippet:-1, max-image-preview:large, max-video-preview:-1\" \/>\n<link rel=\"canonical\" href=\"https:\/\/www.unigirona.cat\/en\/iniguez-i-liked-the-connection-with-the-crowd\/\" \/>\n<meta property=\"og:locale\" content=\"en_US\" \/>\n<meta property=\"og:type\" content=\"article\" \/>\n<meta property=\"og:title\" content=\"\u00cd\u00f1iguez: &quot;I liked the connection with the crowd&quot; - UNI B\u00e0squet Girona\" \/>\n<meta property=\"og:description\" content=\"The arena vibrated yesterday with one of the most intense and emotional games of the season. Our coach, Roberto \u00cd\u00f1iguez, didn\u2019t hide his pride in the team&#8217;s performance after a tight elimination against a top-level opponent. \u201cWe were very close. The overtime wasn\u2019t needed, and with the 3+1, it became too much for us. Before, [&hellip;]\" \/>\n<meta property=\"og:url\" content=\"https:\/\/www.unigirona.cat\/en\/iniguez-i-liked-the-connection-with-the-crowd\/\" \/>\n<meta property=\"og:site_name\" content=\"UNI B\u00e0squet Girona\" \/>\n<meta property=\"article:published_time\" content=\"2025-05-05T13:02:45+00:00\" \/>\n<meta property=\"article:modified_time\" content=\"2025-05-05T13:05:33+00:00\" \/>\n<meta property=\"og:image\" content=\"http:\/\/www.unigirona.cat\/wp-content\/uploads\/2025\/05\/WhatsApp-Image-2025-05-04-at-18.56.50.jpeg\" \/>\n\t<meta property=\"og:image:width\" content=\"4160\" \/>\n\t<meta property=\"og:image:height\" content=\"2773\" \/>\n\t<meta property=\"og:image:type\" content=\"image\/jpeg\" \/>\n<meta name=\"author\" content=\"premsa\" \/>\n<meta name=\"twitter:card\" content=\"summary_large_image\" \/>\n<meta name=\"twitter:label1\" content=\"Written by\" \/>\n\t<meta name=\"twitter:data1\" content=\"premsa\" \/>\n\t<meta name=\"twitter:label2\" content=\"Est. reading time\" \/>\n\t<meta name=\"twitter:data2\" content=\"2 minutes\" \/>\n<script type=\"application\/ld+json\" class=\"yoast-schema-graph\">{\"@context\":\"https:\/\/schema.org\",\"@graph\":[{\"@type\":\"WebPage\",\"@id\":\"https:\/\/www.unigirona.cat\/en\/iniguez-i-liked-the-connection-with-the-crowd\/\",\"url\":\"https:\/\/www.unigirona.cat\/en\/iniguez-i-liked-the-connection-with-the-crowd\/\",\"name\":\"\u00cd\u00f1iguez: \\\"I liked the connection with the crowd\\\" - UNI B\u00e0squet Girona\",\"isPartOf\":{\"@id\":\"https:\/\/www.unigirona.cat\/#website\"},\"primaryImageOfPage\":{\"@id\":\"https:\/\/www.unigirona.cat\/en\/iniguez-i-liked-the-connection-with-the-crowd\/#primaryimage\"},\"image\":{\"@id\":\"https:\/\/www.unigirona.cat\/en\/iniguez-i-liked-the-connection-with-the-crowd\/#primaryimage\"},\"thumbnailUrl\":\"https:\/\/www.unigirona.cat\/wp-content\/uploads\/2025\/05\/WhatsApp-Image-2025-05-04-at-18.56.50.jpeg\",\"datePublished\":\"2025-05-05T13:02:45+00:00\",\"dateModified\":\"2025-05-05T13:05:33+00:00\",\"author\":{\"@id\":\"https:\/\/www.unigirona.cat\/#\/schema\/person\/475ba176dc25b40920d6ebae4b40d2fb\"},\"breadcrumb\":{\"@id\":\"https:\/\/www.unigirona.cat\/en\/iniguez-i-liked-the-connection-with-the-crowd\/#breadcrumb\"},\"inLanguage\":\"en-US\",\"potentialAction\":[{\"@type\":\"ReadAction\",\"target\":[\"https:\/\/www.unigirona.cat\/en\/iniguez-i-liked-the-connection-with-the-crowd\/\"]}]},{\"@type\":\"ImageObject\",\"inLanguage\":\"en-US\",\"@id\":\"https:\/\/www.unigirona.cat\/en\/iniguez-i-liked-the-connection-with-the-crowd\/#primaryimage\",\"url\":\"https:\/\/www.unigirona.cat\/wp-content\/uploads\/2025\/05\/WhatsApp-Image-2025-05-04-at-18.56.50.jpeg\",\"contentUrl\":\"https:\/\/www.unigirona.cat\/wp-content\/uploads\/2025\/05\/WhatsApp-Image-2025-05-04-at-18.56.50.jpeg\",\"width\":4160,\"height\":2773},{\"@type\":\"BreadcrumbList\",\"@id\":\"https:\/\/www.unigirona.cat\/en\/iniguez-i-liked-the-connection-with-the-crowd\/#breadcrumb\",\"itemListElement\":[{\"@type\":\"ListItem\",\"position\":1,\"name\":\"Portada\",\"item\":\"https:\/\/www.unigirona.cat\/\"},{\"@type\":\"ListItem\",\"position\":2,\"name\":\"\u00cd\u00f1iguez: &#8220;I liked the connection with the crowd&#8221;\"}]},{\"@type\":\"WebSite\",\"@id\":\"https:\/\/www.unigirona.cat\/#website\",\"url\":\"https:\/\/www.unigirona.cat\/\",\"name\":\"Spar Girona\",\"description\":\"\",\"potentialAction\":[{\"@type\":\"SearchAction\",\"target\":{\"@type\":\"EntryPoint\",\"urlTemplate\":\"https:\/\/www.unigirona.cat\/?s={search_term_string}\"},\"query-input\":{\"@type\":\"PropertyValueSpecification\",\"valueRequired\":true,\"valueName\":\"search_term_string\"}}],\"inLanguage\":\"en-US\"},{\"@type\":\"Person\",\"@id\":\"https:\/\/www.unigirona.cat\/#\/schema\/person\/475ba176dc25b40920d6ebae4b40d2fb\",\"name\":\"premsa\",\"image\":{\"@type\":\"ImageObject\",\"inLanguage\":\"en-US\",\"@id\":\"https:\/\/www.unigirona.cat\/#\/schema\/person\/image\/\",\"url\":\"https:\/\/secure.gravatar.com\/avatar\/aaa70a46dde13fc461ebe5bc96d2c4be?s=96&d=mm&r=g\",\"contentUrl\":\"https:\/\/secure.gravatar.com\/avatar\/aaa70a46dde13fc461ebe5bc96d2c4be?s=96&d=mm&r=g\",\"caption\":\"premsa\"},\"url\":\"https:\/\/www.unigirona.cat\/en\/author\/premsa\/\"}]}<\/script>\n<!-- \/ Yoast SEO plugin. -->","yoast_head_json":{"title":"\u00cd\u00f1iguez: \"I liked the connection with the crowd\" - UNI B\u00e0squet Girona","robots":{"index":"index","follow":"follow","max-snippet":"max-snippet:-1","max-image-preview":"max-image-preview:large","max-video-preview":"max-video-preview:-1"},"canonical":"https:\/\/www.unigirona.cat\/en\/iniguez-i-liked-the-connection-with-the-crowd\/","og_locale":"en_US","og_type":"article","og_title":"\u00cd\u00f1iguez: \"I liked the connection with the crowd\" - UNI B\u00e0squet Girona","og_description":"The arena vibrated yesterday with one of the most intense and emotional games of the season. Our coach, Roberto \u00cd\u00f1iguez, didn\u2019t hide his pride in the team&#8217;s performance after a tight elimination against a top-level opponent. \u201cWe were very close. The overtime wasn\u2019t needed, and with the 3+1, it became too much for us. Before, [&hellip;]","og_url":"https:\/\/www.unigirona.cat\/en\/iniguez-i-liked-the-connection-with-the-crowd\/","og_site_name":"UNI B\u00e0squet Girona","article_published_time":"2025-05-05T13:02:45+00:00","article_modified_time":"2025-05-05T13:05:33+00:00","og_image":[{"width":4160,"height":2773,"url":"http:\/\/www.unigirona.cat\/wp-content\/uploads\/2025\/05\/WhatsApp-Image-2025-05-04-at-18.56.50.jpeg","type":"image\/jpeg"}],"author":"premsa","twitter_card":"summary_large_image","twitter_misc":{"Written by":"premsa","Est. reading time":"2 minutes"},"schema":{"@context":"https:\/\/schema.org","@graph":[{"@type":"WebPage","@id":"https:\/\/www.unigirona.cat\/en\/iniguez-i-liked-the-connection-with-the-crowd\/","url":"https:\/\/www.unigirona.cat\/en\/iniguez-i-liked-the-connection-with-the-crowd\/","name":"\u00cd\u00f1iguez: \"I liked the connection with the crowd\" - UNI B\u00e0squet Girona","isPartOf":{"@id":"https:\/\/www.unigirona.cat\/#website"},"primaryImageOfPage":{"@id":"https:\/\/www.unigirona.cat\/en\/iniguez-i-liked-the-connection-with-the-crowd\/#primaryimage"},"image":{"@id":"https:\/\/www.unigirona.cat\/en\/iniguez-i-liked-the-connection-with-the-crowd\/#primaryimage"},"thumbnailUrl":"https:\/\/www.unigirona.cat\/wp-content\/uploads\/2025\/05\/WhatsApp-Image-2025-05-04-at-18.56.50.jpeg","datePublished":"2025-05-05T13:02:45+00:00","dateModified":"2025-05-05T13:05:33+00:00","author":{"@id":"https:\/\/www.unigirona.cat\/#\/schema\/person\/475ba176dc25b40920d6ebae4b40d2fb"},"breadcrumb":{"@id":"https:\/\/www.unigirona.cat\/en\/iniguez-i-liked-the-connection-with-the-crowd\/#breadcrumb"},"inLanguage":"en-US","potentialAction":[{"@type":"ReadAction","target":["https:\/\/www.unigirona.cat\/en\/iniguez-i-liked-the-connection-with-the-crowd\/"]}]},{"@type":"ImageObject","inLanguage":"en-US","@id":"https:\/\/www.unigirona.cat\/en\/iniguez-i-liked-the-connection-with-the-crowd\/#primaryimage","url":"https:\/\/www.unigirona.cat\/wp-content\/uploads\/2025\/05\/WhatsApp-Image-2025-05-04-at-18.56.50.jpeg","contentUrl":"https:\/\/www.unigirona.cat\/wp-content\/uploads\/2025\/05\/WhatsApp-Image-2025-05-04-at-18.56.50.jpeg","width":4160,"height":2773},{"@type":"BreadcrumbList","@id":"https:\/\/www.unigirona.cat\/en\/iniguez-i-liked-the-connection-with-the-crowd\/#breadcrumb","itemListElement":[{"@type":"ListItem","position":1,"name":"Portada","item":"https:\/\/www.unigirona.cat\/"},{"@type":"ListItem","position":2,"name":"\u00cd\u00f1iguez: &#8220;I liked the connection with the crowd&#8221;"}]},{"@type":"WebSite","@id":"https:\/\/www.unigirona.cat\/#website","url":"https:\/\/www.unigirona.cat\/","name":"Spar Girona","description":"","potentialAction":[{"@type":"SearchAction","target":{"@type":"EntryPoint","urlTemplate":"https:\/\/www.unigirona.cat\/?s={search_term_string}"},"query-input":{"@type":"PropertyValueSpecification","valueRequired":true,"valueName":"search_term_string"}}],"inLanguage":"en-US"},{"@type":"Person","@id":"https:\/\/www.unigirona.cat\/#\/schema\/person\/475ba176dc25b40920d6ebae4b40d2fb","name":"premsa","image":{"@type":"ImageObject","inLanguage":"en-US","@id":"https:\/\/www.unigirona.cat\/#\/schema\/person\/image\/","url":"https:\/\/secure.gravatar.com\/avatar\/aaa70a46dde13fc461ebe5bc96d2c4be?s=96&d=mm&r=g","contentUrl":"https:\/\/secure.gravatar.com\/avatar\/aaa70a46dde13fc461ebe5bc96d2c4be?s=96&d=mm&r=g","caption":"premsa"},"url":"https:\/\/www.unigirona.cat\/en\/author\/premsa\/"}]}},"_links":{"self":[{"href":"https:\/\/www.unigirona.cat\/en\/wp-json\/wp\/v2\/posts\/43828"}],"collection":[{"href":"https:\/\/www.unigirona.cat\/en\/wp-json\/wp\/v2\/posts"}],"about":[{"href":"https:\/\/www.unigirona.cat\/en\/wp-json\/wp\/v2\/types\/post"}],"author":[{"embeddable":true,"href":"https:\/\/www.unigirona.cat\/en\/wp-json\/wp\/v2\/users\/2"}],"replies":[{"embeddable":true,"href":"https:\/\/www.unigirona.cat\/en\/wp-json\/wp\/v2\/comments?post=43828"}],"version-history":[{"count":1,"href":"https:\/\/www.unigirona.cat\/en\/wp-json\/wp\/v2\/posts\/43828\/revisions"}],"predecessor-version":[{"id":43829,"href":"https:\/\/www.unigirona.cat\/en\/wp-json\/wp\/v2\/posts\/43828\/revisions\/43829"}],"wp:featuredmedia":[{"embeddable":true,"href":"https:\/\/www.unigirona.cat\/en\/wp-json\/wp\/v2\/media\/43820"}],"wp:attachment":[{"href":"https:\/\/www.unigirona.cat\/en\/wp-json\/wp\/v2\/media?parent=43828"}],"wp:term":[{"taxonomy":"category","embeddable":true,"href":"https:\/\/www.unigirona.cat\/en\/wp-json\/wp\/v2\/categories?post=43828"},{"taxonomy":"post_tag","embeddable":true,"href":"https:\/\/www.unigirona.cat\/en\/wp-json\/wp\/v2\/tags?post=43828"}],"curies":[{"name":"wp","href":"https:\/\/api.w.org\/{rel}","templated":true}]}}