{"id":45011,"date":"2025-07-11T13:30:09","date_gmt":"2025-07-11T11:30:09","guid":{"rendered":"https:\/\/www.unigirona.cat\/?p=45011"},"modified":"2025-07-15T14:05:55","modified_gmt":"2025-07-15T12:05:55","slug":"ainhoa-lopez-seguira-una-temporada-mes-a-girona","status":"publish","type":"post","link":"https:\/\/www.unigirona.cat\/en\/ainhoa-lopez-seguira-una-temporada-mes-a-girona\/","title":{"rendered":"AINHOA L\u00d3PEZ SEGUIR\u00c0 UNA TEMPORADA M\u00c9S A GIRONA"},"content":{"rendered":"<p><em>Ser\u00e0 la tercera temporada consecutiva amb l\u2019Spar Girona<\/em>.<\/p><p>El B\u00e0squet Girona ha tancat la renovaci\u00f3 d\u2019Ainhoa L\u00f3pez per a l\u2019equip Spar Girona. L\u2019escorta catalana, de 28 anys i 182 cm, continuar\u00e0 formant part del primer equip i encadenar\u00e0 aix\u00ed la seva tercera temporada consecutiva \u2014la quarta en total\u2014 des que va debutar a Fontajau l\u2019any 2016.&nbsp;<\/p><p>Amb 65 partits disputats en competicions FEB amb la samarreta de l\u2019Spar Girona, L\u00f3pez ha estat una jugadora clau en els \u00faltims playoffs de lliga, on va fer una mitjana de 7,3 punts per partit. El seu car\u00e0cter competitiu i la seva estima pel club i ciutat l\u2019han convertit en una de les veus referents del vestidor.<\/p><p>Amb aquesta renovaci\u00f3, el club comen\u00e7a a donar forma al nou projecte esportiu del B\u00e0squet Girona femen\u00ed&nbsp; per a la temporada 2025-26, amb Ainhoa L\u00f3pez com a primer nom confirmat.<\/p><p><strong>Declaracions de Pere Puig, director esportiu: <\/strong>&#8220;Des del B\u00e0squet Girona estem molt contents de poder anunciar la primera renovaci\u00f3. L\u2019Ainhoa \u00e9s una jugadora referencial per l\u2019afici\u00f3, pel b\u00e0squet giron\u00ed, per tot el que representa, pel seu esperit de superaci\u00f3, per la seva connexi\u00f3 a la grada, per l\u2019energia que ens aporta el joc i per aquest motiu estem contents d\u2019anunciar que l\u2019Ainhoa seguir\u00e0 un any m\u00e9s&#8221;.<\/p>","protected":false},"excerpt":{"rendered":"<p>Ser\u00e0 la tercera temporada consecutiva amb l\u2019Spar Girona. El B\u00e0squet Girona ha tancat la renovaci\u00f3 d\u2019Ainhoa L\u00f3pez per a l\u2019equip Spar Girona. L\u2019escorta catalana, de 28 anys i 182 cm, continuar\u00e0 formant part del primer equip i encadenar\u00e0 aix\u00ed la seva tercera temporada consecutiva \u2014la quarta en total\u2014 des que va debutar a Fontajau l\u2019any [&hellip;]<\/p>\n","protected":false},"author":2,"featured_media":45012,"comment_status":"open","ping_status":"open","sticky":false,"template":"","format":"standard","meta":{"footnotes":""},"categories":[542],"tags":[],"class_list":["post-45011","post","type-post","status-publish","format-standard","has-post-thumbnail","hentry","category-lf-endesa"],"yoast_head":"<!-- This site is optimized with the Yoast SEO plugin v25.1 - https:\/\/yoast.com\/wordpress\/plugins\/seo\/ -->\n<title>AINHOA L\u00d3PEZ SEGUIR\u00c0 UNA TEMPORADA M\u00c9S A GIRONA - UNI B\u00e0squet Girona<\/title>\n<meta name=\"robots\" content=\"index, follow, max-snippet:-1, max-image-preview:large, max-video-preview:-1\" \/>\n<link rel=\"canonical\" href=\"https:\/\/www.unigirona.cat\/ainhoa-lopez-seguira-una-temporada-mes-a-girona\/\" \/>\n<meta property=\"og:locale\" content=\"en_US\" \/>\n<meta property=\"og:type\" content=\"article\" \/>\n<meta property=\"og:title\" content=\"AINHOA L\u00d3PEZ SEGUIR\u00c0 UNA TEMPORADA M\u00c9S A GIRONA - UNI B\u00e0squet Girona\" \/>\n<meta property=\"og:description\" content=\"Ser\u00e0 la tercera temporada consecutiva amb l\u2019Spar Girona. El B\u00e0squet Girona ha tancat la renovaci\u00f3 d\u2019Ainhoa L\u00f3pez per a l\u2019equip Spar Girona. L\u2019escorta catalana, de 28 anys i 182 cm, continuar\u00e0 formant part del primer equip i encadenar\u00e0 aix\u00ed la seva tercera temporada consecutiva \u2014la quarta en total\u2014 des que va debutar a Fontajau l\u2019any [&hellip;]\" \/>\n<meta property=\"og:url\" content=\"https:\/\/www.unigirona.cat\/ainhoa-lopez-seguira-una-temporada-mes-a-girona\/\" \/>\n<meta property=\"og:site_name\" content=\"UNI B\u00e0squet Girona\" \/>\n<meta property=\"article:published_time\" content=\"2025-07-11T11:30:09+00:00\" \/>\n<meta property=\"article:modified_time\" content=\"2025-07-15T12:05:55+00:00\" \/>\n<meta property=\"og:image\" content=\"http:\/\/www.unigirona.cat\/wp-content\/uploads\/2025\/07\/ainhoa-lopez.jpg\" \/>\n\t<meta property=\"og:image:width\" content=\"1080\" \/>\n\t<meta property=\"og:image:height\" content=\"1350\" \/>\n\t<meta property=\"og:image:type\" content=\"image\/jpeg\" \/>\n<meta name=\"author\" content=\"premsa\" \/>\n<meta name=\"twitter:card\" content=\"summary_large_image\" \/>\n<meta name=\"twitter:label1\" content=\"Written by\" \/>\n\t<meta name=\"twitter:data1\" content=\"premsa\" \/>\n\t<meta name=\"twitter:label2\" content=\"Est. reading time\" \/>\n\t<meta name=\"twitter:data2\" content=\"2 minutes\" \/>\n<script type=\"application\/ld+json\" class=\"yoast-schema-graph\">{\"@context\":\"https:\/\/schema.org\",\"@graph\":[{\"@type\":\"WebPage\",\"@id\":\"https:\/\/www.unigirona.cat\/ainhoa-lopez-seguira-una-temporada-mes-a-girona\/\",\"url\":\"https:\/\/www.unigirona.cat\/ainhoa-lopez-seguira-una-temporada-mes-a-girona\/\",\"name\":\"AINHOA L\u00d3PEZ SEGUIR\u00c0 UNA TEMPORADA M\u00c9S A GIRONA - UNI B\u00e0squet Girona\",\"isPartOf\":{\"@id\":\"https:\/\/www.unigirona.cat\/#website\"},\"primaryImageOfPage\":{\"@id\":\"https:\/\/www.unigirona.cat\/ainhoa-lopez-seguira-una-temporada-mes-a-girona\/#primaryimage\"},\"image\":{\"@id\":\"https:\/\/www.unigirona.cat\/ainhoa-lopez-seguira-una-temporada-mes-a-girona\/#primaryimage\"},\"thumbnailUrl\":\"https:\/\/www.unigirona.cat\/wp-content\/uploads\/2025\/07\/ainhoa-lopez.jpg\",\"datePublished\":\"2025-07-11T11:30:09+00:00\",\"dateModified\":\"2025-07-15T12:05:55+00:00\",\"author\":{\"@id\":\"https:\/\/www.unigirona.cat\/#\/schema\/person\/475ba176dc25b40920d6ebae4b40d2fb\"},\"breadcrumb\":{\"@id\":\"https:\/\/www.unigirona.cat\/ainhoa-lopez-seguira-una-temporada-mes-a-girona\/#breadcrumb\"},\"inLanguage\":\"en-US\",\"potentialAction\":[{\"@type\":\"ReadAction\",\"target\":[\"https:\/\/www.unigirona.cat\/ainhoa-lopez-seguira-una-temporada-mes-a-girona\/\"]}]},{\"@type\":\"ImageObject\",\"inLanguage\":\"en-US\",\"@id\":\"https:\/\/www.unigirona.cat\/ainhoa-lopez-seguira-una-temporada-mes-a-girona\/#primaryimage\",\"url\":\"https:\/\/www.unigirona.cat\/wp-content\/uploads\/2025\/07\/ainhoa-lopez.jpg\",\"contentUrl\":\"https:\/\/www.unigirona.cat\/wp-content\/uploads\/2025\/07\/ainhoa-lopez.jpg\",\"width\":1080,\"height\":1350},{\"@type\":\"BreadcrumbList\",\"@id\":\"https:\/\/www.unigirona.cat\/ainhoa-lopez-seguira-una-temporada-mes-a-girona\/#breadcrumb\",\"itemListElement\":[{\"@type\":\"ListItem\",\"position\":1,\"name\":\"Portada\",\"item\":\"https:\/\/www.unigirona.cat\/\"},{\"@type\":\"ListItem\",\"position\":2,\"name\":\"AINHOA L\u00d3PEZ SEGUIR\u00c0 UNA TEMPORADA M\u00c9S A GIRONA\"}]},{\"@type\":\"WebSite\",\"@id\":\"https:\/\/www.unigirona.cat\/#website\",\"url\":\"https:\/\/www.unigirona.cat\/\",\"name\":\"Spar Girona\",\"description\":\"\",\"potentialAction\":[{\"@type\":\"SearchAction\",\"target\":{\"@type\":\"EntryPoint\",\"urlTemplate\":\"https:\/\/www.unigirona.cat\/?s={search_term_string}\"},\"query-input\":{\"@type\":\"PropertyValueSpecification\",\"valueRequired\":true,\"valueName\":\"search_term_string\"}}],\"inLanguage\":\"en-US\"},{\"@type\":\"Person\",\"@id\":\"https:\/\/www.unigirona.cat\/#\/schema\/person\/475ba176dc25b40920d6ebae4b40d2fb\",\"name\":\"premsa\",\"image\":{\"@type\":\"ImageObject\",\"inLanguage\":\"en-US\",\"@id\":\"https:\/\/www.unigirona.cat\/#\/schema\/person\/image\/\",\"url\":\"https:\/\/secure.gravatar.com\/avatar\/aaa70a46dde13fc461ebe5bc96d2c4be?s=96&d=mm&r=g\",\"contentUrl\":\"https:\/\/secure.gravatar.com\/avatar\/aaa70a46dde13fc461ebe5bc96d2c4be?s=96&d=mm&r=g\",\"caption\":\"premsa\"},\"url\":\"https:\/\/www.unigirona.cat\/en\/author\/premsa\/\"}]}<\/script>\n<!-- \/ Yoast SEO plugin. -->","yoast_head_json":{"title":"AINHOA L\u00d3PEZ SEGUIR\u00c0 UNA TEMPORADA M\u00c9S A GIRONA - UNI B\u00e0squet Girona","robots":{"index":"index","follow":"follow","max-snippet":"max-snippet:-1","max-image-preview":"max-image-preview:large","max-video-preview":"max-video-preview:-1"},"canonical":"https:\/\/www.unigirona.cat\/ainhoa-lopez-seguira-una-temporada-mes-a-girona\/","og_locale":"en_US","og_type":"article","og_title":"AINHOA L\u00d3PEZ SEGUIR\u00c0 UNA TEMPORADA M\u00c9S A GIRONA - UNI B\u00e0squet Girona","og_description":"Ser\u00e0 la tercera temporada consecutiva amb l\u2019Spar Girona. El B\u00e0squet Girona ha tancat la renovaci\u00f3 d\u2019Ainhoa L\u00f3pez per a l\u2019equip Spar Girona. L\u2019escorta catalana, de 28 anys i 182 cm, continuar\u00e0 formant part del primer equip i encadenar\u00e0 aix\u00ed la seva tercera temporada consecutiva \u2014la quarta en total\u2014 des que va debutar a Fontajau l\u2019any [&hellip;]","og_url":"https:\/\/www.unigirona.cat\/ainhoa-lopez-seguira-una-temporada-mes-a-girona\/","og_site_name":"UNI B\u00e0squet Girona","article_published_time":"2025-07-11T11:30:09+00:00","article_modified_time":"2025-07-15T12:05:55+00:00","og_image":[{"width":1080,"height":1350,"url":"http:\/\/www.unigirona.cat\/wp-content\/uploads\/2025\/07\/ainhoa-lopez.jpg","type":"image\/jpeg"}],"author":"premsa","twitter_card":"summary_large_image","twitter_misc":{"Written by":"premsa","Est. reading time":"2 minutes"},"schema":{"@context":"https:\/\/schema.org","@graph":[{"@type":"WebPage","@id":"https:\/\/www.unigirona.cat\/ainhoa-lopez-seguira-una-temporada-mes-a-girona\/","url":"https:\/\/www.unigirona.cat\/ainhoa-lopez-seguira-una-temporada-mes-a-girona\/","name":"AINHOA L\u00d3PEZ SEGUIR\u00c0 UNA TEMPORADA M\u00c9S A GIRONA - UNI B\u00e0squet Girona","isPartOf":{"@id":"https:\/\/www.unigirona.cat\/#website"},"primaryImageOfPage":{"@id":"https:\/\/www.unigirona.cat\/ainhoa-lopez-seguira-una-temporada-mes-a-girona\/#primaryimage"},"image":{"@id":"https:\/\/www.unigirona.cat\/ainhoa-lopez-seguira-una-temporada-mes-a-girona\/#primaryimage"},"thumbnailUrl":"https:\/\/www.unigirona.cat\/wp-content\/uploads\/2025\/07\/ainhoa-lopez.jpg","datePublished":"2025-07-11T11:30:09+00:00","dateModified":"2025-07-15T12:05:55+00:00","author":{"@id":"https:\/\/www.unigirona.cat\/#\/schema\/person\/475ba176dc25b40920d6ebae4b40d2fb"},"breadcrumb":{"@id":"https:\/\/www.unigirona.cat\/ainhoa-lopez-seguira-una-temporada-mes-a-girona\/#breadcrumb"},"inLanguage":"en-US","potentialAction":[{"@type":"ReadAction","target":["https:\/\/www.unigirona.cat\/ainhoa-lopez-seguira-una-temporada-mes-a-girona\/"]}]},{"@type":"ImageObject","inLanguage":"en-US","@id":"https:\/\/www.unigirona.cat\/ainhoa-lopez-seguira-una-temporada-mes-a-girona\/#primaryimage","url":"https:\/\/www.unigirona.cat\/wp-content\/uploads\/2025\/07\/ainhoa-lopez.jpg","contentUrl":"https:\/\/www.unigirona.cat\/wp-content\/uploads\/2025\/07\/ainhoa-lopez.jpg","width":1080,"height":1350},{"@type":"BreadcrumbList","@id":"https:\/\/www.unigirona.cat\/ainhoa-lopez-seguira-una-temporada-mes-a-girona\/#breadcrumb","itemListElement":[{"@type":"ListItem","position":1,"name":"Portada","item":"https:\/\/www.unigirona.cat\/"},{"@type":"ListItem","position":2,"name":"AINHOA L\u00d3PEZ SEGUIR\u00c0 UNA TEMPORADA M\u00c9S A GIRONA"}]},{"@type":"WebSite","@id":"https:\/\/www.unigirona.cat\/#website","url":"https:\/\/www.unigirona.cat\/","name":"Spar Girona","description":"","potentialAction":[{"@type":"SearchAction","target":{"@type":"EntryPoint","urlTemplate":"https:\/\/www.unigirona.cat\/?s={search_term_string}"},"query-input":{"@type":"PropertyValueSpecification","valueRequired":true,"valueName":"search_term_string"}}],"inLanguage":"en-US"},{"@type":"Person","@id":"https:\/\/www.unigirona.cat\/#\/schema\/person\/475ba176dc25b40920d6ebae4b40d2fb","name":"premsa","image":{"@type":"ImageObject","inLanguage":"en-US","@id":"https:\/\/www.unigirona.cat\/#\/schema\/person\/image\/","url":"https:\/\/secure.gravatar.com\/avatar\/aaa70a46dde13fc461ebe5bc96d2c4be?s=96&d=mm&r=g","contentUrl":"https:\/\/secure.gravatar.com\/avatar\/aaa70a46dde13fc461ebe5bc96d2c4be?s=96&d=mm&r=g","caption":"premsa"},"url":"https:\/\/www.unigirona.cat\/en\/author\/premsa\/"}]}},"_links":{"self":[{"href":"https:\/\/www.unigirona.cat\/en\/wp-json\/wp\/v2\/posts\/45011"}],"collection":[{"href":"https:\/\/www.unigirona.cat\/en\/wp-json\/wp\/v2\/posts"}],"about":[{"href":"https:\/\/www.unigirona.cat\/en\/wp-json\/wp\/v2\/types\/post"}],"author":[{"embeddable":true,"href":"https:\/\/www.unigirona.cat\/en\/wp-json\/wp\/v2\/users\/2"}],"replies":[{"embeddable":true,"href":"https:\/\/www.unigirona.cat\/en\/wp-json\/wp\/v2\/comments?post=45011"}],"version-history":[{"count":1,"href":"https:\/\/www.unigirona.cat\/en\/wp-json\/wp\/v2\/posts\/45011\/revisions"}],"predecessor-version":[{"id":45015,"href":"https:\/\/www.unigirona.cat\/en\/wp-json\/wp\/v2\/posts\/45011\/revisions\/45015"}],"wp:featuredmedia":[{"embeddable":true,"href":"https:\/\/www.unigirona.cat\/en\/wp-json\/wp\/v2\/media\/45012"}],"wp:attachment":[{"href":"https:\/\/www.unigirona.cat\/en\/wp-json\/wp\/v2\/media?parent=45011"}],"wp:term":[{"taxonomy":"category","embeddable":true,"href":"https:\/\/www.unigirona.cat\/en\/wp-json\/wp\/v2\/categories?post=45011"},{"taxonomy":"post_tag","embeddable":true,"href":"https:\/\/www.unigirona.cat\/en\/wp-json\/wp\/v2\/tags?post=45011"}],"curies":[{"name":"wp","href":"https:\/\/api.w.org\/{rel}","templated":true}]}}