{"id":45042,"date":"2025-07-16T13:20:23","date_gmt":"2025-07-16T11:20:23","guid":{"rendered":"https:\/\/www.unigirona.cat\/?p=45042"},"modified":"2025-07-16T13:20:49","modified_gmt":"2025-07-16T11:20:49","slug":"confirmats-els-horaris-de-la-lliga-catalana-femenina","status":"publish","type":"post","link":"https:\/\/www.unigirona.cat\/en\/confirmats-els-horaris-de-la-lliga-catalana-femenina\/","title":{"rendered":"Confirmats els horaris de la Lliga Catalana Femenina"},"content":{"rendered":"<p>L\u2019Spar Girona ja coneix els horaris de la Lliga Catalana 2025, que es disputar\u00e0 al Palau d\u2019Esports de Tarragona.<\/p><p>L\u2019equip jugar\u00e0 la <strong>semifinal<\/strong> el dissabte <strong>20 de setembre a les 16:00 h<\/strong> davant el campi\u00f3 de la Lliga Catalana Challenge.<\/p><p>En cas de vict\u00f2ria, la final tindr\u00e0 lloc l\u2019endem\u00e0, diumenge 21 de setembre a les 16:30 h, contra el guanyador de l\u2019eliminat\u00f2ria entre el Cad\u00ed La Seu i el Club Joventut Badalona.<\/p><p><\/p><p>M\u00e9s informaci\u00f3 a <a href=\"https:\/\/www.basquetcatala.cat\/competicions\/resultats\/19800\/0\">https:\/\/www.basquetcatala.cat\/competicions\/resultats\/19800\/0<\/a><\/p><p><\/p>","protected":false},"excerpt":{"rendered":"<p>L\u2019Spar Girona ja coneix els horaris de la Lliga Catalana 2025, que es disputar\u00e0 al Palau d\u2019Esports de Tarragona. L\u2019equip jugar\u00e0 la semifinal el dissabte 20 de setembre a les 16:00 h davant el campi\u00f3 de la Lliga Catalana Challenge. En cas de vict\u00f2ria, la final tindr\u00e0 lloc l\u2019endem\u00e0, diumenge 21 de setembre a les [&hellip;]<\/p>\n","protected":false},"author":2,"featured_media":45043,"comment_status":"open","ping_status":"open","sticky":false,"template":"","format":"standard","meta":{"footnotes":""},"categories":[542],"tags":[],"class_list":["post-45042","post","type-post","status-publish","format-standard","has-post-thumbnail","hentry","category-lf-endesa"],"yoast_head":"<!-- This site is optimized with the Yoast SEO plugin v25.1 - https:\/\/yoast.com\/wordpress\/plugins\/seo\/ -->\n<title>Confirmats els horaris de la Lliga Catalana Femenina - UNI B\u00e0squet Girona<\/title>\n<meta name=\"robots\" content=\"index, follow, max-snippet:-1, max-image-preview:large, max-video-preview:-1\" \/>\n<link rel=\"canonical\" href=\"https:\/\/www.unigirona.cat\/confirmats-els-horaris-de-la-lliga-catalana-femenina\/\" \/>\n<meta property=\"og:locale\" content=\"en_US\" \/>\n<meta property=\"og:type\" content=\"article\" \/>\n<meta property=\"og:title\" content=\"Confirmats els horaris de la Lliga Catalana Femenina - UNI B\u00e0squet Girona\" \/>\n<meta property=\"og:description\" content=\"L\u2019Spar Girona ja coneix els horaris de la Lliga Catalana 2025, que es disputar\u00e0 al Palau d\u2019Esports de Tarragona. L\u2019equip jugar\u00e0 la semifinal el dissabte 20 de setembre a les 16:00 h davant el campi\u00f3 de la Lliga Catalana Challenge. En cas de vict\u00f2ria, la final tindr\u00e0 lloc l\u2019endem\u00e0, diumenge 21 de setembre a les [&hellip;]\" \/>\n<meta property=\"og:url\" content=\"https:\/\/www.unigirona.cat\/confirmats-els-horaris-de-la-lliga-catalana-femenina\/\" \/>\n<meta property=\"og:site_name\" content=\"UNI B\u00e0squet Girona\" \/>\n<meta property=\"article:published_time\" content=\"2025-07-16T11:20:23+00:00\" \/>\n<meta property=\"article:modified_time\" content=\"2025-07-16T11:20:49+00:00\" \/>\n<meta property=\"og:image\" content=\"http:\/\/www.unigirona.cat\/wp-content\/uploads\/2025\/07\/54013109368_c2c3bb8e95_o-1024x683.jpg\" \/>\n\t<meta property=\"og:image:width\" content=\"1024\" \/>\n\t<meta property=\"og:image:height\" content=\"683\" \/>\n\t<meta property=\"og:image:type\" content=\"image\/jpeg\" \/>\n<meta name=\"author\" content=\"premsa\" \/>\n<meta name=\"twitter:card\" content=\"summary_large_image\" \/>\n<meta name=\"twitter:label1\" content=\"Written by\" \/>\n\t<meta name=\"twitter:data1\" content=\"premsa\" \/>\n\t<meta name=\"twitter:label2\" content=\"Est. reading time\" \/>\n\t<meta name=\"twitter:data2\" content=\"1 minute\" \/>\n<script type=\"application\/ld+json\" class=\"yoast-schema-graph\">{\"@context\":\"https:\/\/schema.org\",\"@graph\":[{\"@type\":\"WebPage\",\"@id\":\"https:\/\/www.unigirona.cat\/confirmats-els-horaris-de-la-lliga-catalana-femenina\/\",\"url\":\"https:\/\/www.unigirona.cat\/confirmats-els-horaris-de-la-lliga-catalana-femenina\/\",\"name\":\"Confirmats els horaris de la Lliga Catalana Femenina - UNI B\u00e0squet Girona\",\"isPartOf\":{\"@id\":\"https:\/\/www.unigirona.cat\/#website\"},\"primaryImageOfPage\":{\"@id\":\"https:\/\/www.unigirona.cat\/confirmats-els-horaris-de-la-lliga-catalana-femenina\/#primaryimage\"},\"image\":{\"@id\":\"https:\/\/www.unigirona.cat\/confirmats-els-horaris-de-la-lliga-catalana-femenina\/#primaryimage\"},\"thumbnailUrl\":\"https:\/\/www.unigirona.cat\/wp-content\/uploads\/2025\/07\/54013109368_c2c3bb8e95_o.jpg\",\"datePublished\":\"2025-07-16T11:20:23+00:00\",\"dateModified\":\"2025-07-16T11:20:49+00:00\",\"author\":{\"@id\":\"https:\/\/www.unigirona.cat\/#\/schema\/person\/475ba176dc25b40920d6ebae4b40d2fb\"},\"breadcrumb\":{\"@id\":\"https:\/\/www.unigirona.cat\/confirmats-els-horaris-de-la-lliga-catalana-femenina\/#breadcrumb\"},\"inLanguage\":\"en-US\",\"potentialAction\":[{\"@type\":\"ReadAction\",\"target\":[\"https:\/\/www.unigirona.cat\/confirmats-els-horaris-de-la-lliga-catalana-femenina\/\"]}]},{\"@type\":\"ImageObject\",\"inLanguage\":\"en-US\",\"@id\":\"https:\/\/www.unigirona.cat\/confirmats-els-horaris-de-la-lliga-catalana-femenina\/#primaryimage\",\"url\":\"https:\/\/www.unigirona.cat\/wp-content\/uploads\/2025\/07\/54013109368_c2c3bb8e95_o.jpg\",\"contentUrl\":\"https:\/\/www.unigirona.cat\/wp-content\/uploads\/2025\/07\/54013109368_c2c3bb8e95_o.jpg\",\"width\":3254,\"height\":2169},{\"@type\":\"BreadcrumbList\",\"@id\":\"https:\/\/www.unigirona.cat\/confirmats-els-horaris-de-la-lliga-catalana-femenina\/#breadcrumb\",\"itemListElement\":[{\"@type\":\"ListItem\",\"position\":1,\"name\":\"Portada\",\"item\":\"https:\/\/www.unigirona.cat\/\"},{\"@type\":\"ListItem\",\"position\":2,\"name\":\"Confirmats els horaris de la Lliga Catalana Femenina\"}]},{\"@type\":\"WebSite\",\"@id\":\"https:\/\/www.unigirona.cat\/#website\",\"url\":\"https:\/\/www.unigirona.cat\/\",\"name\":\"Spar Girona\",\"description\":\"\",\"potentialAction\":[{\"@type\":\"SearchAction\",\"target\":{\"@type\":\"EntryPoint\",\"urlTemplate\":\"https:\/\/www.unigirona.cat\/?s={search_term_string}\"},\"query-input\":{\"@type\":\"PropertyValueSpecification\",\"valueRequired\":true,\"valueName\":\"search_term_string\"}}],\"inLanguage\":\"en-US\"},{\"@type\":\"Person\",\"@id\":\"https:\/\/www.unigirona.cat\/#\/schema\/person\/475ba176dc25b40920d6ebae4b40d2fb\",\"name\":\"premsa\",\"image\":{\"@type\":\"ImageObject\",\"inLanguage\":\"en-US\",\"@id\":\"https:\/\/www.unigirona.cat\/#\/schema\/person\/image\/\",\"url\":\"https:\/\/secure.gravatar.com\/avatar\/aaa70a46dde13fc461ebe5bc96d2c4be?s=96&d=mm&r=g\",\"contentUrl\":\"https:\/\/secure.gravatar.com\/avatar\/aaa70a46dde13fc461ebe5bc96d2c4be?s=96&d=mm&r=g\",\"caption\":\"premsa\"},\"url\":\"https:\/\/www.unigirona.cat\/en\/author\/premsa\/\"}]}<\/script>\n<!-- \/ Yoast SEO plugin. -->","yoast_head_json":{"title":"Confirmats els horaris de la Lliga Catalana Femenina - UNI B\u00e0squet Girona","robots":{"index":"index","follow":"follow","max-snippet":"max-snippet:-1","max-image-preview":"max-image-preview:large","max-video-preview":"max-video-preview:-1"},"canonical":"https:\/\/www.unigirona.cat\/confirmats-els-horaris-de-la-lliga-catalana-femenina\/","og_locale":"en_US","og_type":"article","og_title":"Confirmats els horaris de la Lliga Catalana Femenina - UNI B\u00e0squet Girona","og_description":"L\u2019Spar Girona ja coneix els horaris de la Lliga Catalana 2025, que es disputar\u00e0 al Palau d\u2019Esports de Tarragona. L\u2019equip jugar\u00e0 la semifinal el dissabte 20 de setembre a les 16:00 h davant el campi\u00f3 de la Lliga Catalana Challenge. En cas de vict\u00f2ria, la final tindr\u00e0 lloc l\u2019endem\u00e0, diumenge 21 de setembre a les [&hellip;]","og_url":"https:\/\/www.unigirona.cat\/confirmats-els-horaris-de-la-lliga-catalana-femenina\/","og_site_name":"UNI B\u00e0squet Girona","article_published_time":"2025-07-16T11:20:23+00:00","article_modified_time":"2025-07-16T11:20:49+00:00","og_image":[{"width":1024,"height":683,"url":"http:\/\/www.unigirona.cat\/wp-content\/uploads\/2025\/07\/54013109368_c2c3bb8e95_o-1024x683.jpg","type":"image\/jpeg"}],"author":"premsa","twitter_card":"summary_large_image","twitter_misc":{"Written by":"premsa","Est. reading time":"1 minute"},"schema":{"@context":"https:\/\/schema.org","@graph":[{"@type":"WebPage","@id":"https:\/\/www.unigirona.cat\/confirmats-els-horaris-de-la-lliga-catalana-femenina\/","url":"https:\/\/www.unigirona.cat\/confirmats-els-horaris-de-la-lliga-catalana-femenina\/","name":"Confirmats els horaris de la Lliga Catalana Femenina - UNI B\u00e0squet Girona","isPartOf":{"@id":"https:\/\/www.unigirona.cat\/#website"},"primaryImageOfPage":{"@id":"https:\/\/www.unigirona.cat\/confirmats-els-horaris-de-la-lliga-catalana-femenina\/#primaryimage"},"image":{"@id":"https:\/\/www.unigirona.cat\/confirmats-els-horaris-de-la-lliga-catalana-femenina\/#primaryimage"},"thumbnailUrl":"https:\/\/www.unigirona.cat\/wp-content\/uploads\/2025\/07\/54013109368_c2c3bb8e95_o.jpg","datePublished":"2025-07-16T11:20:23+00:00","dateModified":"2025-07-16T11:20:49+00:00","author":{"@id":"https:\/\/www.unigirona.cat\/#\/schema\/person\/475ba176dc25b40920d6ebae4b40d2fb"},"breadcrumb":{"@id":"https:\/\/www.unigirona.cat\/confirmats-els-horaris-de-la-lliga-catalana-femenina\/#breadcrumb"},"inLanguage":"en-US","potentialAction":[{"@type":"ReadAction","target":["https:\/\/www.unigirona.cat\/confirmats-els-horaris-de-la-lliga-catalana-femenina\/"]}]},{"@type":"ImageObject","inLanguage":"en-US","@id":"https:\/\/www.unigirona.cat\/confirmats-els-horaris-de-la-lliga-catalana-femenina\/#primaryimage","url":"https:\/\/www.unigirona.cat\/wp-content\/uploads\/2025\/07\/54013109368_c2c3bb8e95_o.jpg","contentUrl":"https:\/\/www.unigirona.cat\/wp-content\/uploads\/2025\/07\/54013109368_c2c3bb8e95_o.jpg","width":3254,"height":2169},{"@type":"BreadcrumbList","@id":"https:\/\/www.unigirona.cat\/confirmats-els-horaris-de-la-lliga-catalana-femenina\/#breadcrumb","itemListElement":[{"@type":"ListItem","position":1,"name":"Portada","item":"https:\/\/www.unigirona.cat\/"},{"@type":"ListItem","position":2,"name":"Confirmats els horaris de la Lliga Catalana Femenina"}]},{"@type":"WebSite","@id":"https:\/\/www.unigirona.cat\/#website","url":"https:\/\/www.unigirona.cat\/","name":"Spar Girona","description":"","potentialAction":[{"@type":"SearchAction","target":{"@type":"EntryPoint","urlTemplate":"https:\/\/www.unigirona.cat\/?s={search_term_string}"},"query-input":{"@type":"PropertyValueSpecification","valueRequired":true,"valueName":"search_term_string"}}],"inLanguage":"en-US"},{"@type":"Person","@id":"https:\/\/www.unigirona.cat\/#\/schema\/person\/475ba176dc25b40920d6ebae4b40d2fb","name":"premsa","image":{"@type":"ImageObject","inLanguage":"en-US","@id":"https:\/\/www.unigirona.cat\/#\/schema\/person\/image\/","url":"https:\/\/secure.gravatar.com\/avatar\/aaa70a46dde13fc461ebe5bc96d2c4be?s=96&d=mm&r=g","contentUrl":"https:\/\/secure.gravatar.com\/avatar\/aaa70a46dde13fc461ebe5bc96d2c4be?s=96&d=mm&r=g","caption":"premsa"},"url":"https:\/\/www.unigirona.cat\/en\/author\/premsa\/"}]}},"_links":{"self":[{"href":"https:\/\/www.unigirona.cat\/en\/wp-json\/wp\/v2\/posts\/45042"}],"collection":[{"href":"https:\/\/www.unigirona.cat\/en\/wp-json\/wp\/v2\/posts"}],"about":[{"href":"https:\/\/www.unigirona.cat\/en\/wp-json\/wp\/v2\/types\/post"}],"author":[{"embeddable":true,"href":"https:\/\/www.unigirona.cat\/en\/wp-json\/wp\/v2\/users\/2"}],"replies":[{"embeddable":true,"href":"https:\/\/www.unigirona.cat\/en\/wp-json\/wp\/v2\/comments?post=45042"}],"version-history":[{"count":2,"href":"https:\/\/www.unigirona.cat\/en\/wp-json\/wp\/v2\/posts\/45042\/revisions"}],"predecessor-version":[{"id":45047,"href":"https:\/\/www.unigirona.cat\/en\/wp-json\/wp\/v2\/posts\/45042\/revisions\/45047"}],"wp:featuredmedia":[{"embeddable":true,"href":"https:\/\/www.unigirona.cat\/en\/wp-json\/wp\/v2\/media\/45043"}],"wp:attachment":[{"href":"https:\/\/www.unigirona.cat\/en\/wp-json\/wp\/v2\/media?parent=45042"}],"wp:term":[{"taxonomy":"category","embeddable":true,"href":"https:\/\/www.unigirona.cat\/en\/wp-json\/wp\/v2\/categories?post=45042"},{"taxonomy":"post_tag","embeddable":true,"href":"https:\/\/www.unigirona.cat\/en\/wp-json\/wp\/v2\/tags?post=45042"}],"curies":[{"name":"wp","href":"https:\/\/api.w.org\/{rel}","templated":true}]}}