{"id":45096,"date":"2025-07-21T11:09:50","date_gmt":"2025-07-21T09:09:50","guid":{"rendered":"https:\/\/www.unigirona.cat\/?p=45096"},"modified":"2025-07-21T11:09:56","modified_gmt":"2025-07-21T09:09:56","slug":"lespai-girones-reafirma-el-suport-al-basquet-gironi-amb-un-nou-conveni","status":"publish","type":"post","link":"https:\/\/www.unigirona.cat\/en\/lespai-girones-reafirma-el-suport-al-basquet-gironi-amb-un-nou-conveni\/","title":{"rendered":"L\u2019Espai Giron\u00e8s reafirma el suport al b\u00e0squet giron\u00ed amb un nou conveni"},"content":{"rendered":"<p><em>L\u2019objectiu \u00e9s seguir sumant sinergies a favor del territori.<\/em><\/p><p>L\u2019Espai Giron\u00e8s i el B\u00e0squet Girona han signat un acord de col\u00b7laboraci\u00f3 per refor\u00e7ar el seu comprom\u00eds amb el b\u00e0squet femen\u00ed de la ciutat de Girona i continuar sumant sinergies a favor de l\u2019esport giron\u00ed en el territori.&nbsp;<\/p><p>Durant catorze temporades, l\u2019Espai Giron\u00e8s ha estat fidel col\u00b7laborador de l\u2019Uni Girona. Amb aquest nou acord es compleixen quinze temporades de suport ininterromput de l\u2019Espai Giron\u00e8s al b\u00e0squet femen\u00ed, estrenyent aix\u00ed els seus lla\u00e7os amb aquest esport a la ciutat.<\/p><p>Com a part d\u2019aquest conveni, el logotip de l\u2019Espai Giron\u00e8s tindr\u00e0 visibilitat destacada en l\u2019equipaci\u00f3 de joc de l\u2019equip femen\u00ed concretament a la part posterior del pantal\u00f3, en les competicions de la Federaci\u00f3 Espanyola de B\u00e0squet (FEB).<\/p><p>La signatura del conveni s\u2019ha dut a terme al pavell\u00f3 de Fontajau de Girona, i ha comptat amb la pres\u00e8ncia de la CEO del club, Stefi Batlle, i del gerent de l\u2019Espai Giron\u00e8s, Pau Jord\u00e0.&nbsp;<\/p><p>Stefi Batlle, CEO del B\u00e0squet Girona destaca &#8220;renovar amb una empresa del territori \u00e9s una veritable il\u00b7lusi\u00f3. Valorem profundament el suport que han brindat a l\u2019Uni Girona durant tants anys, i sobretot, agra\u00efm la confian\u00e7a que ens donen ara en el nou projecte del b\u00e0squet giron\u00ed. Estem conven\u00e7uts que aquesta col\u00b7laboraci\u00f3 ens aportar\u00e0 molts \u00e8xits i moltes alegries, i seguirem treballant per fer cr\u00e9ixer i enfortir el b\u00e0squet a la ciutat.<\/p><p>Per la seva banda, Pau Jord\u00e0, gerent de l\u2019Espai Giron\u00e8s, valora \u201cun acord de continu\u00eftat, molt positiu, donat que compartim els valors gironins de treball, formaci\u00f3 i excel\u00b7l\u00e8ncia, a m\u00e9s de reafirmar la nostra aposta pel b\u00e0squet femen\u00ed a la prov\u00edncia de Girona. Enguany, aquest acord t\u00e9 m\u00e9s import\u00e0ncia encara amb la integraci\u00f3 dels dos clubs de refer\u00e8ncia d\u2019aquest esport, i esperem que ens aporti molts \u00e8xits aquesta propera temporada\u201d.<\/p><p>L\u2019Espai Giron\u00e8s col\u00b7labora amb un gran nombre d\u2019accions adre\u00e7ades a la poblaci\u00f3 del seu entorn, a m\u00e9s de dur a terme convenis de col\u00b7laboraci\u00f3 amb diferents entitats esportives. Aquesta acci\u00f3 s\u2019emmarca dins aquest context de comprom\u00eds amb el territori i els seus habitants, que donen tamb\u00e9 un suport constant i aposten per l\u2019Espai Giron\u00e8s com a centre comercial de refer\u00e8ncia.&nbsp;<\/p><p><strong>ESPAI GIRON\u00c8S<\/strong><\/p><p>L\u2019Espai Giron\u00e8s, que aquest any ha celebrat el seu vint\u00e8 aniversari, va obrir les portes el 25 de maig del 2005 al Cam\u00ed dels Carlins del Pla de Salt va ser el primer centre d\u2019aquestes caracter\u00edstiques a la demarcaci\u00f3 de Girona. Hi treballen de manera directa m\u00e9s d\u2019un miler de persones i indirectament dona feina a unes 2.500 persones m\u00e9s.&nbsp;<\/p><p>Espai Giron\u00e8s est\u00e0 situat en una zona d\u2019expansi\u00f3 urban\u00edstica del municipi de Salt que limita amb Girona i al costat de l\u2019autopista AP-7. L\u2019excepcional ubicaci\u00f3 del centre permet que la seva \u00e0rea d\u2019influ\u00e8ncia directa sigui de 400.000 habitants i que pugui generar una aflu\u00e8ncia de m\u00e9s de sis milions i mig de visitants a l\u2019any.&nbsp;<\/p><p>Disposa de 46.000 metres quadrats de superf\u00edcie de locals distribu\u00efts en dues plantes on hi ha instal\u00b7lats operadors l\u00edders com Primark, Alcampo, Fnac, Starbucks, Ode\u00f3n Multicines, Zara, Munich, Rituals, Drim, H&amp;M, Levi\u2019s, Bershka, Pull &amp; Bear, MS Mode, Springfield, Mango, Alain Afflelou, JD Sports, Brighty&amp;Co, entre d\u2019altres. El centre comercial Espai Giron\u00e8s compta amb 2.500 places d\u2019aparcament gratu\u00eft.<\/p><p><strong>MULTI SPAIN MANAGEMENT <\/strong>&nbsp;<\/p><p>Multi Spain Management SA realitza la gesti\u00f3 integral del centre comercial que compr\u00e8n els serveis de ger\u00e8ncia, gesti\u00f3 patrimonial i re-comercialitzaci\u00f3 del mateix, construint relacions de confian\u00e7a amb els arrendataris (de tots els sectors) i la propietat, alhora que fomenta la modernitzaci\u00f3 i la reestructuraci\u00f3 constant del centre comercial gr\u00e0cies al control efectiu dels seus resultats.<\/p><p>Multi Spain Management pertany al grup Multi Corporation, empresa l\u00edder en el sector immobiliari, que en l&#8217;actualitat \u00e9s propietari i\/o gestiona centres comercials de gran qualitat a Europa i Turquia, incrementant el valor dels seus actius, convertint-los en un catalitzador del creixement econ\u00f2mic i la regeneraci\u00f3 social de les ciutats i regions on s&#8217;ubiquen.<\/p><p>Multi \u00e9s propietari i \/ o gestiona 130 centres comercials, que reben 400 milions de visitants cada any, que gasten una quantitat estimada de 4.000 milions d&#8217;euros en m\u00e9s de 6.000 botigues, restaurants i zones d&#8217;oci en m\u00e9s de 2.000.000 m\u00b2 SBA. Multi compta amb m\u00e9s de 650 professionals qualificats, que presten serveis de qualitat altament especialitzats en 14 pa\u00efsos europeus, inclosa Turquia (on \u00e9s la major empresa propiet\u00e0ria i de gesti\u00f3 de centres comercials). Multi disposa d&#8217;un estudi d&#8217;arquitectura, T&amp;T Design, que dissenya tots els conceptes arquitect\u00f2nics i de desenvolupament urban\u00edstic del grup amb un segell \u00fanic. Des de la seva fundaci\u00f3 el 1982, els seus projectes han estat reconeguts internacionalment per la seva naturalesa innovadora, qualitat arquitect\u00f2nica, sostenibilitat i profunda sensibilitat pels entorns locals treballant constantment en la gesti\u00f3 d&#8217;estrat\u00e8gies ambientals per refor\u00e7ar la seva pol\u00edtica de sostenibilitat incrementant l\u2019ecoefici\u00e8ncia dels projectes. <\/p>","protected":false},"excerpt":{"rendered":"<p>L\u2019objectiu \u00e9s seguir sumant sinergies a favor del territori. L\u2019Espai Giron\u00e8s i el B\u00e0squet Girona han signat un acord de col\u00b7laboraci\u00f3 per refor\u00e7ar el seu comprom\u00eds amb el b\u00e0squet femen\u00ed de la ciutat de Girona i continuar sumant sinergies a favor de l\u2019esport giron\u00ed en el territori.&nbsp; Durant catorze temporades, l\u2019Espai Giron\u00e8s ha estat fidel [&hellip;]<\/p>\n","protected":false},"author":2,"featured_media":45097,"comment_status":"open","ping_status":"open","sticky":false,"template":"","format":"standard","meta":{"footnotes":""},"categories":[542,1],"tags":[],"class_list":["post-45096","post","type-post","status-publish","format-standard","has-post-thumbnail","hentry","category-lf-endesa","category-uncategorized-ca"],"yoast_head":"<!-- This site is optimized with the Yoast SEO plugin v25.1 - https:\/\/yoast.com\/wordpress\/plugins\/seo\/ -->\n<title>L\u2019Espai Giron\u00e8s reafirma el suport al b\u00e0squet giron\u00ed amb un nou conveni - UNI B\u00e0squet Girona<\/title>\n<meta name=\"robots\" content=\"index, follow, max-snippet:-1, max-image-preview:large, max-video-preview:-1\" \/>\n<link rel=\"canonical\" href=\"https:\/\/www.unigirona.cat\/lespai-girones-reafirma-el-suport-al-basquet-gironi-amb-un-nou-conveni\/\" \/>\n<meta property=\"og:locale\" content=\"en_US\" \/>\n<meta property=\"og:type\" content=\"article\" \/>\n<meta property=\"og:title\" content=\"L\u2019Espai Giron\u00e8s reafirma el suport al b\u00e0squet giron\u00ed amb un nou conveni - UNI B\u00e0squet Girona\" \/>\n<meta property=\"og:description\" content=\"L\u2019objectiu \u00e9s seguir sumant sinergies a favor del territori. L\u2019Espai Giron\u00e8s i el B\u00e0squet Girona han signat un acord de col\u00b7laboraci\u00f3 per refor\u00e7ar el seu comprom\u00eds amb el b\u00e0squet femen\u00ed de la ciutat de Girona i continuar sumant sinergies a favor de l\u2019esport giron\u00ed en el territori.&nbsp; Durant catorze temporades, l\u2019Espai Giron\u00e8s ha estat fidel [&hellip;]\" \/>\n<meta property=\"og:url\" content=\"https:\/\/www.unigirona.cat\/lespai-girones-reafirma-el-suport-al-basquet-gironi-amb-un-nou-conveni\/\" \/>\n<meta property=\"og:site_name\" content=\"UNI B\u00e0squet Girona\" \/>\n<meta property=\"article:published_time\" content=\"2025-07-21T09:09:50+00:00\" \/>\n<meta property=\"article:modified_time\" content=\"2025-07-21T09:09:56+00:00\" \/>\n<meta property=\"og:image\" content=\"http:\/\/www.unigirona.cat\/wp-content\/uploads\/2025\/07\/IMG_8330-Mejorado-NR-1024x683.jpg\" \/>\n\t<meta property=\"og:image:width\" content=\"1024\" \/>\n\t<meta property=\"og:image:height\" content=\"683\" \/>\n\t<meta property=\"og:image:type\" content=\"image\/jpeg\" \/>\n<meta name=\"author\" content=\"premsa\" \/>\n<meta name=\"twitter:card\" content=\"summary_large_image\" \/>\n<meta name=\"twitter:label1\" content=\"Written by\" \/>\n\t<meta name=\"twitter:data1\" content=\"premsa\" \/>\n\t<meta name=\"twitter:label2\" content=\"Est. reading time\" \/>\n\t<meta name=\"twitter:data2\" content=\"5 minutes\" \/>\n<script type=\"application\/ld+json\" class=\"yoast-schema-graph\">{\"@context\":\"https:\/\/schema.org\",\"@graph\":[{\"@type\":\"WebPage\",\"@id\":\"https:\/\/www.unigirona.cat\/lespai-girones-reafirma-el-suport-al-basquet-gironi-amb-un-nou-conveni\/\",\"url\":\"https:\/\/www.unigirona.cat\/lespai-girones-reafirma-el-suport-al-basquet-gironi-amb-un-nou-conveni\/\",\"name\":\"L\u2019Espai Giron\u00e8s reafirma el suport al b\u00e0squet giron\u00ed amb un nou conveni - UNI B\u00e0squet Girona\",\"isPartOf\":{\"@id\":\"https:\/\/www.unigirona.cat\/#website\"},\"primaryImageOfPage\":{\"@id\":\"https:\/\/www.unigirona.cat\/lespai-girones-reafirma-el-suport-al-basquet-gironi-amb-un-nou-conveni\/#primaryimage\"},\"image\":{\"@id\":\"https:\/\/www.unigirona.cat\/lespai-girones-reafirma-el-suport-al-basquet-gironi-amb-un-nou-conveni\/#primaryimage\"},\"thumbnailUrl\":\"https:\/\/www.unigirona.cat\/wp-content\/uploads\/2025\/07\/IMG_8330-Mejorado-NR.jpg\",\"datePublished\":\"2025-07-21T09:09:50+00:00\",\"dateModified\":\"2025-07-21T09:09:56+00:00\",\"author\":{\"@id\":\"https:\/\/www.unigirona.cat\/#\/schema\/person\/475ba176dc25b40920d6ebae4b40d2fb\"},\"breadcrumb\":{\"@id\":\"https:\/\/www.unigirona.cat\/lespai-girones-reafirma-el-suport-al-basquet-gironi-amb-un-nou-conveni\/#breadcrumb\"},\"inLanguage\":\"en-US\",\"potentialAction\":[{\"@type\":\"ReadAction\",\"target\":[\"https:\/\/www.unigirona.cat\/lespai-girones-reafirma-el-suport-al-basquet-gironi-amb-un-nou-conveni\/\"]}]},{\"@type\":\"ImageObject\",\"inLanguage\":\"en-US\",\"@id\":\"https:\/\/www.unigirona.cat\/lespai-girones-reafirma-el-suport-al-basquet-gironi-amb-un-nou-conveni\/#primaryimage\",\"url\":\"https:\/\/www.unigirona.cat\/wp-content\/uploads\/2025\/07\/IMG_8330-Mejorado-NR.jpg\",\"contentUrl\":\"https:\/\/www.unigirona.cat\/wp-content\/uploads\/2025\/07\/IMG_8330-Mejorado-NR.jpg\",\"width\":6139,\"height\":4093},{\"@type\":\"BreadcrumbList\",\"@id\":\"https:\/\/www.unigirona.cat\/lespai-girones-reafirma-el-suport-al-basquet-gironi-amb-un-nou-conveni\/#breadcrumb\",\"itemListElement\":[{\"@type\":\"ListItem\",\"position\":1,\"name\":\"Portada\",\"item\":\"https:\/\/www.unigirona.cat\/\"},{\"@type\":\"ListItem\",\"position\":2,\"name\":\"L\u2019Espai Giron\u00e8s reafirma el suport al b\u00e0squet giron\u00ed amb un nou conveni\"}]},{\"@type\":\"WebSite\",\"@id\":\"https:\/\/www.unigirona.cat\/#website\",\"url\":\"https:\/\/www.unigirona.cat\/\",\"name\":\"Spar Girona\",\"description\":\"\",\"potentialAction\":[{\"@type\":\"SearchAction\",\"target\":{\"@type\":\"EntryPoint\",\"urlTemplate\":\"https:\/\/www.unigirona.cat\/?s={search_term_string}\"},\"query-input\":{\"@type\":\"PropertyValueSpecification\",\"valueRequired\":true,\"valueName\":\"search_term_string\"}}],\"inLanguage\":\"en-US\"},{\"@type\":\"Person\",\"@id\":\"https:\/\/www.unigirona.cat\/#\/schema\/person\/475ba176dc25b40920d6ebae4b40d2fb\",\"name\":\"premsa\",\"image\":{\"@type\":\"ImageObject\",\"inLanguage\":\"en-US\",\"@id\":\"https:\/\/www.unigirona.cat\/#\/schema\/person\/image\/\",\"url\":\"https:\/\/secure.gravatar.com\/avatar\/aaa70a46dde13fc461ebe5bc96d2c4be?s=96&d=mm&r=g\",\"contentUrl\":\"https:\/\/secure.gravatar.com\/avatar\/aaa70a46dde13fc461ebe5bc96d2c4be?s=96&d=mm&r=g\",\"caption\":\"premsa\"},\"url\":\"https:\/\/www.unigirona.cat\/en\/author\/premsa\/\"}]}<\/script>\n<!-- \/ Yoast SEO plugin. -->","yoast_head_json":{"title":"L\u2019Espai Giron\u00e8s reafirma el suport al b\u00e0squet giron\u00ed amb un nou conveni - UNI B\u00e0squet Girona","robots":{"index":"index","follow":"follow","max-snippet":"max-snippet:-1","max-image-preview":"max-image-preview:large","max-video-preview":"max-video-preview:-1"},"canonical":"https:\/\/www.unigirona.cat\/lespai-girones-reafirma-el-suport-al-basquet-gironi-amb-un-nou-conveni\/","og_locale":"en_US","og_type":"article","og_title":"L\u2019Espai Giron\u00e8s reafirma el suport al b\u00e0squet giron\u00ed amb un nou conveni - UNI B\u00e0squet Girona","og_description":"L\u2019objectiu \u00e9s seguir sumant sinergies a favor del territori. L\u2019Espai Giron\u00e8s i el B\u00e0squet Girona han signat un acord de col\u00b7laboraci\u00f3 per refor\u00e7ar el seu comprom\u00eds amb el b\u00e0squet femen\u00ed de la ciutat de Girona i continuar sumant sinergies a favor de l\u2019esport giron\u00ed en el territori.&nbsp; Durant catorze temporades, l\u2019Espai Giron\u00e8s ha estat fidel [&hellip;]","og_url":"https:\/\/www.unigirona.cat\/lespai-girones-reafirma-el-suport-al-basquet-gironi-amb-un-nou-conveni\/","og_site_name":"UNI B\u00e0squet Girona","article_published_time":"2025-07-21T09:09:50+00:00","article_modified_time":"2025-07-21T09:09:56+00:00","og_image":[{"width":1024,"height":683,"url":"http:\/\/www.unigirona.cat\/wp-content\/uploads\/2025\/07\/IMG_8330-Mejorado-NR-1024x683.jpg","type":"image\/jpeg"}],"author":"premsa","twitter_card":"summary_large_image","twitter_misc":{"Written by":"premsa","Est. reading time":"5 minutes"},"schema":{"@context":"https:\/\/schema.org","@graph":[{"@type":"WebPage","@id":"https:\/\/www.unigirona.cat\/lespai-girones-reafirma-el-suport-al-basquet-gironi-amb-un-nou-conveni\/","url":"https:\/\/www.unigirona.cat\/lespai-girones-reafirma-el-suport-al-basquet-gironi-amb-un-nou-conveni\/","name":"L\u2019Espai Giron\u00e8s reafirma el suport al b\u00e0squet giron\u00ed amb un nou conveni - UNI B\u00e0squet Girona","isPartOf":{"@id":"https:\/\/www.unigirona.cat\/#website"},"primaryImageOfPage":{"@id":"https:\/\/www.unigirona.cat\/lespai-girones-reafirma-el-suport-al-basquet-gironi-amb-un-nou-conveni\/#primaryimage"},"image":{"@id":"https:\/\/www.unigirona.cat\/lespai-girones-reafirma-el-suport-al-basquet-gironi-amb-un-nou-conveni\/#primaryimage"},"thumbnailUrl":"https:\/\/www.unigirona.cat\/wp-content\/uploads\/2025\/07\/IMG_8330-Mejorado-NR.jpg","datePublished":"2025-07-21T09:09:50+00:00","dateModified":"2025-07-21T09:09:56+00:00","author":{"@id":"https:\/\/www.unigirona.cat\/#\/schema\/person\/475ba176dc25b40920d6ebae4b40d2fb"},"breadcrumb":{"@id":"https:\/\/www.unigirona.cat\/lespai-girones-reafirma-el-suport-al-basquet-gironi-amb-un-nou-conveni\/#breadcrumb"},"inLanguage":"en-US","potentialAction":[{"@type":"ReadAction","target":["https:\/\/www.unigirona.cat\/lespai-girones-reafirma-el-suport-al-basquet-gironi-amb-un-nou-conveni\/"]}]},{"@type":"ImageObject","inLanguage":"en-US","@id":"https:\/\/www.unigirona.cat\/lespai-girones-reafirma-el-suport-al-basquet-gironi-amb-un-nou-conveni\/#primaryimage","url":"https:\/\/www.unigirona.cat\/wp-content\/uploads\/2025\/07\/IMG_8330-Mejorado-NR.jpg","contentUrl":"https:\/\/www.unigirona.cat\/wp-content\/uploads\/2025\/07\/IMG_8330-Mejorado-NR.jpg","width":6139,"height":4093},{"@type":"BreadcrumbList","@id":"https:\/\/www.unigirona.cat\/lespai-girones-reafirma-el-suport-al-basquet-gironi-amb-un-nou-conveni\/#breadcrumb","itemListElement":[{"@type":"ListItem","position":1,"name":"Portada","item":"https:\/\/www.unigirona.cat\/"},{"@type":"ListItem","position":2,"name":"L\u2019Espai Giron\u00e8s reafirma el suport al b\u00e0squet giron\u00ed amb un nou conveni"}]},{"@type":"WebSite","@id":"https:\/\/www.unigirona.cat\/#website","url":"https:\/\/www.unigirona.cat\/","name":"Spar Girona","description":"","potentialAction":[{"@type":"SearchAction","target":{"@type":"EntryPoint","urlTemplate":"https:\/\/www.unigirona.cat\/?s={search_term_string}"},"query-input":{"@type":"PropertyValueSpecification","valueRequired":true,"valueName":"search_term_string"}}],"inLanguage":"en-US"},{"@type":"Person","@id":"https:\/\/www.unigirona.cat\/#\/schema\/person\/475ba176dc25b40920d6ebae4b40d2fb","name":"premsa","image":{"@type":"ImageObject","inLanguage":"en-US","@id":"https:\/\/www.unigirona.cat\/#\/schema\/person\/image\/","url":"https:\/\/secure.gravatar.com\/avatar\/aaa70a46dde13fc461ebe5bc96d2c4be?s=96&d=mm&r=g","contentUrl":"https:\/\/secure.gravatar.com\/avatar\/aaa70a46dde13fc461ebe5bc96d2c4be?s=96&d=mm&r=g","caption":"premsa"},"url":"https:\/\/www.unigirona.cat\/en\/author\/premsa\/"}]}},"_links":{"self":[{"href":"https:\/\/www.unigirona.cat\/en\/wp-json\/wp\/v2\/posts\/45096"}],"collection":[{"href":"https:\/\/www.unigirona.cat\/en\/wp-json\/wp\/v2\/posts"}],"about":[{"href":"https:\/\/www.unigirona.cat\/en\/wp-json\/wp\/v2\/types\/post"}],"author":[{"embeddable":true,"href":"https:\/\/www.unigirona.cat\/en\/wp-json\/wp\/v2\/users\/2"}],"replies":[{"embeddable":true,"href":"https:\/\/www.unigirona.cat\/en\/wp-json\/wp\/v2\/comments?post=45096"}],"version-history":[{"count":1,"href":"https:\/\/www.unigirona.cat\/en\/wp-json\/wp\/v2\/posts\/45096\/revisions"}],"predecessor-version":[{"id":45100,"href":"https:\/\/www.unigirona.cat\/en\/wp-json\/wp\/v2\/posts\/45096\/revisions\/45100"}],"wp:featuredmedia":[{"embeddable":true,"href":"https:\/\/www.unigirona.cat\/en\/wp-json\/wp\/v2\/media\/45097"}],"wp:attachment":[{"href":"https:\/\/www.unigirona.cat\/en\/wp-json\/wp\/v2\/media?parent=45096"}],"wp:term":[{"taxonomy":"category","embeddable":true,"href":"https:\/\/www.unigirona.cat\/en\/wp-json\/wp\/v2\/categories?post=45096"},{"taxonomy":"post_tag","embeddable":true,"href":"https:\/\/www.unigirona.cat\/en\/wp-json\/wp\/v2\/tags?post=45096"}],"curies":[{"name":"wp","href":"https:\/\/api.w.org\/{rel}","templated":true}]}}