{"id":45392,"date":"2025-08-28T13:47:17","date_gmt":"2025-08-28T11:47:17","guid":{"rendered":"https:\/\/www.unigirona.cat\/?p=45392"},"modified":"2025-08-28T13:47:19","modified_gmt":"2025-08-28T11:47:19","slug":"pere-puig-tenim-lequip-que-voliem","status":"publish","type":"post","link":"https:\/\/www.unigirona.cat\/en\/pere-puig-tenim-lequip-que-voliem\/","title":{"rendered":"PERE PUIG: \u201cTENIM L\u2019EQUIP QUE VOL\u00cdEM\u201d"},"content":{"rendered":"<p>El director esportiu de l\u2019Spar Girona, Pere Puig, ha valorat aquest dimecres l\u2019estat de la plantilla i la preparaci\u00f3 de la temporada 2025\u201326. Puig ha subratllat la import\u00e0ncia de mantenir el bloc, la idea de joc marcada per Roberto \u00cd\u00f1iguez i el comprom\u00eds mostrat per les jugadores.<\/p><p>\u201cHi ha un fet que ens obre els ulls, el partit contra el Casademont Zaragoza del 4 de maig. Amb una renda molt inferior, l\u2019equip va oferir un dels millors partits de la temporada. Les jugadores ens demostren implicaci\u00f3 i ganes de lluitar per l\u2019escut. Ens va quedar clar que hav\u00edem de mantenir el bloc amb la idea de joc i el prop\u00f2sit de fer un equip competitiu i que enganxi l\u2019afici\u00f3. Totes les jugadores que hem firmat s\u00f3n primeres opcions. Tenim l\u2019equip que vol\u00edem tenir.\u201d<\/p><p>Puig tamb\u00e9 ha destacat la filosofia de joc que es vol consolidar sota la direcci\u00f3 de Roberto \u00cd\u00f1iguez: \u201cEs vol fer un joc din\u00e0mic on qualsevol jugadora tingui opcions per atacar i sentir-se c\u00f2moda. Busquem que Coulibaly ens ajudi, per\u00f2 no busquem una referent: busquem que tothom es complementi dins la idea de joc de Roberto.\u201d<\/p><p>Tamb\u00e9 ha posat en valor el car\u00e0cter de l\u2019entrenador i el comprom\u00eds del grup: \u201cEs vol competir. No deixa de ser una plantilla curta per encarar les dues competicions, per\u00f2 \u00e9s la plantilla que volem.\u201d<\/p><p>Sobre les opcions de t\u00edtol i el paper de favorit, el director esportiu ha estat clar: \u201cNo ho som (els favorits). Per\u00f2 \u00e9s igual. La idea \u00e9s la d\u2019intentar competir i lluitar pels t\u00edtols, i sobretot d\u2019intentar donar un bon espectacle. La gent compta que donem un bon espectacle, sabem que aix\u00f2 ho esperen amb moltes ganes.\u201d<\/p><p>Finalment, ha valorat la feina amb les jugadores de formaci\u00f3: \u201cEls tres anys que portem de col\u00b7laboraci\u00f3 estan donant fruits, per\u00f2 el salt a la Lliga Femenina \u00e9s molt gran. Hi ha jugadores j\u00fanior i cadet que fan la pretemporada amb el primer equip, per\u00f2 no els volem posar pressi\u00f3.\u201d<\/p><p>Pel que fa a les arribades pendents, Canella s\u2019incorporar\u00e0 la setmana vinent, Carter ho far\u00e0 despr\u00e9s del 3\u00d73 (com a molt tard el 16 o 17 de setembre) i Bibby s\u2019unir\u00e0 a l\u2019equip un cop finalitzi la seva participaci\u00f3 a la WNBA.<\/p>","protected":false},"excerpt":{"rendered":"<p>El director esportiu de l\u2019Spar Girona, Pere Puig, ha valorat aquest dimecres l\u2019estat de la plantilla i la preparaci\u00f3 de la temporada 2025\u201326. Puig ha subratllat la import\u00e0ncia de mantenir el bloc, la idea de joc marcada per Roberto \u00cd\u00f1iguez i el comprom\u00eds mostrat per les jugadores. \u201cHi ha un fet que ens obre els [&hellip;]<\/p>\n","protected":false},"author":2,"featured_media":45393,"comment_status":"open","ping_status":"open","sticky":false,"template":"","format":"standard","meta":{"footnotes":""},"categories":[841],"tags":[],"class_list":["post-45392","post","type-post","status-publish","format-standard","has-post-thumbnail","hentry","category-ultima-hora"],"yoast_head":"<!-- This site is optimized with the Yoast SEO plugin v25.1 - https:\/\/yoast.com\/wordpress\/plugins\/seo\/ -->\n<title>PERE PUIG: \u201cTENIM L\u2019EQUIP QUE VOL\u00cdEM\u201d - UNI B\u00e0squet Girona<\/title>\n<meta name=\"robots\" content=\"index, follow, max-snippet:-1, max-image-preview:large, max-video-preview:-1\" \/>\n<link rel=\"canonical\" href=\"https:\/\/www.unigirona.cat\/pere-puig-tenim-lequip-que-voliem\/\" \/>\n<meta property=\"og:locale\" content=\"en_US\" \/>\n<meta property=\"og:type\" content=\"article\" \/>\n<meta property=\"og:title\" content=\"PERE PUIG: \u201cTENIM L\u2019EQUIP QUE VOL\u00cdEM\u201d - UNI B\u00e0squet Girona\" \/>\n<meta property=\"og:description\" content=\"El director esportiu de l\u2019Spar Girona, Pere Puig, ha valorat aquest dimecres l\u2019estat de la plantilla i la preparaci\u00f3 de la temporada 2025\u201326. Puig ha subratllat la import\u00e0ncia de mantenir el bloc, la idea de joc marcada per Roberto \u00cd\u00f1iguez i el comprom\u00eds mostrat per les jugadores. \u201cHi ha un fet que ens obre els [&hellip;]\" \/>\n<meta property=\"og:url\" content=\"https:\/\/www.unigirona.cat\/pere-puig-tenim-lequip-que-voliem\/\" \/>\n<meta property=\"og:site_name\" content=\"UNI B\u00e0squet Girona\" \/>\n<meta property=\"article:published_time\" content=\"2025-08-28T11:47:17+00:00\" \/>\n<meta property=\"article:modified_time\" content=\"2025-08-28T11:47:19+00:00\" \/>\n<meta property=\"og:image\" content=\"http:\/\/www.unigirona.cat\/wp-content\/uploads\/2025\/08\/IMG_0447-min-1-1024x683.jpg\" \/>\n\t<meta property=\"og:image:width\" content=\"1024\" \/>\n\t<meta property=\"og:image:height\" content=\"683\" \/>\n\t<meta property=\"og:image:type\" content=\"image\/jpeg\" \/>\n<meta name=\"author\" content=\"premsa\" \/>\n<meta name=\"twitter:card\" content=\"summary_large_image\" \/>\n<meta name=\"twitter:label1\" content=\"Written by\" \/>\n\t<meta name=\"twitter:data1\" content=\"premsa\" \/>\n\t<meta name=\"twitter:label2\" content=\"Est. reading time\" \/>\n\t<meta name=\"twitter:data2\" content=\"3 minutes\" \/>\n<script type=\"application\/ld+json\" class=\"yoast-schema-graph\">{\"@context\":\"https:\/\/schema.org\",\"@graph\":[{\"@type\":\"WebPage\",\"@id\":\"https:\/\/www.unigirona.cat\/pere-puig-tenim-lequip-que-voliem\/\",\"url\":\"https:\/\/www.unigirona.cat\/pere-puig-tenim-lequip-que-voliem\/\",\"name\":\"PERE PUIG: \u201cTENIM L\u2019EQUIP QUE VOL\u00cdEM\u201d - UNI B\u00e0squet Girona\",\"isPartOf\":{\"@id\":\"https:\/\/www.unigirona.cat\/#website\"},\"primaryImageOfPage\":{\"@id\":\"https:\/\/www.unigirona.cat\/pere-puig-tenim-lequip-que-voliem\/#primaryimage\"},\"image\":{\"@id\":\"https:\/\/www.unigirona.cat\/pere-puig-tenim-lequip-que-voliem\/#primaryimage\"},\"thumbnailUrl\":\"https:\/\/www.unigirona.cat\/wp-content\/uploads\/2025\/08\/IMG_0447-min-1.jpg\",\"datePublished\":\"2025-08-28T11:47:17+00:00\",\"dateModified\":\"2025-08-28T11:47:19+00:00\",\"author\":{\"@id\":\"https:\/\/www.unigirona.cat\/#\/schema\/person\/475ba176dc25b40920d6ebae4b40d2fb\"},\"breadcrumb\":{\"@id\":\"https:\/\/www.unigirona.cat\/pere-puig-tenim-lequip-que-voliem\/#breadcrumb\"},\"inLanguage\":\"en-US\",\"potentialAction\":[{\"@type\":\"ReadAction\",\"target\":[\"https:\/\/www.unigirona.cat\/pere-puig-tenim-lequip-que-voliem\/\"]}]},{\"@type\":\"ImageObject\",\"inLanguage\":\"en-US\",\"@id\":\"https:\/\/www.unigirona.cat\/pere-puig-tenim-lequip-que-voliem\/#primaryimage\",\"url\":\"https:\/\/www.unigirona.cat\/wp-content\/uploads\/2025\/08\/IMG_0447-min-1.jpg\",\"contentUrl\":\"https:\/\/www.unigirona.cat\/wp-content\/uploads\/2025\/08\/IMG_0447-min-1.jpg\",\"width\":4942,\"height\":3295},{\"@type\":\"BreadcrumbList\",\"@id\":\"https:\/\/www.unigirona.cat\/pere-puig-tenim-lequip-que-voliem\/#breadcrumb\",\"itemListElement\":[{\"@type\":\"ListItem\",\"position\":1,\"name\":\"Portada\",\"item\":\"https:\/\/www.unigirona.cat\/\"},{\"@type\":\"ListItem\",\"position\":2,\"name\":\"PERE PUIG: \u201cTENIM L\u2019EQUIP QUE VOL\u00cdEM\u201d\"}]},{\"@type\":\"WebSite\",\"@id\":\"https:\/\/www.unigirona.cat\/#website\",\"url\":\"https:\/\/www.unigirona.cat\/\",\"name\":\"Spar Girona\",\"description\":\"\",\"potentialAction\":[{\"@type\":\"SearchAction\",\"target\":{\"@type\":\"EntryPoint\",\"urlTemplate\":\"https:\/\/www.unigirona.cat\/?s={search_term_string}\"},\"query-input\":{\"@type\":\"PropertyValueSpecification\",\"valueRequired\":true,\"valueName\":\"search_term_string\"}}],\"inLanguage\":\"en-US\"},{\"@type\":\"Person\",\"@id\":\"https:\/\/www.unigirona.cat\/#\/schema\/person\/475ba176dc25b40920d6ebae4b40d2fb\",\"name\":\"premsa\",\"image\":{\"@type\":\"ImageObject\",\"inLanguage\":\"en-US\",\"@id\":\"https:\/\/www.unigirona.cat\/#\/schema\/person\/image\/\",\"url\":\"https:\/\/secure.gravatar.com\/avatar\/aaa70a46dde13fc461ebe5bc96d2c4be?s=96&d=mm&r=g\",\"contentUrl\":\"https:\/\/secure.gravatar.com\/avatar\/aaa70a46dde13fc461ebe5bc96d2c4be?s=96&d=mm&r=g\",\"caption\":\"premsa\"},\"url\":\"https:\/\/www.unigirona.cat\/en\/author\/premsa\/\"}]}<\/script>\n<!-- \/ Yoast SEO plugin. -->","yoast_head_json":{"title":"PERE PUIG: \u201cTENIM L\u2019EQUIP QUE VOL\u00cdEM\u201d - UNI B\u00e0squet Girona","robots":{"index":"index","follow":"follow","max-snippet":"max-snippet:-1","max-image-preview":"max-image-preview:large","max-video-preview":"max-video-preview:-1"},"canonical":"https:\/\/www.unigirona.cat\/pere-puig-tenim-lequip-que-voliem\/","og_locale":"en_US","og_type":"article","og_title":"PERE PUIG: \u201cTENIM L\u2019EQUIP QUE VOL\u00cdEM\u201d - UNI B\u00e0squet Girona","og_description":"El director esportiu de l\u2019Spar Girona, Pere Puig, ha valorat aquest dimecres l\u2019estat de la plantilla i la preparaci\u00f3 de la temporada 2025\u201326. Puig ha subratllat la import\u00e0ncia de mantenir el bloc, la idea de joc marcada per Roberto \u00cd\u00f1iguez i el comprom\u00eds mostrat per les jugadores. \u201cHi ha un fet que ens obre els [&hellip;]","og_url":"https:\/\/www.unigirona.cat\/pere-puig-tenim-lequip-que-voliem\/","og_site_name":"UNI B\u00e0squet Girona","article_published_time":"2025-08-28T11:47:17+00:00","article_modified_time":"2025-08-28T11:47:19+00:00","og_image":[{"width":1024,"height":683,"url":"http:\/\/www.unigirona.cat\/wp-content\/uploads\/2025\/08\/IMG_0447-min-1-1024x683.jpg","type":"image\/jpeg"}],"author":"premsa","twitter_card":"summary_large_image","twitter_misc":{"Written by":"premsa","Est. reading time":"3 minutes"},"schema":{"@context":"https:\/\/schema.org","@graph":[{"@type":"WebPage","@id":"https:\/\/www.unigirona.cat\/pere-puig-tenim-lequip-que-voliem\/","url":"https:\/\/www.unigirona.cat\/pere-puig-tenim-lequip-que-voliem\/","name":"PERE PUIG: \u201cTENIM L\u2019EQUIP QUE VOL\u00cdEM\u201d - UNI B\u00e0squet Girona","isPartOf":{"@id":"https:\/\/www.unigirona.cat\/#website"},"primaryImageOfPage":{"@id":"https:\/\/www.unigirona.cat\/pere-puig-tenim-lequip-que-voliem\/#primaryimage"},"image":{"@id":"https:\/\/www.unigirona.cat\/pere-puig-tenim-lequip-que-voliem\/#primaryimage"},"thumbnailUrl":"https:\/\/www.unigirona.cat\/wp-content\/uploads\/2025\/08\/IMG_0447-min-1.jpg","datePublished":"2025-08-28T11:47:17+00:00","dateModified":"2025-08-28T11:47:19+00:00","author":{"@id":"https:\/\/www.unigirona.cat\/#\/schema\/person\/475ba176dc25b40920d6ebae4b40d2fb"},"breadcrumb":{"@id":"https:\/\/www.unigirona.cat\/pere-puig-tenim-lequip-que-voliem\/#breadcrumb"},"inLanguage":"en-US","potentialAction":[{"@type":"ReadAction","target":["https:\/\/www.unigirona.cat\/pere-puig-tenim-lequip-que-voliem\/"]}]},{"@type":"ImageObject","inLanguage":"en-US","@id":"https:\/\/www.unigirona.cat\/pere-puig-tenim-lequip-que-voliem\/#primaryimage","url":"https:\/\/www.unigirona.cat\/wp-content\/uploads\/2025\/08\/IMG_0447-min-1.jpg","contentUrl":"https:\/\/www.unigirona.cat\/wp-content\/uploads\/2025\/08\/IMG_0447-min-1.jpg","width":4942,"height":3295},{"@type":"BreadcrumbList","@id":"https:\/\/www.unigirona.cat\/pere-puig-tenim-lequip-que-voliem\/#breadcrumb","itemListElement":[{"@type":"ListItem","position":1,"name":"Portada","item":"https:\/\/www.unigirona.cat\/"},{"@type":"ListItem","position":2,"name":"PERE PUIG: \u201cTENIM L\u2019EQUIP QUE VOL\u00cdEM\u201d"}]},{"@type":"WebSite","@id":"https:\/\/www.unigirona.cat\/#website","url":"https:\/\/www.unigirona.cat\/","name":"Spar Girona","description":"","potentialAction":[{"@type":"SearchAction","target":{"@type":"EntryPoint","urlTemplate":"https:\/\/www.unigirona.cat\/?s={search_term_string}"},"query-input":{"@type":"PropertyValueSpecification","valueRequired":true,"valueName":"search_term_string"}}],"inLanguage":"en-US"},{"@type":"Person","@id":"https:\/\/www.unigirona.cat\/#\/schema\/person\/475ba176dc25b40920d6ebae4b40d2fb","name":"premsa","image":{"@type":"ImageObject","inLanguage":"en-US","@id":"https:\/\/www.unigirona.cat\/#\/schema\/person\/image\/","url":"https:\/\/secure.gravatar.com\/avatar\/aaa70a46dde13fc461ebe5bc96d2c4be?s=96&d=mm&r=g","contentUrl":"https:\/\/secure.gravatar.com\/avatar\/aaa70a46dde13fc461ebe5bc96d2c4be?s=96&d=mm&r=g","caption":"premsa"},"url":"https:\/\/www.unigirona.cat\/en\/author\/premsa\/"}]}},"_links":{"self":[{"href":"https:\/\/www.unigirona.cat\/en\/wp-json\/wp\/v2\/posts\/45392"}],"collection":[{"href":"https:\/\/www.unigirona.cat\/en\/wp-json\/wp\/v2\/posts"}],"about":[{"href":"https:\/\/www.unigirona.cat\/en\/wp-json\/wp\/v2\/types\/post"}],"author":[{"embeddable":true,"href":"https:\/\/www.unigirona.cat\/en\/wp-json\/wp\/v2\/users\/2"}],"replies":[{"embeddable":true,"href":"https:\/\/www.unigirona.cat\/en\/wp-json\/wp\/v2\/comments?post=45392"}],"version-history":[{"count":1,"href":"https:\/\/www.unigirona.cat\/en\/wp-json\/wp\/v2\/posts\/45392\/revisions"}],"predecessor-version":[{"id":45396,"href":"https:\/\/www.unigirona.cat\/en\/wp-json\/wp\/v2\/posts\/45392\/revisions\/45396"}],"wp:featuredmedia":[{"embeddable":true,"href":"https:\/\/www.unigirona.cat\/en\/wp-json\/wp\/v2\/media\/45393"}],"wp:attachment":[{"href":"https:\/\/www.unigirona.cat\/en\/wp-json\/wp\/v2\/media?parent=45392"}],"wp:term":[{"taxonomy":"category","embeddable":true,"href":"https:\/\/www.unigirona.cat\/en\/wp-json\/wp\/v2\/categories?post=45392"},{"taxonomy":"post_tag","embeddable":true,"href":"https:\/\/www.unigirona.cat\/en\/wp-json\/wp\/v2\/tags?post=45392"}],"curies":[{"name":"wp","href":"https:\/\/api.w.org\/{rel}","templated":true}]}}