{"id":45442,"date":"2025-09-06T00:47:11","date_gmt":"2025-09-05T22:47:11","guid":{"rendered":"https:\/\/www.unigirona.cat\/?p=45442"},"modified":"2025-09-06T00:47:13","modified_gmt":"2025-09-05T22:47:13","slug":"victoria-en-el-primer-partit-de-la-pretemporada","status":"publish","type":"post","link":"https:\/\/www.unigirona.cat\/en\/victoria-en-el-primer-partit-de-la-pretemporada\/","title":{"rendered":"VICT\u00d2RIA EN EL PRIMER PARTIT DE LA PRETEMPORADA"},"content":{"rendered":"<p>L\u2019Spar Girona ha comen\u00e7at amb bon peu la pretemporada i ho ha fet amb una vict\u00f2ria convincent a la pista del Viladecans. En el primer amist\u00f3s del curs, les jugadores de Roberto \u00cd\u00f1iguez han mostrat bones sensacions des de l\u2019inici, imposant-se per un contundent 51 a 91.<\/p><p>Inici demolidor de l\u2019Spar Girona amb un parcial de 0 a 10 que ha marcat difer\u00e8ncies des de bon comen\u00e7ament. Tot i aix\u00f2, les locals han trobat aire des de la l\u00ednia exterior i han redu\u00eft dist\u00e0ncies per tancar el primer quart 13\u201319. Al segon per\u00edode, les gironines han tornat a accelerar amb una Holm el\u00e8ctrica en atac (13 punts al descans), arribant a la mitja part amb un clar 30 a 46.<\/p><p>Una ratxa espectacular de Coulibaly, amb 13 punts consecutius, ha encarrilat del tot el triomf giron\u00ed, deixant el marcador en 37\u201369 al final del tercer quart. L\u2019Spar Girona ha acabat imposant-se amb un contundent&nbsp;<strong>51 a 91<\/strong>.<\/p>","protected":false},"excerpt":{"rendered":"<p>L\u2019Spar Girona ha comen\u00e7at amb bon peu la pretemporada i ho ha fet amb una vict\u00f2ria convincent a la pista del Viladecans. En el primer amist\u00f3s del curs, les jugadores de Roberto \u00cd\u00f1iguez han mostrat bones sensacions des de l\u2019inici, imposant-se per un contundent 51 a 91. Inici demolidor de l\u2019Spar Girona amb un parcial [&hellip;]<\/p>\n","protected":false},"author":2,"featured_media":45443,"comment_status":"open","ping_status":"open","sticky":false,"template":"","format":"standard","meta":{"footnotes":""},"categories":[859],"tags":[],"class_list":["post-45442","post","type-post","status-publish","format-standard","has-post-thumbnail","hentry","category-lf-endesa-en"],"yoast_head":"<!-- This site is optimized with the Yoast SEO plugin v25.1 - https:\/\/yoast.com\/wordpress\/plugins\/seo\/ -->\n<title>VICT\u00d2RIA EN EL PRIMER PARTIT DE LA PRETEMPORADA - UNI B\u00e0squet Girona<\/title>\n<meta name=\"robots\" content=\"index, follow, max-snippet:-1, max-image-preview:large, max-video-preview:-1\" \/>\n<link rel=\"canonical\" href=\"https:\/\/www.unigirona.cat\/en\/victoria-en-el-primer-partit-de-la-pretemporada\/\" \/>\n<meta property=\"og:locale\" content=\"en_US\" \/>\n<meta property=\"og:type\" content=\"article\" \/>\n<meta property=\"og:title\" content=\"VICT\u00d2RIA EN EL PRIMER PARTIT DE LA PRETEMPORADA - UNI B\u00e0squet Girona\" \/>\n<meta property=\"og:description\" content=\"L\u2019Spar Girona ha comen\u00e7at amb bon peu la pretemporada i ho ha fet amb una vict\u00f2ria convincent a la pista del Viladecans. En el primer amist\u00f3s del curs, les jugadores de Roberto \u00cd\u00f1iguez han mostrat bones sensacions des de l\u2019inici, imposant-se per un contundent 51 a 91. Inici demolidor de l\u2019Spar Girona amb un parcial [&hellip;]\" \/>\n<meta property=\"og:url\" content=\"https:\/\/www.unigirona.cat\/en\/victoria-en-el-primer-partit-de-la-pretemporada\/\" \/>\n<meta property=\"og:site_name\" content=\"UNI B\u00e0squet Girona\" \/>\n<meta property=\"article:published_time\" content=\"2025-09-05T22:47:11+00:00\" \/>\n<meta property=\"article:modified_time\" content=\"2025-09-05T22:47:13+00:00\" \/>\n<meta property=\"og:image\" content=\"http:\/\/www.unigirona.cat\/wp-content\/uploads\/2025\/09\/SPARGIRONA_VS_VILADECANS_DS-39-819x1024.jpg\" \/>\n\t<meta property=\"og:image:width\" content=\"819\" \/>\n\t<meta property=\"og:image:height\" content=\"1024\" \/>\n\t<meta property=\"og:image:type\" content=\"image\/jpeg\" \/>\n<meta name=\"author\" content=\"premsa\" \/>\n<meta name=\"twitter:card\" content=\"summary_large_image\" \/>\n<meta name=\"twitter:label1\" content=\"Written by\" \/>\n\t<meta name=\"twitter:data1\" content=\"premsa\" \/>\n\t<meta name=\"twitter:label2\" content=\"Est. reading time\" \/>\n\t<meta name=\"twitter:data2\" content=\"2 minutes\" \/>\n<script type=\"application\/ld+json\" class=\"yoast-schema-graph\">{\"@context\":\"https:\/\/schema.org\",\"@graph\":[{\"@type\":\"WebPage\",\"@id\":\"https:\/\/www.unigirona.cat\/en\/victoria-en-el-primer-partit-de-la-pretemporada\/\",\"url\":\"https:\/\/www.unigirona.cat\/en\/victoria-en-el-primer-partit-de-la-pretemporada\/\",\"name\":\"VICT\u00d2RIA EN EL PRIMER PARTIT DE LA PRETEMPORADA - UNI B\u00e0squet Girona\",\"isPartOf\":{\"@id\":\"https:\/\/www.unigirona.cat\/#website\"},\"primaryImageOfPage\":{\"@id\":\"https:\/\/www.unigirona.cat\/en\/victoria-en-el-primer-partit-de-la-pretemporada\/#primaryimage\"},\"image\":{\"@id\":\"https:\/\/www.unigirona.cat\/en\/victoria-en-el-primer-partit-de-la-pretemporada\/#primaryimage\"},\"thumbnailUrl\":\"https:\/\/www.unigirona.cat\/wp-content\/uploads\/2025\/09\/SPARGIRONA_VS_VILADECANS_DS-39.jpg\",\"datePublished\":\"2025-09-05T22:47:11+00:00\",\"dateModified\":\"2025-09-05T22:47:13+00:00\",\"author\":{\"@id\":\"https:\/\/www.unigirona.cat\/#\/schema\/person\/475ba176dc25b40920d6ebae4b40d2fb\"},\"breadcrumb\":{\"@id\":\"https:\/\/www.unigirona.cat\/en\/victoria-en-el-primer-partit-de-la-pretemporada\/#breadcrumb\"},\"inLanguage\":\"en-US\",\"potentialAction\":[{\"@type\":\"ReadAction\",\"target\":[\"https:\/\/www.unigirona.cat\/en\/victoria-en-el-primer-partit-de-la-pretemporada\/\"]}]},{\"@type\":\"ImageObject\",\"inLanguage\":\"en-US\",\"@id\":\"https:\/\/www.unigirona.cat\/en\/victoria-en-el-primer-partit-de-la-pretemporada\/#primaryimage\",\"url\":\"https:\/\/www.unigirona.cat\/wp-content\/uploads\/2025\/09\/SPARGIRONA_VS_VILADECANS_DS-39.jpg\",\"contentUrl\":\"https:\/\/www.unigirona.cat\/wp-content\/uploads\/2025\/09\/SPARGIRONA_VS_VILADECANS_DS-39.jpg\",\"width\":3111,\"height\":3889},{\"@type\":\"BreadcrumbList\",\"@id\":\"https:\/\/www.unigirona.cat\/en\/victoria-en-el-primer-partit-de-la-pretemporada\/#breadcrumb\",\"itemListElement\":[{\"@type\":\"ListItem\",\"position\":1,\"name\":\"Portada\",\"item\":\"https:\/\/www.unigirona.cat\/\"},{\"@type\":\"ListItem\",\"position\":2,\"name\":\"VICT\u00d2RIA EN EL PRIMER PARTIT DE LA PRETEMPORADA\"}]},{\"@type\":\"WebSite\",\"@id\":\"https:\/\/www.unigirona.cat\/#website\",\"url\":\"https:\/\/www.unigirona.cat\/\",\"name\":\"Spar Girona\",\"description\":\"\",\"potentialAction\":[{\"@type\":\"SearchAction\",\"target\":{\"@type\":\"EntryPoint\",\"urlTemplate\":\"https:\/\/www.unigirona.cat\/?s={search_term_string}\"},\"query-input\":{\"@type\":\"PropertyValueSpecification\",\"valueRequired\":true,\"valueName\":\"search_term_string\"}}],\"inLanguage\":\"en-US\"},{\"@type\":\"Person\",\"@id\":\"https:\/\/www.unigirona.cat\/#\/schema\/person\/475ba176dc25b40920d6ebae4b40d2fb\",\"name\":\"premsa\",\"image\":{\"@type\":\"ImageObject\",\"inLanguage\":\"en-US\",\"@id\":\"https:\/\/www.unigirona.cat\/#\/schema\/person\/image\/\",\"url\":\"https:\/\/secure.gravatar.com\/avatar\/aaa70a46dde13fc461ebe5bc96d2c4be?s=96&d=mm&r=g\",\"contentUrl\":\"https:\/\/secure.gravatar.com\/avatar\/aaa70a46dde13fc461ebe5bc96d2c4be?s=96&d=mm&r=g\",\"caption\":\"premsa\"},\"url\":\"https:\/\/www.unigirona.cat\/en\/author\/premsa\/\"}]}<\/script>\n<!-- \/ Yoast SEO plugin. -->","yoast_head_json":{"title":"VICT\u00d2RIA EN EL PRIMER PARTIT DE LA PRETEMPORADA - UNI B\u00e0squet Girona","robots":{"index":"index","follow":"follow","max-snippet":"max-snippet:-1","max-image-preview":"max-image-preview:large","max-video-preview":"max-video-preview:-1"},"canonical":"https:\/\/www.unigirona.cat\/en\/victoria-en-el-primer-partit-de-la-pretemporada\/","og_locale":"en_US","og_type":"article","og_title":"VICT\u00d2RIA EN EL PRIMER PARTIT DE LA PRETEMPORADA - UNI B\u00e0squet Girona","og_description":"L\u2019Spar Girona ha comen\u00e7at amb bon peu la pretemporada i ho ha fet amb una vict\u00f2ria convincent a la pista del Viladecans. En el primer amist\u00f3s del curs, les jugadores de Roberto \u00cd\u00f1iguez han mostrat bones sensacions des de l\u2019inici, imposant-se per un contundent 51 a 91. Inici demolidor de l\u2019Spar Girona amb un parcial [&hellip;]","og_url":"https:\/\/www.unigirona.cat\/en\/victoria-en-el-primer-partit-de-la-pretemporada\/","og_site_name":"UNI B\u00e0squet Girona","article_published_time":"2025-09-05T22:47:11+00:00","article_modified_time":"2025-09-05T22:47:13+00:00","og_image":[{"width":819,"height":1024,"url":"http:\/\/www.unigirona.cat\/wp-content\/uploads\/2025\/09\/SPARGIRONA_VS_VILADECANS_DS-39-819x1024.jpg","type":"image\/jpeg"}],"author":"premsa","twitter_card":"summary_large_image","twitter_misc":{"Written by":"premsa","Est. reading time":"2 minutes"},"schema":{"@context":"https:\/\/schema.org","@graph":[{"@type":"WebPage","@id":"https:\/\/www.unigirona.cat\/en\/victoria-en-el-primer-partit-de-la-pretemporada\/","url":"https:\/\/www.unigirona.cat\/en\/victoria-en-el-primer-partit-de-la-pretemporada\/","name":"VICT\u00d2RIA EN EL PRIMER PARTIT DE LA PRETEMPORADA - UNI B\u00e0squet Girona","isPartOf":{"@id":"https:\/\/www.unigirona.cat\/#website"},"primaryImageOfPage":{"@id":"https:\/\/www.unigirona.cat\/en\/victoria-en-el-primer-partit-de-la-pretemporada\/#primaryimage"},"image":{"@id":"https:\/\/www.unigirona.cat\/en\/victoria-en-el-primer-partit-de-la-pretemporada\/#primaryimage"},"thumbnailUrl":"https:\/\/www.unigirona.cat\/wp-content\/uploads\/2025\/09\/SPARGIRONA_VS_VILADECANS_DS-39.jpg","datePublished":"2025-09-05T22:47:11+00:00","dateModified":"2025-09-05T22:47:13+00:00","author":{"@id":"https:\/\/www.unigirona.cat\/#\/schema\/person\/475ba176dc25b40920d6ebae4b40d2fb"},"breadcrumb":{"@id":"https:\/\/www.unigirona.cat\/en\/victoria-en-el-primer-partit-de-la-pretemporada\/#breadcrumb"},"inLanguage":"en-US","potentialAction":[{"@type":"ReadAction","target":["https:\/\/www.unigirona.cat\/en\/victoria-en-el-primer-partit-de-la-pretemporada\/"]}]},{"@type":"ImageObject","inLanguage":"en-US","@id":"https:\/\/www.unigirona.cat\/en\/victoria-en-el-primer-partit-de-la-pretemporada\/#primaryimage","url":"https:\/\/www.unigirona.cat\/wp-content\/uploads\/2025\/09\/SPARGIRONA_VS_VILADECANS_DS-39.jpg","contentUrl":"https:\/\/www.unigirona.cat\/wp-content\/uploads\/2025\/09\/SPARGIRONA_VS_VILADECANS_DS-39.jpg","width":3111,"height":3889},{"@type":"BreadcrumbList","@id":"https:\/\/www.unigirona.cat\/en\/victoria-en-el-primer-partit-de-la-pretemporada\/#breadcrumb","itemListElement":[{"@type":"ListItem","position":1,"name":"Portada","item":"https:\/\/www.unigirona.cat\/"},{"@type":"ListItem","position":2,"name":"VICT\u00d2RIA EN EL PRIMER PARTIT DE LA PRETEMPORADA"}]},{"@type":"WebSite","@id":"https:\/\/www.unigirona.cat\/#website","url":"https:\/\/www.unigirona.cat\/","name":"Spar Girona","description":"","potentialAction":[{"@type":"SearchAction","target":{"@type":"EntryPoint","urlTemplate":"https:\/\/www.unigirona.cat\/?s={search_term_string}"},"query-input":{"@type":"PropertyValueSpecification","valueRequired":true,"valueName":"search_term_string"}}],"inLanguage":"en-US"},{"@type":"Person","@id":"https:\/\/www.unigirona.cat\/#\/schema\/person\/475ba176dc25b40920d6ebae4b40d2fb","name":"premsa","image":{"@type":"ImageObject","inLanguage":"en-US","@id":"https:\/\/www.unigirona.cat\/#\/schema\/person\/image\/","url":"https:\/\/secure.gravatar.com\/avatar\/aaa70a46dde13fc461ebe5bc96d2c4be?s=96&d=mm&r=g","contentUrl":"https:\/\/secure.gravatar.com\/avatar\/aaa70a46dde13fc461ebe5bc96d2c4be?s=96&d=mm&r=g","caption":"premsa"},"url":"https:\/\/www.unigirona.cat\/en\/author\/premsa\/"}]}},"_links":{"self":[{"href":"https:\/\/www.unigirona.cat\/en\/wp-json\/wp\/v2\/posts\/45442"}],"collection":[{"href":"https:\/\/www.unigirona.cat\/en\/wp-json\/wp\/v2\/posts"}],"about":[{"href":"https:\/\/www.unigirona.cat\/en\/wp-json\/wp\/v2\/types\/post"}],"author":[{"embeddable":true,"href":"https:\/\/www.unigirona.cat\/en\/wp-json\/wp\/v2\/users\/2"}],"replies":[{"embeddable":true,"href":"https:\/\/www.unigirona.cat\/en\/wp-json\/wp\/v2\/comments?post=45442"}],"version-history":[{"count":1,"href":"https:\/\/www.unigirona.cat\/en\/wp-json\/wp\/v2\/posts\/45442\/revisions"}],"predecessor-version":[{"id":45446,"href":"https:\/\/www.unigirona.cat\/en\/wp-json\/wp\/v2\/posts\/45442\/revisions\/45446"}],"wp:featuredmedia":[{"embeddable":true,"href":"https:\/\/www.unigirona.cat\/en\/wp-json\/wp\/v2\/media\/45443"}],"wp:attachment":[{"href":"https:\/\/www.unigirona.cat\/en\/wp-json\/wp\/v2\/media?parent=45442"}],"wp:term":[{"taxonomy":"category","embeddable":true,"href":"https:\/\/www.unigirona.cat\/en\/wp-json\/wp\/v2\/categories?post=45442"},{"taxonomy":"post_tag","embeddable":true,"href":"https:\/\/www.unigirona.cat\/en\/wp-json\/wp\/v2\/tags?post=45442"}],"curies":[{"name":"wp","href":"https:\/\/api.w.org\/{rel}","templated":true}]}}