{"id":39168,"date":"2024-10-03T11:22:07","date_gmt":"2024-10-03T09:22:07","guid":{"rendered":"http:\/\/www.unigirona.cat\/?p=39168"},"modified":"2024-10-03T11:22:10","modified_gmt":"2024-10-03T09:22:10","slug":"spar-girona-tanca-la-pretermporada-amb-derrota","status":"publish","type":"post","link":"https:\/\/www.unigirona.cat\/es\/spar-girona-tanca-la-pretermporada-amb-derrota\/","title":{"rendered":"L\u2019SPAR GIRONA TANCA LA PRETEMPORADA AMB DERROTA"},"content":{"rendered":"<p>L\u2019Spar Girona no ha pogut tancar la pretemporada amb un bon sabor de boca. El Movistar Estudiantes ha aprofitat les baixes de l\u2019Spar per fer mal sota cistella, imposant-se per 69 a 82. Les gironines debuten a la LF Endesa el pr\u00f2xim dissabte 5 d\u2019octubre contra el Cad\u00ed La Seu.<\/p><p>Inici t\u00edmid de l\u2019Spar Girona de cara a cistella. El desencert inicial ha condicionat el tram inicial del partit i els 4 punts de Topuzovic i Salvadores han situat a les madrilenyes per sobre en el marcador (7 a 13). Amb el temps mort, l\u2019Uni s\u2019ha situat a nom\u00e9s un punt gr\u00e0cies a un 2+1 de Jakubcova i una cistella de Canella (12 a 13), per\u00f2 els punts finals de Salvadores (6 punts) i De Armi\u00f1o han posat el +4 visitant (13 a 17).<\/p><p><strong>Mal d\u2019altura<\/strong><br>En el segon quart, Topuzovic s\u2019ha fet forta des de la llarga dist\u00e0ncia, castigant en els primers minuts del segon quart (9 punts, 13 a 24). Amb el temps mort de Roberto, l\u2019Uni ha revertit la situaci\u00f3 defensiva, imposant un parcial de 8 a 2, destacant els 4 punts de Tour\u00e9 (21 a 26). Per\u00f2 el temps mort de l\u2019Estudiantes ha canviat la din\u00e0mica del partit i el Movistar ha focalitzat els atacs sota cistella per aprofitar les baixes interiors de l\u2019Spar. Aix\u00f2, m\u00e9s l\u2019encert de Salvadores (10 punts) des de la llarga dist\u00e0ncia, han situat el +9 visitant (31 a 40).<\/p><p>El pas per vestidors ha confirmat l\u2019estrat\u00e8gia de l\u2019Estu, que ha continuat focalitzant els atacs a dins la zona, aprofitant el seu avantatge en l\u2019al\u00e7ada. Gracia&nbsp;Alonso de&nbsp;Armi\u00f1o, amb 17 punts, i&nbsp;Buhner, amb 13, han sigut les que m\u00e9s han destacat a prop de cistella, situant el 52 a 71.<\/p><p><strong>Millora<\/strong><br>L\u2019Spar Girona ha sorpr\u00e8s&nbsp;a l\u2019Estudiantes en el tram inicial del tercer quart. Els dos triples de Sandra i un altre de Lundquist han situat a les gironines a 10 punts. Seguidament, els tirs lliures de Hristova i un contraatac de Berta han posat el -6 (65 a 71). En aquest punt, l\u2019Estudiantes ha mantingut l\u2019avantatge gr\u00e0cies a l\u2019encert des de la l\u00ednia personal i Roberto ho ha aturat a nom\u00e9s 2:40 pel final (69 a 78). Finalment, el Movistar s\u2019ha imposat per 69 a 82.<\/p>","protected":false},"excerpt":{"rendered":"<p>L\u2019Spar Girona no ha pogut tancar la pretemporada amb un bon sabor de boca. El Movistar Estudiantes ha aprofitat les baixes de l\u2019Spar per fer mal sota cistella, imposant-se per 69 a 82. Les gironines debuten a la LF Endesa el pr\u00f2xim dissabte 5 d\u2019octubre contra el Cad\u00ed La Seu. Inici t\u00edmid de l\u2019Spar Girona [&hellip;]<\/p>\n","protected":false},"author":1,"featured_media":39169,"comment_status":"closed","ping_status":"closed","sticky":false,"template":"","format":"standard","meta":{"footnotes":""},"categories":[453,1],"tags":[],"class_list":["post-39168","post","type-post","status-publish","format-standard","has-post-thumbnail","hentry","category-cronica","category-uncategorized-ca"],"yoast_head":"<!-- This site is optimized with the Yoast SEO plugin v25.1 - https:\/\/yoast.com\/wordpress\/plugins\/seo\/ -->\n<title>L\u2019SPAR GIRONA TANCA LA PRETEMPORADA AMB DERROTA - UNI B\u00e0squet Girona<\/title>\n<meta name=\"robots\" content=\"index, follow, max-snippet:-1, max-image-preview:large, max-video-preview:-1\" \/>\n<link rel=\"canonical\" href=\"https:\/\/www.unigirona.cat\/spar-girona-tanca-la-pretermporada-amb-derrota\/\" \/>\n<meta property=\"og:locale\" content=\"es_ES\" \/>\n<meta property=\"og:type\" content=\"article\" \/>\n<meta property=\"og:title\" content=\"L\u2019SPAR GIRONA TANCA LA PRETEMPORADA AMB DERROTA - UNI B\u00e0squet Girona\" \/>\n<meta property=\"og:description\" content=\"L\u2019Spar Girona no ha pogut tancar la pretemporada amb un bon sabor de boca. El Movistar Estudiantes ha aprofitat les baixes de l\u2019Spar per fer mal sota cistella, imposant-se per 69 a 82. Les gironines debuten a la LF Endesa el pr\u00f2xim dissabte 5 d\u2019octubre contra el Cad\u00ed La Seu. Inici t\u00edmid de l\u2019Spar Girona [&hellip;]\" \/>\n<meta property=\"og:url\" content=\"https:\/\/www.unigirona.cat\/spar-girona-tanca-la-pretermporada-amb-derrota\/\" \/>\n<meta property=\"og:site_name\" content=\"UNI B\u00e0squet Girona\" \/>\n<meta property=\"article:published_time\" content=\"2024-10-03T09:22:07+00:00\" \/>\n<meta property=\"article:modified_time\" content=\"2024-10-03T09:22:10+00:00\" \/>\n<meta property=\"og:image\" content=\"https:\/\/www.unigirona.cat\/wp-content\/uploads\/2024\/10\/final-2-819x1024.png\" \/>\n\t<meta property=\"og:image:width\" content=\"819\" \/>\n\t<meta property=\"og:image:height\" content=\"1024\" \/>\n\t<meta property=\"og:image:type\" content=\"image\/png\" \/>\n<meta name=\"author\" content=\"infoself\" \/>\n<meta name=\"twitter:card\" content=\"summary_large_image\" \/>\n<meta name=\"twitter:label1\" content=\"Escrito por\" \/>\n\t<meta name=\"twitter:data1\" content=\"infoself\" \/>\n\t<meta name=\"twitter:label2\" content=\"Tiempo de lectura\" \/>\n\t<meta name=\"twitter:data2\" content=\"3 minutos\" \/>\n<script type=\"application\/ld+json\" class=\"yoast-schema-graph\">{\"@context\":\"https:\/\/schema.org\",\"@graph\":[{\"@type\":\"WebPage\",\"@id\":\"https:\/\/www.unigirona.cat\/spar-girona-tanca-la-pretermporada-amb-derrota\/\",\"url\":\"https:\/\/www.unigirona.cat\/spar-girona-tanca-la-pretermporada-amb-derrota\/\",\"name\":\"L\u2019SPAR GIRONA TANCA LA PRETEMPORADA AMB DERROTA - UNI B\u00e0squet Girona\",\"isPartOf\":{\"@id\":\"https:\/\/www.unigirona.cat\/#website\"},\"primaryImageOfPage\":{\"@id\":\"https:\/\/www.unigirona.cat\/spar-girona-tanca-la-pretermporada-amb-derrota\/#primaryimage\"},\"image\":{\"@id\":\"https:\/\/www.unigirona.cat\/spar-girona-tanca-la-pretermporada-amb-derrota\/#primaryimage\"},\"thumbnailUrl\":\"https:\/\/www.unigirona.cat\/wp-content\/uploads\/2024\/10\/final-2.png\",\"datePublished\":\"2024-10-03T09:22:07+00:00\",\"dateModified\":\"2024-10-03T09:22:10+00:00\",\"author\":{\"@id\":\"https:\/\/www.unigirona.cat\/#\/schema\/person\/4ea1ec9eb07c69de4fc90d4276a64a8a\"},\"breadcrumb\":{\"@id\":\"https:\/\/www.unigirona.cat\/spar-girona-tanca-la-pretermporada-amb-derrota\/#breadcrumb\"},\"inLanguage\":\"es\",\"potentialAction\":[{\"@type\":\"ReadAction\",\"target\":[\"https:\/\/www.unigirona.cat\/spar-girona-tanca-la-pretermporada-amb-derrota\/\"]}]},{\"@type\":\"ImageObject\",\"inLanguage\":\"es\",\"@id\":\"https:\/\/www.unigirona.cat\/spar-girona-tanca-la-pretermporada-amb-derrota\/#primaryimage\",\"url\":\"https:\/\/www.unigirona.cat\/wp-content\/uploads\/2024\/10\/final-2.png\",\"contentUrl\":\"https:\/\/www.unigirona.cat\/wp-content\/uploads\/2024\/10\/final-2.png\",\"width\":1080,\"height\":1350},{\"@type\":\"BreadcrumbList\",\"@id\":\"https:\/\/www.unigirona.cat\/spar-girona-tanca-la-pretermporada-amb-derrota\/#breadcrumb\",\"itemListElement\":[{\"@type\":\"ListItem\",\"position\":1,\"name\":\"Portada\",\"item\":\"https:\/\/www.unigirona.cat\/\"},{\"@type\":\"ListItem\",\"position\":2,\"name\":\"L\u2019SPAR GIRONA TANCA LA PRETEMPORADA AMB DERROTA\"}]},{\"@type\":\"WebSite\",\"@id\":\"https:\/\/www.unigirona.cat\/#website\",\"url\":\"https:\/\/www.unigirona.cat\/\",\"name\":\"Spar Girona\",\"description\":\"\",\"potentialAction\":[{\"@type\":\"SearchAction\",\"target\":{\"@type\":\"EntryPoint\",\"urlTemplate\":\"https:\/\/www.unigirona.cat\/?s={search_term_string}\"},\"query-input\":{\"@type\":\"PropertyValueSpecification\",\"valueRequired\":true,\"valueName\":\"search_term_string\"}}],\"inLanguage\":\"es\"},{\"@type\":\"Person\",\"@id\":\"https:\/\/www.unigirona.cat\/#\/schema\/person\/4ea1ec9eb07c69de4fc90d4276a64a8a\",\"name\":\"infoself\",\"image\":{\"@type\":\"ImageObject\",\"inLanguage\":\"es\",\"@id\":\"https:\/\/www.unigirona.cat\/#\/schema\/person\/image\/\",\"url\":\"https:\/\/secure.gravatar.com\/avatar\/80afa8d5c12786a1d498779176a5a726?s=96&d=mm&r=g\",\"contentUrl\":\"https:\/\/secure.gravatar.com\/avatar\/80afa8d5c12786a1d498779176a5a726?s=96&d=mm&r=g\",\"caption\":\"infoself\"},\"sameAs\":[\"http:\/\/www.unigirona.cat\"],\"url\":\"https:\/\/www.unigirona.cat\/es\/author\/infoself\/\"}]}<\/script>\n<!-- \/ Yoast SEO plugin. -->","yoast_head_json":{"title":"L\u2019SPAR GIRONA TANCA LA PRETEMPORADA AMB DERROTA - UNI B\u00e0squet Girona","robots":{"index":"index","follow":"follow","max-snippet":"max-snippet:-1","max-image-preview":"max-image-preview:large","max-video-preview":"max-video-preview:-1"},"canonical":"https:\/\/www.unigirona.cat\/spar-girona-tanca-la-pretermporada-amb-derrota\/","og_locale":"es_ES","og_type":"article","og_title":"L\u2019SPAR GIRONA TANCA LA PRETEMPORADA AMB DERROTA - UNI B\u00e0squet Girona","og_description":"L\u2019Spar Girona no ha pogut tancar la pretemporada amb un bon sabor de boca. El Movistar Estudiantes ha aprofitat les baixes de l\u2019Spar per fer mal sota cistella, imposant-se per 69 a 82. Les gironines debuten a la LF Endesa el pr\u00f2xim dissabte 5 d\u2019octubre contra el Cad\u00ed La Seu. Inici t\u00edmid de l\u2019Spar Girona [&hellip;]","og_url":"https:\/\/www.unigirona.cat\/spar-girona-tanca-la-pretermporada-amb-derrota\/","og_site_name":"UNI B\u00e0squet Girona","article_published_time":"2024-10-03T09:22:07+00:00","article_modified_time":"2024-10-03T09:22:10+00:00","og_image":[{"width":819,"height":1024,"url":"https:\/\/www.unigirona.cat\/wp-content\/uploads\/2024\/10\/final-2-819x1024.png","type":"image\/png"}],"author":"infoself","twitter_card":"summary_large_image","twitter_misc":{"Escrito por":"infoself","Tiempo de lectura":"3 minutos"},"schema":{"@context":"https:\/\/schema.org","@graph":[{"@type":"WebPage","@id":"https:\/\/www.unigirona.cat\/spar-girona-tanca-la-pretermporada-amb-derrota\/","url":"https:\/\/www.unigirona.cat\/spar-girona-tanca-la-pretermporada-amb-derrota\/","name":"L\u2019SPAR GIRONA TANCA LA PRETEMPORADA AMB DERROTA - UNI B\u00e0squet Girona","isPartOf":{"@id":"https:\/\/www.unigirona.cat\/#website"},"primaryImageOfPage":{"@id":"https:\/\/www.unigirona.cat\/spar-girona-tanca-la-pretermporada-amb-derrota\/#primaryimage"},"image":{"@id":"https:\/\/www.unigirona.cat\/spar-girona-tanca-la-pretermporada-amb-derrota\/#primaryimage"},"thumbnailUrl":"https:\/\/www.unigirona.cat\/wp-content\/uploads\/2024\/10\/final-2.png","datePublished":"2024-10-03T09:22:07+00:00","dateModified":"2024-10-03T09:22:10+00:00","author":{"@id":"https:\/\/www.unigirona.cat\/#\/schema\/person\/4ea1ec9eb07c69de4fc90d4276a64a8a"},"breadcrumb":{"@id":"https:\/\/www.unigirona.cat\/spar-girona-tanca-la-pretermporada-amb-derrota\/#breadcrumb"},"inLanguage":"es","potentialAction":[{"@type":"ReadAction","target":["https:\/\/www.unigirona.cat\/spar-girona-tanca-la-pretermporada-amb-derrota\/"]}]},{"@type":"ImageObject","inLanguage":"es","@id":"https:\/\/www.unigirona.cat\/spar-girona-tanca-la-pretermporada-amb-derrota\/#primaryimage","url":"https:\/\/www.unigirona.cat\/wp-content\/uploads\/2024\/10\/final-2.png","contentUrl":"https:\/\/www.unigirona.cat\/wp-content\/uploads\/2024\/10\/final-2.png","width":1080,"height":1350},{"@type":"BreadcrumbList","@id":"https:\/\/www.unigirona.cat\/spar-girona-tanca-la-pretermporada-amb-derrota\/#breadcrumb","itemListElement":[{"@type":"ListItem","position":1,"name":"Portada","item":"https:\/\/www.unigirona.cat\/"},{"@type":"ListItem","position":2,"name":"L\u2019SPAR GIRONA TANCA LA PRETEMPORADA AMB DERROTA"}]},{"@type":"WebSite","@id":"https:\/\/www.unigirona.cat\/#website","url":"https:\/\/www.unigirona.cat\/","name":"Spar Girona","description":"","potentialAction":[{"@type":"SearchAction","target":{"@type":"EntryPoint","urlTemplate":"https:\/\/www.unigirona.cat\/?s={search_term_string}"},"query-input":{"@type":"PropertyValueSpecification","valueRequired":true,"valueName":"search_term_string"}}],"inLanguage":"es"},{"@type":"Person","@id":"https:\/\/www.unigirona.cat\/#\/schema\/person\/4ea1ec9eb07c69de4fc90d4276a64a8a","name":"infoself","image":{"@type":"ImageObject","inLanguage":"es","@id":"https:\/\/www.unigirona.cat\/#\/schema\/person\/image\/","url":"https:\/\/secure.gravatar.com\/avatar\/80afa8d5c12786a1d498779176a5a726?s=96&d=mm&r=g","contentUrl":"https:\/\/secure.gravatar.com\/avatar\/80afa8d5c12786a1d498779176a5a726?s=96&d=mm&r=g","caption":"infoself"},"sameAs":["http:\/\/www.unigirona.cat"],"url":"https:\/\/www.unigirona.cat\/es\/author\/infoself\/"}]}},"_links":{"self":[{"href":"https:\/\/www.unigirona.cat\/es\/wp-json\/wp\/v2\/posts\/39168"}],"collection":[{"href":"https:\/\/www.unigirona.cat\/es\/wp-json\/wp\/v2\/posts"}],"about":[{"href":"https:\/\/www.unigirona.cat\/es\/wp-json\/wp\/v2\/types\/post"}],"author":[{"embeddable":true,"href":"https:\/\/www.unigirona.cat\/es\/wp-json\/wp\/v2\/users\/1"}],"replies":[{"embeddable":true,"href":"https:\/\/www.unigirona.cat\/es\/wp-json\/wp\/v2\/comments?post=39168"}],"version-history":[{"count":1,"href":"https:\/\/www.unigirona.cat\/es\/wp-json\/wp\/v2\/posts\/39168\/revisions"}],"predecessor-version":[{"id":39170,"href":"https:\/\/www.unigirona.cat\/es\/wp-json\/wp\/v2\/posts\/39168\/revisions\/39170"}],"wp:featuredmedia":[{"embeddable":true,"href":"https:\/\/www.unigirona.cat\/es\/wp-json\/wp\/v2\/media\/39169"}],"wp:attachment":[{"href":"https:\/\/www.unigirona.cat\/es\/wp-json\/wp\/v2\/media?parent=39168"}],"wp:term":[{"taxonomy":"category","embeddable":true,"href":"https:\/\/www.unigirona.cat\/es\/wp-json\/wp\/v2\/categories?post=39168"},{"taxonomy":"post_tag","embeddable":true,"href":"https:\/\/www.unigirona.cat\/es\/wp-json\/wp\/v2\/tags?post=39168"}],"curies":[{"name":"wp","href":"https:\/\/api.w.org\/{rel}","templated":true}]}}