{"id":40936,"date":"2024-10-03T11:05:40","date_gmt":"2024-10-03T09:05:40","guid":{"rendered":"https:\/\/www.unigirona.cat\/comunicado-medico-ainhoa-lopez\/"},"modified":"2024-12-31T11:12:43","modified_gmt":"2024-12-31T10:12:43","slug":"comunicado-medico-ainhoa-lopez","status":"publish","type":"post","link":"https:\/\/www.unigirona.cat\/es\/comunicado-medico-ainhoa-lopez\/","title":{"rendered":"COMUNICADO M\u00c9DICO: AINHOA L\u00d3PEZ"},"content":{"rendered":"<p>Tras las pruebas pertinentes, se confirma la lesi\u00f3n de Ainhoa L\u00f3pez, que sufre un edema \u00f3seo en el pie izquierdo.<\/p><p>La evoluci\u00f3n de la lesi\u00f3n marcar\u00e1 su disponibilidad.<\/p>","protected":false},"excerpt":{"rendered":"<p>Tras las pruebas pertinentes, se confirma la lesi\u00f3n de Ainhoa L\u00f3pez, que sufre un edema \u00f3seo en el pie izquierdo. La evoluci\u00f3n de la lesi\u00f3n marcar\u00e1 su disponibilidad.<\/p>\n","protected":false},"author":1,"featured_media":40460,"comment_status":"closed","ping_status":"closed","sticky":false,"template":"","format":"standard","meta":{"footnotes":""},"categories":[847],"tags":[],"class_list":["post-40936","post","type-post","status-publish","format-standard","has-post-thumbnail","hentry","category-sin-categorizar"],"yoast_head":"<!-- This site is optimized with the Yoast SEO plugin v25.1 - https:\/\/yoast.com\/wordpress\/plugins\/seo\/ -->\n<title>COMUNICADO M\u00c9DICO: AINHOA L\u00d3PEZ - UNI B\u00e0squet Girona<\/title>\n<meta name=\"robots\" content=\"index, follow, max-snippet:-1, max-image-preview:large, max-video-preview:-1\" \/>\n<link rel=\"canonical\" href=\"https:\/\/www.unigirona.cat\/es\/comunicado-medico-ainhoa-lopez\/\" \/>\n<meta property=\"og:locale\" content=\"es_ES\" \/>\n<meta property=\"og:type\" content=\"article\" \/>\n<meta property=\"og:title\" content=\"COMUNICADO M\u00c9DICO: AINHOA L\u00d3PEZ - UNI B\u00e0squet Girona\" \/>\n<meta property=\"og:description\" content=\"Tras las pruebas pertinentes, se confirma la lesi\u00f3n de Ainhoa L\u00f3pez, que sufre un edema \u00f3seo en el pie izquierdo. La evoluci\u00f3n de la lesi\u00f3n marcar\u00e1 su disponibilidad.\" \/>\n<meta property=\"og:url\" content=\"https:\/\/www.unigirona.cat\/es\/comunicado-medico-ainhoa-lopez\/\" \/>\n<meta property=\"og:site_name\" content=\"UNI B\u00e0squet Girona\" \/>\n<meta property=\"article:published_time\" content=\"2024-10-03T09:05:40+00:00\" \/>\n<meta property=\"article:modified_time\" content=\"2024-12-31T10:12:43+00:00\" \/>\n<meta property=\"og:image\" content=\"https:\/\/www.unigirona.cat\/wp-content\/uploads\/2024\/10\/comunicat-media-ainhoa-lopez-819x1024.jpg\" \/>\n\t<meta property=\"og:image:width\" content=\"819\" \/>\n\t<meta property=\"og:image:height\" content=\"1024\" \/>\n\t<meta property=\"og:image:type\" content=\"image\/jpeg\" \/>\n<meta name=\"author\" content=\"infoself\" \/>\n<meta name=\"twitter:card\" content=\"summary_large_image\" \/>\n<meta name=\"twitter:label1\" content=\"Escrito por\" \/>\n\t<meta name=\"twitter:data1\" content=\"infoself\" \/>\n<script type=\"application\/ld+json\" class=\"yoast-schema-graph\">{\"@context\":\"https:\/\/schema.org\",\"@graph\":[{\"@type\":\"WebPage\",\"@id\":\"https:\/\/www.unigirona.cat\/es\/comunicado-medico-ainhoa-lopez\/\",\"url\":\"https:\/\/www.unigirona.cat\/es\/comunicado-medico-ainhoa-lopez\/\",\"name\":\"COMUNICADO M\u00c9DICO: AINHOA L\u00d3PEZ - UNI B\u00e0squet Girona\",\"isPartOf\":{\"@id\":\"https:\/\/www.unigirona.cat\/#website\"},\"primaryImageOfPage\":{\"@id\":\"https:\/\/www.unigirona.cat\/es\/comunicado-medico-ainhoa-lopez\/#primaryimage\"},\"image\":{\"@id\":\"https:\/\/www.unigirona.cat\/es\/comunicado-medico-ainhoa-lopez\/#primaryimage\"},\"thumbnailUrl\":\"https:\/\/www.unigirona.cat\/wp-content\/uploads\/2024\/10\/comunicat-media-ainhoa-lopez.jpg\",\"datePublished\":\"2024-10-03T09:05:40+00:00\",\"dateModified\":\"2024-12-31T10:12:43+00:00\",\"author\":{\"@id\":\"https:\/\/www.unigirona.cat\/#\/schema\/person\/4ea1ec9eb07c69de4fc90d4276a64a8a\"},\"breadcrumb\":{\"@id\":\"https:\/\/www.unigirona.cat\/es\/comunicado-medico-ainhoa-lopez\/#breadcrumb\"},\"inLanguage\":\"es\",\"potentialAction\":[{\"@type\":\"ReadAction\",\"target\":[\"https:\/\/www.unigirona.cat\/es\/comunicado-medico-ainhoa-lopez\/\"]}]},{\"@type\":\"ImageObject\",\"inLanguage\":\"es\",\"@id\":\"https:\/\/www.unigirona.cat\/es\/comunicado-medico-ainhoa-lopez\/#primaryimage\",\"url\":\"https:\/\/www.unigirona.cat\/wp-content\/uploads\/2024\/10\/comunicat-media-ainhoa-lopez.jpg\",\"contentUrl\":\"https:\/\/www.unigirona.cat\/wp-content\/uploads\/2024\/10\/comunicat-media-ainhoa-lopez.jpg\",\"width\":2489,\"height\":3111},{\"@type\":\"BreadcrumbList\",\"@id\":\"https:\/\/www.unigirona.cat\/es\/comunicado-medico-ainhoa-lopez\/#breadcrumb\",\"itemListElement\":[{\"@type\":\"ListItem\",\"position\":1,\"name\":\"Portada\",\"item\":\"https:\/\/www.unigirona.cat\/\"},{\"@type\":\"ListItem\",\"position\":2,\"name\":\"COMUNICADO M\u00c9DICO: AINHOA L\u00d3PEZ\"}]},{\"@type\":\"WebSite\",\"@id\":\"https:\/\/www.unigirona.cat\/#website\",\"url\":\"https:\/\/www.unigirona.cat\/\",\"name\":\"Spar Girona\",\"description\":\"\",\"potentialAction\":[{\"@type\":\"SearchAction\",\"target\":{\"@type\":\"EntryPoint\",\"urlTemplate\":\"https:\/\/www.unigirona.cat\/?s={search_term_string}\"},\"query-input\":{\"@type\":\"PropertyValueSpecification\",\"valueRequired\":true,\"valueName\":\"search_term_string\"}}],\"inLanguage\":\"es\"},{\"@type\":\"Person\",\"@id\":\"https:\/\/www.unigirona.cat\/#\/schema\/person\/4ea1ec9eb07c69de4fc90d4276a64a8a\",\"name\":\"infoself\",\"image\":{\"@type\":\"ImageObject\",\"inLanguage\":\"es\",\"@id\":\"https:\/\/www.unigirona.cat\/#\/schema\/person\/image\/\",\"url\":\"https:\/\/secure.gravatar.com\/avatar\/80afa8d5c12786a1d498779176a5a726?s=96&d=mm&r=g\",\"contentUrl\":\"https:\/\/secure.gravatar.com\/avatar\/80afa8d5c12786a1d498779176a5a726?s=96&d=mm&r=g\",\"caption\":\"infoself\"},\"sameAs\":[\"http:\/\/www.unigirona.cat\"],\"url\":\"https:\/\/www.unigirona.cat\/es\/author\/infoself\/\"}]}<\/script>\n<!-- \/ Yoast SEO plugin. -->","yoast_head_json":{"title":"COMUNICADO M\u00c9DICO: AINHOA L\u00d3PEZ - UNI B\u00e0squet Girona","robots":{"index":"index","follow":"follow","max-snippet":"max-snippet:-1","max-image-preview":"max-image-preview:large","max-video-preview":"max-video-preview:-1"},"canonical":"https:\/\/www.unigirona.cat\/es\/comunicado-medico-ainhoa-lopez\/","og_locale":"es_ES","og_type":"article","og_title":"COMUNICADO M\u00c9DICO: AINHOA L\u00d3PEZ - UNI B\u00e0squet Girona","og_description":"Tras las pruebas pertinentes, se confirma la lesi\u00f3n de Ainhoa L\u00f3pez, que sufre un edema \u00f3seo en el pie izquierdo. La evoluci\u00f3n de la lesi\u00f3n marcar\u00e1 su disponibilidad.","og_url":"https:\/\/www.unigirona.cat\/es\/comunicado-medico-ainhoa-lopez\/","og_site_name":"UNI B\u00e0squet Girona","article_published_time":"2024-10-03T09:05:40+00:00","article_modified_time":"2024-12-31T10:12:43+00:00","og_image":[{"width":819,"height":1024,"url":"https:\/\/www.unigirona.cat\/wp-content\/uploads\/2024\/10\/comunicat-media-ainhoa-lopez-819x1024.jpg","type":"image\/jpeg"}],"author":"infoself","twitter_card":"summary_large_image","twitter_misc":{"Escrito por":"infoself"},"schema":{"@context":"https:\/\/schema.org","@graph":[{"@type":"WebPage","@id":"https:\/\/www.unigirona.cat\/es\/comunicado-medico-ainhoa-lopez\/","url":"https:\/\/www.unigirona.cat\/es\/comunicado-medico-ainhoa-lopez\/","name":"COMUNICADO M\u00c9DICO: AINHOA L\u00d3PEZ - UNI B\u00e0squet Girona","isPartOf":{"@id":"https:\/\/www.unigirona.cat\/#website"},"primaryImageOfPage":{"@id":"https:\/\/www.unigirona.cat\/es\/comunicado-medico-ainhoa-lopez\/#primaryimage"},"image":{"@id":"https:\/\/www.unigirona.cat\/es\/comunicado-medico-ainhoa-lopez\/#primaryimage"},"thumbnailUrl":"https:\/\/www.unigirona.cat\/wp-content\/uploads\/2024\/10\/comunicat-media-ainhoa-lopez.jpg","datePublished":"2024-10-03T09:05:40+00:00","dateModified":"2024-12-31T10:12:43+00:00","author":{"@id":"https:\/\/www.unigirona.cat\/#\/schema\/person\/4ea1ec9eb07c69de4fc90d4276a64a8a"},"breadcrumb":{"@id":"https:\/\/www.unigirona.cat\/es\/comunicado-medico-ainhoa-lopez\/#breadcrumb"},"inLanguage":"es","potentialAction":[{"@type":"ReadAction","target":["https:\/\/www.unigirona.cat\/es\/comunicado-medico-ainhoa-lopez\/"]}]},{"@type":"ImageObject","inLanguage":"es","@id":"https:\/\/www.unigirona.cat\/es\/comunicado-medico-ainhoa-lopez\/#primaryimage","url":"https:\/\/www.unigirona.cat\/wp-content\/uploads\/2024\/10\/comunicat-media-ainhoa-lopez.jpg","contentUrl":"https:\/\/www.unigirona.cat\/wp-content\/uploads\/2024\/10\/comunicat-media-ainhoa-lopez.jpg","width":2489,"height":3111},{"@type":"BreadcrumbList","@id":"https:\/\/www.unigirona.cat\/es\/comunicado-medico-ainhoa-lopez\/#breadcrumb","itemListElement":[{"@type":"ListItem","position":1,"name":"Portada","item":"https:\/\/www.unigirona.cat\/"},{"@type":"ListItem","position":2,"name":"COMUNICADO M\u00c9DICO: AINHOA L\u00d3PEZ"}]},{"@type":"WebSite","@id":"https:\/\/www.unigirona.cat\/#website","url":"https:\/\/www.unigirona.cat\/","name":"Spar Girona","description":"","potentialAction":[{"@type":"SearchAction","target":{"@type":"EntryPoint","urlTemplate":"https:\/\/www.unigirona.cat\/?s={search_term_string}"},"query-input":{"@type":"PropertyValueSpecification","valueRequired":true,"valueName":"search_term_string"}}],"inLanguage":"es"},{"@type":"Person","@id":"https:\/\/www.unigirona.cat\/#\/schema\/person\/4ea1ec9eb07c69de4fc90d4276a64a8a","name":"infoself","image":{"@type":"ImageObject","inLanguage":"es","@id":"https:\/\/www.unigirona.cat\/#\/schema\/person\/image\/","url":"https:\/\/secure.gravatar.com\/avatar\/80afa8d5c12786a1d498779176a5a726?s=96&d=mm&r=g","contentUrl":"https:\/\/secure.gravatar.com\/avatar\/80afa8d5c12786a1d498779176a5a726?s=96&d=mm&r=g","caption":"infoself"},"sameAs":["http:\/\/www.unigirona.cat"],"url":"https:\/\/www.unigirona.cat\/es\/author\/infoself\/"}]}},"_links":{"self":[{"href":"https:\/\/www.unigirona.cat\/es\/wp-json\/wp\/v2\/posts\/40936"}],"collection":[{"href":"https:\/\/www.unigirona.cat\/es\/wp-json\/wp\/v2\/posts"}],"about":[{"href":"https:\/\/www.unigirona.cat\/es\/wp-json\/wp\/v2\/types\/post"}],"author":[{"embeddable":true,"href":"https:\/\/www.unigirona.cat\/es\/wp-json\/wp\/v2\/users\/1"}],"replies":[{"embeddable":true,"href":"https:\/\/www.unigirona.cat\/es\/wp-json\/wp\/v2\/comments?post=40936"}],"version-history":[{"count":1,"href":"https:\/\/www.unigirona.cat\/es\/wp-json\/wp\/v2\/posts\/40936\/revisions"}],"predecessor-version":[{"id":40937,"href":"https:\/\/www.unigirona.cat\/es\/wp-json\/wp\/v2\/posts\/40936\/revisions\/40937"}],"wp:featuredmedia":[{"embeddable":true,"href":"https:\/\/www.unigirona.cat\/es\/wp-json\/wp\/v2\/media\/40460"}],"wp:attachment":[{"href":"https:\/\/www.unigirona.cat\/es\/wp-json\/wp\/v2\/media?parent=40936"}],"wp:term":[{"taxonomy":"category","embeddable":true,"href":"https:\/\/www.unigirona.cat\/es\/wp-json\/wp\/v2\/categories?post=40936"},{"taxonomy":"post_tag","embeddable":true,"href":"https:\/\/www.unigirona.cat\/es\/wp-json\/wp\/v2\/tags?post=40936"}],"curies":[{"name":"wp","href":"https:\/\/api.w.org\/{rel}","templated":true}]}}