{"id":40944,"date":"2024-10-16T13:19:32","date_gmt":"2024-10-16T11:19:32","guid":{"rendered":"https:\/\/www.unigirona.cat\/electra-avellana-nuevo-patrocinador-del-uni-girona\/"},"modified":"2024-12-31T11:35:35","modified_gmt":"2024-12-31T10:35:35","slug":"electra-avellana-nuevo-patrocinador-del-uni-girona","status":"publish","type":"post","link":"https:\/\/www.unigirona.cat\/es\/electra-avellana-nuevo-patrocinador-del-uni-girona\/","title":{"rendered":"Electra Avellana, nuevo patrocinador del Uni Girona"},"content":{"rendered":"<p>Electra Avellana ha llegado a un acuerdo de patrocinio con el Spar Girona. El acuerdo se ha formalizado en el Pabell\u00f3n Municipal Girona-Fontajau con la presencia, por parte del Uni Girona, de las jugadoras y el equipo t\u00e9cnico, y por parte de Electra Avellana, Maria Figa Felip, Esther Figa Felip y Pau Figa Felip, representantes de la empresa.<\/p><p>Maria, en nombre de Electra Avellana, ha mostrado su satisfacci\u00f3n por el acuerdo: \u201cEstamos muy emocionados de colaborar con este equipo de grandes profesionales. En Electra Avellana creemos firmemente en la importancia de potenciar el talento y la diversidad. Adem\u00e1s, estamos muy orgullosos de poder contribuir al desarrollo del deporte femenino en nuestro territorio, un sitio que siempre ha apostado por la excelencia y los valores del deporte. patrocinio es una gran oportunidad para reforzar nuestro compromiso con nuestra comunidad\u201d.<\/p><p>Con este acuerdo, Electra Avellana patrocinar\u00e1 a la Jugadora + Energ\u00e9tica del Partido, un reconocimiento especial en el que la afici\u00f3n podr\u00e1 participar activamente a trav\u00e9s de las redes sociales del club.<\/p><p>Uni Girona agradece a Electra Avellana su compromiso y apoyo hacia el equipo.<\/p><p><strong>Acerca de Electra Avellana<\/strong><br\/>Electra Avellana, una comercializadora de energ\u00eda con m\u00e1s de 100 a\u00f1os de historia. Situada en Cornell\u00e0 de Terri, destaca por su compromiso con la energ\u00eda 100% verde, ofreciendo a sus clientes electricidad proveniente de fuentes renovables y por la voluntad de ser \u201cla el\u00e9ctrica de casa\u201d, con un trato cercano, de confianza y personalizado . Su larga trayectoria, la apuesta por la sostenibilidad, la conexi\u00f3n con el territorio y la contribuci\u00f3n al desarrollo econ\u00f3mico y medioambiental hacen de electraavellana.com una alternativa de km 0 en el mercado energ\u00e9tico actual.<\/p>","protected":false},"excerpt":{"rendered":"<p>Electra Avellana ha llegado a un acuerdo de patrocinio con el Spar Girona. El acuerdo se ha formalizado en el Pabell\u00f3n Municipal Girona-Fontajau con la presencia, por parte del Uni Girona, de las jugadoras y el equipo t\u00e9cnico, y por parte de Electra Avellana, Maria Figa Felip, Esther Figa Felip y Pau Figa Felip, representantes [&hellip;]<\/p>\n","protected":false},"author":2,"featured_media":40838,"comment_status":"open","ping_status":"open","sticky":false,"template":"","format":"standard","meta":{"footnotes":""},"categories":[847],"tags":[],"class_list":["post-40944","post","type-post","status-publish","format-standard","has-post-thumbnail","hentry","category-sin-categorizar"],"yoast_head":"<!-- This site is optimized with the Yoast SEO plugin v25.1 - https:\/\/yoast.com\/wordpress\/plugins\/seo\/ -->\n<title>Electra Avellana, nuevo patrocinador del Uni Girona - UNI B\u00e0squet Girona<\/title>\n<meta name=\"robots\" content=\"index, follow, max-snippet:-1, max-image-preview:large, max-video-preview:-1\" \/>\n<link rel=\"canonical\" href=\"https:\/\/www.unigirona.cat\/es\/electra-avellana-nuevo-patrocinador-del-uni-girona\/\" \/>\n<meta property=\"og:locale\" content=\"es_ES\" \/>\n<meta property=\"og:type\" content=\"article\" \/>\n<meta property=\"og:title\" content=\"Electra Avellana, nuevo patrocinador del Uni Girona - UNI B\u00e0squet Girona\" \/>\n<meta property=\"og:description\" content=\"Electra Avellana ha llegado a un acuerdo de patrocinio con el Spar Girona. El acuerdo se ha formalizado en el Pabell\u00f3n Municipal Girona-Fontajau con la presencia, por parte del Uni Girona, de las jugadoras y el equipo t\u00e9cnico, y por parte de Electra Avellana, Maria Figa Felip, Esther Figa Felip y Pau Figa Felip, representantes [&hellip;]\" \/>\n<meta property=\"og:url\" content=\"https:\/\/www.unigirona.cat\/es\/electra-avellana-nuevo-patrocinador-del-uni-girona\/\" \/>\n<meta property=\"og:site_name\" content=\"UNI B\u00e0squet Girona\" \/>\n<meta property=\"article:published_time\" content=\"2024-10-16T11:19:32+00:00\" \/>\n<meta property=\"article:modified_time\" content=\"2024-12-31T10:35:35+00:00\" \/>\n<meta property=\"og:image\" content=\"https:\/\/www.unigirona.cat\/wp-content\/uploads\/2024\/12\/WhatsApp-Image-2024-12-09-at-13.14.04.jpeg\" \/>\n\t<meta property=\"og:image:width\" content=\"768\" \/>\n\t<meta property=\"og:image:height\" content=\"385\" \/>\n\t<meta property=\"og:image:type\" content=\"image\/jpeg\" \/>\n<meta name=\"author\" content=\"premsa\" \/>\n<meta name=\"twitter:card\" content=\"summary_large_image\" \/>\n<meta name=\"twitter:label1\" content=\"Escrito por\" \/>\n\t<meta name=\"twitter:data1\" content=\"premsa\" \/>\n\t<meta name=\"twitter:label2\" content=\"Tiempo de lectura\" \/>\n\t<meta name=\"twitter:data2\" content=\"1 minuto\" \/>\n<script type=\"application\/ld+json\" class=\"yoast-schema-graph\">{\"@context\":\"https:\/\/schema.org\",\"@graph\":[{\"@type\":\"WebPage\",\"@id\":\"https:\/\/www.unigirona.cat\/es\/electra-avellana-nuevo-patrocinador-del-uni-girona\/\",\"url\":\"https:\/\/www.unigirona.cat\/es\/electra-avellana-nuevo-patrocinador-del-uni-girona\/\",\"name\":\"Electra Avellana, nuevo patrocinador del Uni Girona - UNI B\u00e0squet Girona\",\"isPartOf\":{\"@id\":\"https:\/\/www.unigirona.cat\/#website\"},\"primaryImageOfPage\":{\"@id\":\"https:\/\/www.unigirona.cat\/es\/electra-avellana-nuevo-patrocinador-del-uni-girona\/#primaryimage\"},\"image\":{\"@id\":\"https:\/\/www.unigirona.cat\/es\/electra-avellana-nuevo-patrocinador-del-uni-girona\/#primaryimage\"},\"thumbnailUrl\":\"https:\/\/www.unigirona.cat\/wp-content\/uploads\/2024\/12\/WhatsApp-Image-2024-12-09-at-13.14.04.jpeg\",\"datePublished\":\"2024-10-16T11:19:32+00:00\",\"dateModified\":\"2024-12-31T10:35:35+00:00\",\"author\":{\"@id\":\"https:\/\/www.unigirona.cat\/#\/schema\/person\/475ba176dc25b40920d6ebae4b40d2fb\"},\"breadcrumb\":{\"@id\":\"https:\/\/www.unigirona.cat\/es\/electra-avellana-nuevo-patrocinador-del-uni-girona\/#breadcrumb\"},\"inLanguage\":\"es\",\"potentialAction\":[{\"@type\":\"ReadAction\",\"target\":[\"https:\/\/www.unigirona.cat\/es\/electra-avellana-nuevo-patrocinador-del-uni-girona\/\"]}]},{\"@type\":\"ImageObject\",\"inLanguage\":\"es\",\"@id\":\"https:\/\/www.unigirona.cat\/es\/electra-avellana-nuevo-patrocinador-del-uni-girona\/#primaryimage\",\"url\":\"https:\/\/www.unigirona.cat\/wp-content\/uploads\/2024\/12\/WhatsApp-Image-2024-12-09-at-13.14.04.jpeg\",\"contentUrl\":\"https:\/\/www.unigirona.cat\/wp-content\/uploads\/2024\/12\/WhatsApp-Image-2024-12-09-at-13.14.04.jpeg\",\"width\":768,\"height\":385},{\"@type\":\"BreadcrumbList\",\"@id\":\"https:\/\/www.unigirona.cat\/es\/electra-avellana-nuevo-patrocinador-del-uni-girona\/#breadcrumb\",\"itemListElement\":[{\"@type\":\"ListItem\",\"position\":1,\"name\":\"Portada\",\"item\":\"https:\/\/www.unigirona.cat\/\"},{\"@type\":\"ListItem\",\"position\":2,\"name\":\"Electra Avellana, nuevo patrocinador del Uni Girona\"}]},{\"@type\":\"WebSite\",\"@id\":\"https:\/\/www.unigirona.cat\/#website\",\"url\":\"https:\/\/www.unigirona.cat\/\",\"name\":\"Spar Girona\",\"description\":\"\",\"potentialAction\":[{\"@type\":\"SearchAction\",\"target\":{\"@type\":\"EntryPoint\",\"urlTemplate\":\"https:\/\/www.unigirona.cat\/?s={search_term_string}\"},\"query-input\":{\"@type\":\"PropertyValueSpecification\",\"valueRequired\":true,\"valueName\":\"search_term_string\"}}],\"inLanguage\":\"es\"},{\"@type\":\"Person\",\"@id\":\"https:\/\/www.unigirona.cat\/#\/schema\/person\/475ba176dc25b40920d6ebae4b40d2fb\",\"name\":\"premsa\",\"image\":{\"@type\":\"ImageObject\",\"inLanguage\":\"es\",\"@id\":\"https:\/\/www.unigirona.cat\/#\/schema\/person\/image\/\",\"url\":\"https:\/\/secure.gravatar.com\/avatar\/aaa70a46dde13fc461ebe5bc96d2c4be?s=96&d=mm&r=g\",\"contentUrl\":\"https:\/\/secure.gravatar.com\/avatar\/aaa70a46dde13fc461ebe5bc96d2c4be?s=96&d=mm&r=g\",\"caption\":\"premsa\"},\"url\":\"https:\/\/www.unigirona.cat\/es\/author\/premsa\/\"}]}<\/script>\n<!-- \/ Yoast SEO plugin. -->","yoast_head_json":{"title":"Electra Avellana, nuevo patrocinador del Uni Girona - UNI B\u00e0squet Girona","robots":{"index":"index","follow":"follow","max-snippet":"max-snippet:-1","max-image-preview":"max-image-preview:large","max-video-preview":"max-video-preview:-1"},"canonical":"https:\/\/www.unigirona.cat\/es\/electra-avellana-nuevo-patrocinador-del-uni-girona\/","og_locale":"es_ES","og_type":"article","og_title":"Electra Avellana, nuevo patrocinador del Uni Girona - UNI B\u00e0squet Girona","og_description":"Electra Avellana ha llegado a un acuerdo de patrocinio con el Spar Girona. El acuerdo se ha formalizado en el Pabell\u00f3n Municipal Girona-Fontajau con la presencia, por parte del Uni Girona, de las jugadoras y el equipo t\u00e9cnico, y por parte de Electra Avellana, Maria Figa Felip, Esther Figa Felip y Pau Figa Felip, representantes [&hellip;]","og_url":"https:\/\/www.unigirona.cat\/es\/electra-avellana-nuevo-patrocinador-del-uni-girona\/","og_site_name":"UNI B\u00e0squet Girona","article_published_time":"2024-10-16T11:19:32+00:00","article_modified_time":"2024-12-31T10:35:35+00:00","og_image":[{"width":768,"height":385,"url":"https:\/\/www.unigirona.cat\/wp-content\/uploads\/2024\/12\/WhatsApp-Image-2024-12-09-at-13.14.04.jpeg","type":"image\/jpeg"}],"author":"premsa","twitter_card":"summary_large_image","twitter_misc":{"Escrito por":"premsa","Tiempo de lectura":"1 minuto"},"schema":{"@context":"https:\/\/schema.org","@graph":[{"@type":"WebPage","@id":"https:\/\/www.unigirona.cat\/es\/electra-avellana-nuevo-patrocinador-del-uni-girona\/","url":"https:\/\/www.unigirona.cat\/es\/electra-avellana-nuevo-patrocinador-del-uni-girona\/","name":"Electra Avellana, nuevo patrocinador del Uni Girona - UNI B\u00e0squet Girona","isPartOf":{"@id":"https:\/\/www.unigirona.cat\/#website"},"primaryImageOfPage":{"@id":"https:\/\/www.unigirona.cat\/es\/electra-avellana-nuevo-patrocinador-del-uni-girona\/#primaryimage"},"image":{"@id":"https:\/\/www.unigirona.cat\/es\/electra-avellana-nuevo-patrocinador-del-uni-girona\/#primaryimage"},"thumbnailUrl":"https:\/\/www.unigirona.cat\/wp-content\/uploads\/2024\/12\/WhatsApp-Image-2024-12-09-at-13.14.04.jpeg","datePublished":"2024-10-16T11:19:32+00:00","dateModified":"2024-12-31T10:35:35+00:00","author":{"@id":"https:\/\/www.unigirona.cat\/#\/schema\/person\/475ba176dc25b40920d6ebae4b40d2fb"},"breadcrumb":{"@id":"https:\/\/www.unigirona.cat\/es\/electra-avellana-nuevo-patrocinador-del-uni-girona\/#breadcrumb"},"inLanguage":"es","potentialAction":[{"@type":"ReadAction","target":["https:\/\/www.unigirona.cat\/es\/electra-avellana-nuevo-patrocinador-del-uni-girona\/"]}]},{"@type":"ImageObject","inLanguage":"es","@id":"https:\/\/www.unigirona.cat\/es\/electra-avellana-nuevo-patrocinador-del-uni-girona\/#primaryimage","url":"https:\/\/www.unigirona.cat\/wp-content\/uploads\/2024\/12\/WhatsApp-Image-2024-12-09-at-13.14.04.jpeg","contentUrl":"https:\/\/www.unigirona.cat\/wp-content\/uploads\/2024\/12\/WhatsApp-Image-2024-12-09-at-13.14.04.jpeg","width":768,"height":385},{"@type":"BreadcrumbList","@id":"https:\/\/www.unigirona.cat\/es\/electra-avellana-nuevo-patrocinador-del-uni-girona\/#breadcrumb","itemListElement":[{"@type":"ListItem","position":1,"name":"Portada","item":"https:\/\/www.unigirona.cat\/"},{"@type":"ListItem","position":2,"name":"Electra Avellana, nuevo patrocinador del Uni Girona"}]},{"@type":"WebSite","@id":"https:\/\/www.unigirona.cat\/#website","url":"https:\/\/www.unigirona.cat\/","name":"Spar Girona","description":"","potentialAction":[{"@type":"SearchAction","target":{"@type":"EntryPoint","urlTemplate":"https:\/\/www.unigirona.cat\/?s={search_term_string}"},"query-input":{"@type":"PropertyValueSpecification","valueRequired":true,"valueName":"search_term_string"}}],"inLanguage":"es"},{"@type":"Person","@id":"https:\/\/www.unigirona.cat\/#\/schema\/person\/475ba176dc25b40920d6ebae4b40d2fb","name":"premsa","image":{"@type":"ImageObject","inLanguage":"es","@id":"https:\/\/www.unigirona.cat\/#\/schema\/person\/image\/","url":"https:\/\/secure.gravatar.com\/avatar\/aaa70a46dde13fc461ebe5bc96d2c4be?s=96&d=mm&r=g","contentUrl":"https:\/\/secure.gravatar.com\/avatar\/aaa70a46dde13fc461ebe5bc96d2c4be?s=96&d=mm&r=g","caption":"premsa"},"url":"https:\/\/www.unigirona.cat\/es\/author\/premsa\/"}]}},"_links":{"self":[{"href":"https:\/\/www.unigirona.cat\/es\/wp-json\/wp\/v2\/posts\/40944"}],"collection":[{"href":"https:\/\/www.unigirona.cat\/es\/wp-json\/wp\/v2\/posts"}],"about":[{"href":"https:\/\/www.unigirona.cat\/es\/wp-json\/wp\/v2\/types\/post"}],"author":[{"embeddable":true,"href":"https:\/\/www.unigirona.cat\/es\/wp-json\/wp\/v2\/users\/2"}],"replies":[{"embeddable":true,"href":"https:\/\/www.unigirona.cat\/es\/wp-json\/wp\/v2\/comments?post=40944"}],"version-history":[{"count":1,"href":"https:\/\/www.unigirona.cat\/es\/wp-json\/wp\/v2\/posts\/40944\/revisions"}],"predecessor-version":[{"id":40945,"href":"https:\/\/www.unigirona.cat\/es\/wp-json\/wp\/v2\/posts\/40944\/revisions\/40945"}],"wp:featuredmedia":[{"embeddable":true,"href":"https:\/\/www.unigirona.cat\/es\/wp-json\/wp\/v2\/media\/40838"}],"wp:attachment":[{"href":"https:\/\/www.unigirona.cat\/es\/wp-json\/wp\/v2\/media?parent=40944"}],"wp:term":[{"taxonomy":"category","embeddable":true,"href":"https:\/\/www.unigirona.cat\/es\/wp-json\/wp\/v2\/categories?post=40944"},{"taxonomy":"post_tag","embeddable":true,"href":"https:\/\/www.unigirona.cat\/es\/wp-json\/wp\/v2\/tags?post=40944"}],"curies":[{"name":"wp","href":"https:\/\/api.w.org\/{rel}","templated":true}]}}