{"id":41289,"date":"2024-12-09T13:12:20","date_gmt":"2024-12-09T12:12:20","guid":{"rendered":"https:\/\/www.unigirona.cat\/lspar-es-fa-fort-a-fontajau-i-allarga-la-seva-ratxa\/"},"modified":"2025-01-03T09:47:50","modified_gmt":"2025-01-03T08:47:50","slug":"lspar-es-fa-fort-a-fontajau-i-allarga-la-seva-ratxa","status":"publish","type":"post","link":"https:\/\/www.unigirona.cat\/es\/lspar-es-fa-fort-a-fontajau-i-allarga-la-seva-ratxa\/","title":{"rendered":"El Spar se hace fuerte en Fontajau y alarga su racha"},"content":{"rendered":"<p>El Spar Girona sigue en estado de gracia en la LF Endesa y ha sumado esta tarde la und\u00e9cima victoria consecutiva contra el IDK Euskotren (81-57). Las gerundenses han dominado gran parte del enfrentamiento, en parte gracias al trabajo de Pierre-Louis en ambos lados de la pista (14 puntos). Con este triunfo, Uni se mantiene en primera posici\u00f3n de la liga, y Fontajau sigue siendo un fort\u00edn.<\/p><p><strong>De m\u00e1s a menos<br><\/strong>Gran inicio del Spar Girona, que, mediante Bibby y Ygueravide, ha carburado r\u00e1pidamente en el enfrentamiento (21-12). Dicho esto, con la m\u00e1xima diferencia del partido, el dominio del rebote ofensivo del IDK ha permitido al conjunto vasco acercarse al marcador (21-15). El tiempo muerto de Roberto ha buscado una reacci\u00f3n, que ha llegado con una buena entrada de Jakubcova (23-17), pero los puntos finales de Pendande han situado al Euskotren a s\u00f3lo 2 puntos (23-21).<\/p><p><strong>En la ofensiva<br><\/strong>El triple de Guerrero al inicio del segundo parcial ha encendido a Fontajau, pero la din\u00e1mica ofensiva del conjunto vasco ha continuado, y Buch ha adelantado al IDK en el ecuador del cuarto (29-31). \u00cd\u00f1iguez ha detenido el choque, y la reacci\u00f3n del Spar no se ha hecho esperar, con Bibby dominando la larga distancia y Pierre-Louis imponi\u00e9ndose en la zona (38-33). La pausa de Muguruza no ha frenado la ofensividad de las gerundenses, y Caldwell y Pierre, desde la l\u00ednea de personal, junto a una acci\u00f3n in extremis de Bibby, han situado al +10 (44-34).<\/p><p><strong>Golpe de autoridad<br><\/strong>El paso por vestuarios no ha cambiado la mentalidad del Uni, que, con Pierre dominando el juego interior, se ha distanciado (12 puntos, 51-38). Seguidamente, un triple de Sandra y una recuperaci\u00f3n de Maya han situado al +19 (59-40). Tras el tiempo muerto de Muguruza, Claessens ha anotado a placer, y el IDK ha protagonizado una peque\u00f1a reacci\u00f3n para cerrar el cuarto con el 63-48 (cesta final de Buch).<\/p><p>Con cansancio en las piernas, ambos conjuntos descendieron intensidad ofensiva, consiguiendo s\u00f3lo un parcial de 4 a 3 a 5:42 para el final. Con el tiempo muerto de Roberto, Uni ha mejorado y un triple final de Berta ha cerrado el enfrentamiento (81-57).<\/p><p><\/p>","protected":false},"excerpt":{"rendered":"<p>El Spar Girona sigue en estado de gracia en la LF Endesa y ha sumado esta tarde la und\u00e9cima victoria consecutiva contra el IDK Euskotren (81-57). Las gerundenses han dominado gran parte del enfrentamiento, en parte gracias al trabajo de Pierre-Louis en ambos lados de la pista (14 puntos). Con este triunfo, Uni se mantiene [&hellip;]<\/p>\n","protected":false},"author":2,"featured_media":40836,"comment_status":"open","ping_status":"open","sticky":false,"template":"","format":"standard","meta":{"footnotes":""},"categories":[860,847],"tags":[],"class_list":["post-41289","post","type-post","status-publish","format-standard","has-post-thumbnail","hentry","category-cronica-es","category-sin-categorizar"],"yoast_head":"<!-- This site is optimized with the Yoast SEO plugin v25.1 - https:\/\/yoast.com\/wordpress\/plugins\/seo\/ -->\n<title>El Spar se hace fuerte en Fontajau y alarga su racha - UNI B\u00e0squet Girona<\/title>\n<meta name=\"robots\" content=\"index, follow, max-snippet:-1, max-image-preview:large, max-video-preview:-1\" \/>\n<link rel=\"canonical\" href=\"https:\/\/www.unigirona.cat\/es\/lspar-es-fa-fort-a-fontajau-i-allarga-la-seva-ratxa\/\" \/>\n<meta property=\"og:locale\" content=\"es_ES\" \/>\n<meta property=\"og:type\" content=\"article\" \/>\n<meta property=\"og:title\" content=\"El Spar se hace fuerte en Fontajau y alarga su racha - UNI B\u00e0squet Girona\" \/>\n<meta property=\"og:description\" content=\"El Spar Girona sigue en estado de gracia en la LF Endesa y ha sumado esta tarde la und\u00e9cima victoria consecutiva contra el IDK Euskotren (81-57). Las gerundenses han dominado gran parte del enfrentamiento, en parte gracias al trabajo de Pierre-Louis en ambos lados de la pista (14 puntos). Con este triunfo, Uni se mantiene [&hellip;]\" \/>\n<meta property=\"og:url\" content=\"https:\/\/www.unigirona.cat\/es\/lspar-es-fa-fort-a-fontajau-i-allarga-la-seva-ratxa\/\" \/>\n<meta property=\"og:site_name\" content=\"UNI B\u00e0squet Girona\" \/>\n<meta property=\"article:published_time\" content=\"2024-12-09T12:12:20+00:00\" \/>\n<meta property=\"article:modified_time\" content=\"2025-01-03T08:47:50+00:00\" \/>\n<meta property=\"og:image\" content=\"http:\/\/www.unigirona.cat\/wp-content\/uploads\/2024\/12\/WhatsApp-Image-2024-12-09-at-13.10.37.jpeg\" \/>\n\t<meta property=\"og:image:width\" content=\"1080\" \/>\n\t<meta property=\"og:image:height\" content=\"1350\" \/>\n\t<meta property=\"og:image:type\" content=\"image\/jpeg\" \/>\n<meta name=\"author\" content=\"premsa\" \/>\n<meta name=\"twitter:card\" content=\"summary_large_image\" \/>\n<meta name=\"twitter:label1\" content=\"Escrito por\" \/>\n\t<meta name=\"twitter:data1\" content=\"premsa\" \/>\n\t<meta name=\"twitter:label2\" content=\"Tiempo de lectura\" \/>\n\t<meta name=\"twitter:data2\" content=\"3 minutos\" \/>\n<script type=\"application\/ld+json\" class=\"yoast-schema-graph\">{\"@context\":\"https:\/\/schema.org\",\"@graph\":[{\"@type\":\"WebPage\",\"@id\":\"https:\/\/www.unigirona.cat\/es\/lspar-es-fa-fort-a-fontajau-i-allarga-la-seva-ratxa\/\",\"url\":\"https:\/\/www.unigirona.cat\/es\/lspar-es-fa-fort-a-fontajau-i-allarga-la-seva-ratxa\/\",\"name\":\"El Spar se hace fuerte en Fontajau y alarga su racha - UNI B\u00e0squet Girona\",\"isPartOf\":{\"@id\":\"https:\/\/www.unigirona.cat\/#website\"},\"primaryImageOfPage\":{\"@id\":\"https:\/\/www.unigirona.cat\/es\/lspar-es-fa-fort-a-fontajau-i-allarga-la-seva-ratxa\/#primaryimage\"},\"image\":{\"@id\":\"https:\/\/www.unigirona.cat\/es\/lspar-es-fa-fort-a-fontajau-i-allarga-la-seva-ratxa\/#primaryimage\"},\"thumbnailUrl\":\"https:\/\/www.unigirona.cat\/wp-content\/uploads\/2024\/12\/WhatsApp-Image-2024-12-09-at-13.10.37.jpeg\",\"datePublished\":\"2024-12-09T12:12:20+00:00\",\"dateModified\":\"2025-01-03T08:47:50+00:00\",\"author\":{\"@id\":\"https:\/\/www.unigirona.cat\/#\/schema\/person\/475ba176dc25b40920d6ebae4b40d2fb\"},\"breadcrumb\":{\"@id\":\"https:\/\/www.unigirona.cat\/es\/lspar-es-fa-fort-a-fontajau-i-allarga-la-seva-ratxa\/#breadcrumb\"},\"inLanguage\":\"es\",\"potentialAction\":[{\"@type\":\"ReadAction\",\"target\":[\"https:\/\/www.unigirona.cat\/es\/lspar-es-fa-fort-a-fontajau-i-allarga-la-seva-ratxa\/\"]}]},{\"@type\":\"ImageObject\",\"inLanguage\":\"es\",\"@id\":\"https:\/\/www.unigirona.cat\/es\/lspar-es-fa-fort-a-fontajau-i-allarga-la-seva-ratxa\/#primaryimage\",\"url\":\"https:\/\/www.unigirona.cat\/wp-content\/uploads\/2024\/12\/WhatsApp-Image-2024-12-09-at-13.10.37.jpeg\",\"contentUrl\":\"https:\/\/www.unigirona.cat\/wp-content\/uploads\/2024\/12\/WhatsApp-Image-2024-12-09-at-13.10.37.jpeg\",\"width\":1080,\"height\":1350},{\"@type\":\"BreadcrumbList\",\"@id\":\"https:\/\/www.unigirona.cat\/es\/lspar-es-fa-fort-a-fontajau-i-allarga-la-seva-ratxa\/#breadcrumb\",\"itemListElement\":[{\"@type\":\"ListItem\",\"position\":1,\"name\":\"Portada\",\"item\":\"https:\/\/www.unigirona.cat\/\"},{\"@type\":\"ListItem\",\"position\":2,\"name\":\"El Spar se hace fuerte en Fontajau y alarga su racha\"}]},{\"@type\":\"WebSite\",\"@id\":\"https:\/\/www.unigirona.cat\/#website\",\"url\":\"https:\/\/www.unigirona.cat\/\",\"name\":\"Spar Girona\",\"description\":\"\",\"potentialAction\":[{\"@type\":\"SearchAction\",\"target\":{\"@type\":\"EntryPoint\",\"urlTemplate\":\"https:\/\/www.unigirona.cat\/?s={search_term_string}\"},\"query-input\":{\"@type\":\"PropertyValueSpecification\",\"valueRequired\":true,\"valueName\":\"search_term_string\"}}],\"inLanguage\":\"es\"},{\"@type\":\"Person\",\"@id\":\"https:\/\/www.unigirona.cat\/#\/schema\/person\/475ba176dc25b40920d6ebae4b40d2fb\",\"name\":\"premsa\",\"image\":{\"@type\":\"ImageObject\",\"inLanguage\":\"es\",\"@id\":\"https:\/\/www.unigirona.cat\/#\/schema\/person\/image\/\",\"url\":\"https:\/\/secure.gravatar.com\/avatar\/aaa70a46dde13fc461ebe5bc96d2c4be?s=96&d=mm&r=g\",\"contentUrl\":\"https:\/\/secure.gravatar.com\/avatar\/aaa70a46dde13fc461ebe5bc96d2c4be?s=96&d=mm&r=g\",\"caption\":\"premsa\"},\"url\":\"https:\/\/www.unigirona.cat\/es\/author\/premsa\/\"}]}<\/script>\n<!-- \/ Yoast SEO plugin. -->","yoast_head_json":{"title":"El Spar se hace fuerte en Fontajau y alarga su racha - UNI B\u00e0squet Girona","robots":{"index":"index","follow":"follow","max-snippet":"max-snippet:-1","max-image-preview":"max-image-preview:large","max-video-preview":"max-video-preview:-1"},"canonical":"https:\/\/www.unigirona.cat\/es\/lspar-es-fa-fort-a-fontajau-i-allarga-la-seva-ratxa\/","og_locale":"es_ES","og_type":"article","og_title":"El Spar se hace fuerte en Fontajau y alarga su racha - UNI B\u00e0squet Girona","og_description":"El Spar Girona sigue en estado de gracia en la LF Endesa y ha sumado esta tarde la und\u00e9cima victoria consecutiva contra el IDK Euskotren (81-57). Las gerundenses han dominado gran parte del enfrentamiento, en parte gracias al trabajo de Pierre-Louis en ambos lados de la pista (14 puntos). Con este triunfo, Uni se mantiene [&hellip;]","og_url":"https:\/\/www.unigirona.cat\/es\/lspar-es-fa-fort-a-fontajau-i-allarga-la-seva-ratxa\/","og_site_name":"UNI B\u00e0squet Girona","article_published_time":"2024-12-09T12:12:20+00:00","article_modified_time":"2025-01-03T08:47:50+00:00","og_image":[{"width":1080,"height":1350,"url":"http:\/\/www.unigirona.cat\/wp-content\/uploads\/2024\/12\/WhatsApp-Image-2024-12-09-at-13.10.37.jpeg","type":"image\/jpeg"}],"author":"premsa","twitter_card":"summary_large_image","twitter_misc":{"Escrito por":"premsa","Tiempo de lectura":"3 minutos"},"schema":{"@context":"https:\/\/schema.org","@graph":[{"@type":"WebPage","@id":"https:\/\/www.unigirona.cat\/es\/lspar-es-fa-fort-a-fontajau-i-allarga-la-seva-ratxa\/","url":"https:\/\/www.unigirona.cat\/es\/lspar-es-fa-fort-a-fontajau-i-allarga-la-seva-ratxa\/","name":"El Spar se hace fuerte en Fontajau y alarga su racha - UNI B\u00e0squet Girona","isPartOf":{"@id":"https:\/\/www.unigirona.cat\/#website"},"primaryImageOfPage":{"@id":"https:\/\/www.unigirona.cat\/es\/lspar-es-fa-fort-a-fontajau-i-allarga-la-seva-ratxa\/#primaryimage"},"image":{"@id":"https:\/\/www.unigirona.cat\/es\/lspar-es-fa-fort-a-fontajau-i-allarga-la-seva-ratxa\/#primaryimage"},"thumbnailUrl":"https:\/\/www.unigirona.cat\/wp-content\/uploads\/2024\/12\/WhatsApp-Image-2024-12-09-at-13.10.37.jpeg","datePublished":"2024-12-09T12:12:20+00:00","dateModified":"2025-01-03T08:47:50+00:00","author":{"@id":"https:\/\/www.unigirona.cat\/#\/schema\/person\/475ba176dc25b40920d6ebae4b40d2fb"},"breadcrumb":{"@id":"https:\/\/www.unigirona.cat\/es\/lspar-es-fa-fort-a-fontajau-i-allarga-la-seva-ratxa\/#breadcrumb"},"inLanguage":"es","potentialAction":[{"@type":"ReadAction","target":["https:\/\/www.unigirona.cat\/es\/lspar-es-fa-fort-a-fontajau-i-allarga-la-seva-ratxa\/"]}]},{"@type":"ImageObject","inLanguage":"es","@id":"https:\/\/www.unigirona.cat\/es\/lspar-es-fa-fort-a-fontajau-i-allarga-la-seva-ratxa\/#primaryimage","url":"https:\/\/www.unigirona.cat\/wp-content\/uploads\/2024\/12\/WhatsApp-Image-2024-12-09-at-13.10.37.jpeg","contentUrl":"https:\/\/www.unigirona.cat\/wp-content\/uploads\/2024\/12\/WhatsApp-Image-2024-12-09-at-13.10.37.jpeg","width":1080,"height":1350},{"@type":"BreadcrumbList","@id":"https:\/\/www.unigirona.cat\/es\/lspar-es-fa-fort-a-fontajau-i-allarga-la-seva-ratxa\/#breadcrumb","itemListElement":[{"@type":"ListItem","position":1,"name":"Portada","item":"https:\/\/www.unigirona.cat\/"},{"@type":"ListItem","position":2,"name":"El Spar se hace fuerte en Fontajau y alarga su racha"}]},{"@type":"WebSite","@id":"https:\/\/www.unigirona.cat\/#website","url":"https:\/\/www.unigirona.cat\/","name":"Spar Girona","description":"","potentialAction":[{"@type":"SearchAction","target":{"@type":"EntryPoint","urlTemplate":"https:\/\/www.unigirona.cat\/?s={search_term_string}"},"query-input":{"@type":"PropertyValueSpecification","valueRequired":true,"valueName":"search_term_string"}}],"inLanguage":"es"},{"@type":"Person","@id":"https:\/\/www.unigirona.cat\/#\/schema\/person\/475ba176dc25b40920d6ebae4b40d2fb","name":"premsa","image":{"@type":"ImageObject","inLanguage":"es","@id":"https:\/\/www.unigirona.cat\/#\/schema\/person\/image\/","url":"https:\/\/secure.gravatar.com\/avatar\/aaa70a46dde13fc461ebe5bc96d2c4be?s=96&d=mm&r=g","contentUrl":"https:\/\/secure.gravatar.com\/avatar\/aaa70a46dde13fc461ebe5bc96d2c4be?s=96&d=mm&r=g","caption":"premsa"},"url":"https:\/\/www.unigirona.cat\/es\/author\/premsa\/"}]}},"_links":{"self":[{"href":"https:\/\/www.unigirona.cat\/es\/wp-json\/wp\/v2\/posts\/41289"}],"collection":[{"href":"https:\/\/www.unigirona.cat\/es\/wp-json\/wp\/v2\/posts"}],"about":[{"href":"https:\/\/www.unigirona.cat\/es\/wp-json\/wp\/v2\/types\/post"}],"author":[{"embeddable":true,"href":"https:\/\/www.unigirona.cat\/es\/wp-json\/wp\/v2\/users\/2"}],"replies":[{"embeddable":true,"href":"https:\/\/www.unigirona.cat\/es\/wp-json\/wp\/v2\/comments?post=41289"}],"version-history":[{"count":1,"href":"https:\/\/www.unigirona.cat\/es\/wp-json\/wp\/v2\/posts\/41289\/revisions"}],"predecessor-version":[{"id":41293,"href":"https:\/\/www.unigirona.cat\/es\/wp-json\/wp\/v2\/posts\/41289\/revisions\/41293"}],"wp:featuredmedia":[{"embeddable":true,"href":"https:\/\/www.unigirona.cat\/es\/wp-json\/wp\/v2\/media\/40836"}],"wp:attachment":[{"href":"https:\/\/www.unigirona.cat\/es\/wp-json\/wp\/v2\/media?parent=41289"}],"wp:term":[{"taxonomy":"category","embeddable":true,"href":"https:\/\/www.unigirona.cat\/es\/wp-json\/wp\/v2\/categories?post=41289"},{"taxonomy":"post_tag","embeddable":true,"href":"https:\/\/www.unigirona.cat\/es\/wp-json\/wp\/v2\/tags?post=41289"}],"curies":[{"name":"wp","href":"https:\/\/api.w.org\/{rel}","templated":true}]}}