{"id":41308,"date":"2024-12-16T09:24:31","date_gmt":"2024-12-16T08:24:31","guid":{"rendered":"https:\/\/www.unigirona.cat\/roberto-iniguez-lequip-ho-ha-donat-tot\/"},"modified":"2025-01-03T10:09:09","modified_gmt":"2025-01-03T09:09:09","slug":"roberto-iniguez-lequip-ho-ha-donat-tot","status":"publish","type":"post","link":"https:\/\/www.unigirona.cat\/es\/roberto-iniguez-lequip-ho-ha-donat-tot\/","title":{"rendered":"Roberto \u00cd\u00f1iguez: \u00abEl equipo lo ha dado todo\u00bb"},"content":{"rendered":"<p>Tras perder el primer enfrentamiento de LF Endesa, Roberto \u00cd\u00f1iguez valor\u00f3 el partido y se mostr\u00f3 \u00aborgulloso\u00bb del equipo. \u00abYa he dicho otras veces que las valoraciones no deben hacerse por el hecho de ganar o perder. Creo que hemos competido al m\u00e1ximo y solo puedo sacarme el sombrero. Sab\u00edamos que ven\u00edamos con algo menos de energ\u00eda de lo habitual , pero no se ha notado mucho. El equipo lo ha dado todo\u00bb.<\/p><p>Una de las claves del enfrentamiento ha sido el disparo desde la larga distancia del Uni. \u00abEl porcentaje de tres creo que le hemos acusado por poder estar dentro del partido en los minutos en que ellos han vuelto, especialmente cuando han jugado muchos balones en el interior. Hemos luchado bien, pero nos ha faltado acierto desde fuera\u00bb .<\/p><p>\u00abEl tercer punto es el que todo el mundo ha visto. No voy a decir nada m\u00e1s, pero creo que ha sido decisivo. Hay que ver el partido. Ahora toca seguir, como siempre digo. Sabemos qui\u00e9nes somos y debemos recuperarnos para la semana que viene, ya que tenemos dos partidos importantes en casa antes del descanso de Navidad\u00bb, ha concluido Roberto \u00cd\u00f1iguez.<\/p>","protected":false},"excerpt":{"rendered":"<p>Tras perder el primer enfrentamiento de LF Endesa, Roberto \u00cd\u00f1iguez valor\u00f3 el partido y se mostr\u00f3 \u00aborgulloso\u00bb del equipo. \u00abYa he dicho otras veces que las valoraciones no deben hacerse por el hecho de ganar o perder. Creo que hemos competido al m\u00e1ximo y solo puedo sacarme el sombrero. Sab\u00edamos que ven\u00edamos con algo menos [&hellip;]<\/p>\n","protected":false},"author":2,"featured_media":40860,"comment_status":"open","ping_status":"open","sticky":false,"template":"","format":"standard","meta":{"footnotes":""},"categories":[847],"tags":[],"class_list":["post-41308","post","type-post","status-publish","format-standard","has-post-thumbnail","hentry","category-sin-categorizar"],"yoast_head":"<!-- This site is optimized with the Yoast SEO plugin v25.1 - https:\/\/yoast.com\/wordpress\/plugins\/seo\/ -->\n<title>Roberto \u00cd\u00f1iguez: &quot;El equipo lo ha dado todo&quot; - UNI B\u00e0squet Girona<\/title>\n<meta name=\"robots\" content=\"index, follow, max-snippet:-1, max-image-preview:large, max-video-preview:-1\" \/>\n<link rel=\"canonical\" href=\"https:\/\/www.unigirona.cat\/es\/roberto-iniguez-lequip-ho-ha-donat-tot\/\" \/>\n<meta property=\"og:locale\" content=\"es_ES\" \/>\n<meta property=\"og:type\" content=\"article\" \/>\n<meta property=\"og:title\" content=\"Roberto \u00cd\u00f1iguez: &quot;El equipo lo ha dado todo&quot; - UNI B\u00e0squet Girona\" \/>\n<meta property=\"og:description\" content=\"Tras perder el primer enfrentamiento de LF Endesa, Roberto \u00cd\u00f1iguez valor\u00f3 el partido y se mostr\u00f3 \u00aborgulloso\u00bb del equipo. \u00abYa he dicho otras veces que las valoraciones no deben hacerse por el hecho de ganar o perder. Creo que hemos competido al m\u00e1ximo y solo puedo sacarme el sombrero. Sab\u00edamos que ven\u00edamos con algo menos [&hellip;]\" \/>\n<meta property=\"og:url\" content=\"https:\/\/www.unigirona.cat\/es\/roberto-iniguez-lequip-ho-ha-donat-tot\/\" \/>\n<meta property=\"og:site_name\" content=\"UNI B\u00e0squet Girona\" \/>\n<meta property=\"article:published_time\" content=\"2024-12-16T08:24:31+00:00\" \/>\n<meta property=\"article:modified_time\" content=\"2025-01-03T09:09:09+00:00\" \/>\n<meta property=\"og:image\" content=\"http:\/\/www.unigirona.cat\/wp-content\/uploads\/2024\/12\/WhatsApp-Image-2024-12-16-at-09.17.08.jpeg\" \/>\n\t<meta property=\"og:image:width\" content=\"1600\" \/>\n\t<meta property=\"og:image:height\" content=\"1066\" \/>\n\t<meta property=\"og:image:type\" content=\"image\/jpeg\" \/>\n<meta name=\"author\" content=\"premsa\" \/>\n<meta name=\"twitter:card\" content=\"summary_large_image\" \/>\n<meta name=\"twitter:label1\" content=\"Escrito por\" \/>\n\t<meta name=\"twitter:data1\" content=\"premsa\" \/>\n\t<meta name=\"twitter:label2\" content=\"Tiempo de lectura\" \/>\n\t<meta name=\"twitter:data2\" content=\"2 minutos\" \/>\n<script type=\"application\/ld+json\" class=\"yoast-schema-graph\">{\"@context\":\"https:\/\/schema.org\",\"@graph\":[{\"@type\":\"WebPage\",\"@id\":\"https:\/\/www.unigirona.cat\/es\/roberto-iniguez-lequip-ho-ha-donat-tot\/\",\"url\":\"https:\/\/www.unigirona.cat\/es\/roberto-iniguez-lequip-ho-ha-donat-tot\/\",\"name\":\"Roberto \u00cd\u00f1iguez: \\\"El equipo lo ha dado todo\\\" - UNI B\u00e0squet Girona\",\"isPartOf\":{\"@id\":\"https:\/\/www.unigirona.cat\/#website\"},\"primaryImageOfPage\":{\"@id\":\"https:\/\/www.unigirona.cat\/es\/roberto-iniguez-lequip-ho-ha-donat-tot\/#primaryimage\"},\"image\":{\"@id\":\"https:\/\/www.unigirona.cat\/es\/roberto-iniguez-lequip-ho-ha-donat-tot\/#primaryimage\"},\"thumbnailUrl\":\"https:\/\/www.unigirona.cat\/wp-content\/uploads\/2024\/12\/WhatsApp-Image-2024-12-16-at-09.17.08.jpeg\",\"datePublished\":\"2024-12-16T08:24:31+00:00\",\"dateModified\":\"2025-01-03T09:09:09+00:00\",\"author\":{\"@id\":\"https:\/\/www.unigirona.cat\/#\/schema\/person\/475ba176dc25b40920d6ebae4b40d2fb\"},\"breadcrumb\":{\"@id\":\"https:\/\/www.unigirona.cat\/es\/roberto-iniguez-lequip-ho-ha-donat-tot\/#breadcrumb\"},\"inLanguage\":\"es\",\"potentialAction\":[{\"@type\":\"ReadAction\",\"target\":[\"https:\/\/www.unigirona.cat\/es\/roberto-iniguez-lequip-ho-ha-donat-tot\/\"]}]},{\"@type\":\"ImageObject\",\"inLanguage\":\"es\",\"@id\":\"https:\/\/www.unigirona.cat\/es\/roberto-iniguez-lequip-ho-ha-donat-tot\/#primaryimage\",\"url\":\"https:\/\/www.unigirona.cat\/wp-content\/uploads\/2024\/12\/WhatsApp-Image-2024-12-16-at-09.17.08.jpeg\",\"contentUrl\":\"https:\/\/www.unigirona.cat\/wp-content\/uploads\/2024\/12\/WhatsApp-Image-2024-12-16-at-09.17.08.jpeg\",\"width\":1600,\"height\":1066},{\"@type\":\"BreadcrumbList\",\"@id\":\"https:\/\/www.unigirona.cat\/es\/roberto-iniguez-lequip-ho-ha-donat-tot\/#breadcrumb\",\"itemListElement\":[{\"@type\":\"ListItem\",\"position\":1,\"name\":\"Portada\",\"item\":\"https:\/\/www.unigirona.cat\/\"},{\"@type\":\"ListItem\",\"position\":2,\"name\":\"Roberto \u00cd\u00f1iguez: &#8220;El equipo lo ha dado todo&#8221;\"}]},{\"@type\":\"WebSite\",\"@id\":\"https:\/\/www.unigirona.cat\/#website\",\"url\":\"https:\/\/www.unigirona.cat\/\",\"name\":\"Spar Girona\",\"description\":\"\",\"potentialAction\":[{\"@type\":\"SearchAction\",\"target\":{\"@type\":\"EntryPoint\",\"urlTemplate\":\"https:\/\/www.unigirona.cat\/?s={search_term_string}\"},\"query-input\":{\"@type\":\"PropertyValueSpecification\",\"valueRequired\":true,\"valueName\":\"search_term_string\"}}],\"inLanguage\":\"es\"},{\"@type\":\"Person\",\"@id\":\"https:\/\/www.unigirona.cat\/#\/schema\/person\/475ba176dc25b40920d6ebae4b40d2fb\",\"name\":\"premsa\",\"image\":{\"@type\":\"ImageObject\",\"inLanguage\":\"es\",\"@id\":\"https:\/\/www.unigirona.cat\/#\/schema\/person\/image\/\",\"url\":\"https:\/\/secure.gravatar.com\/avatar\/aaa70a46dde13fc461ebe5bc96d2c4be?s=96&d=mm&r=g\",\"contentUrl\":\"https:\/\/secure.gravatar.com\/avatar\/aaa70a46dde13fc461ebe5bc96d2c4be?s=96&d=mm&r=g\",\"caption\":\"premsa\"},\"url\":\"https:\/\/www.unigirona.cat\/es\/author\/premsa\/\"}]}<\/script>\n<!-- \/ Yoast SEO plugin. -->","yoast_head_json":{"title":"Roberto \u00cd\u00f1iguez: \"El equipo lo ha dado todo\" - UNI B\u00e0squet Girona","robots":{"index":"index","follow":"follow","max-snippet":"max-snippet:-1","max-image-preview":"max-image-preview:large","max-video-preview":"max-video-preview:-1"},"canonical":"https:\/\/www.unigirona.cat\/es\/roberto-iniguez-lequip-ho-ha-donat-tot\/","og_locale":"es_ES","og_type":"article","og_title":"Roberto \u00cd\u00f1iguez: \"El equipo lo ha dado todo\" - UNI B\u00e0squet Girona","og_description":"Tras perder el primer enfrentamiento de LF Endesa, Roberto \u00cd\u00f1iguez valor\u00f3 el partido y se mostr\u00f3 \u00aborgulloso\u00bb del equipo. \u00abYa he dicho otras veces que las valoraciones no deben hacerse por el hecho de ganar o perder. Creo que hemos competido al m\u00e1ximo y solo puedo sacarme el sombrero. Sab\u00edamos que ven\u00edamos con algo menos [&hellip;]","og_url":"https:\/\/www.unigirona.cat\/es\/roberto-iniguez-lequip-ho-ha-donat-tot\/","og_site_name":"UNI B\u00e0squet Girona","article_published_time":"2024-12-16T08:24:31+00:00","article_modified_time":"2025-01-03T09:09:09+00:00","og_image":[{"width":1600,"height":1066,"url":"http:\/\/www.unigirona.cat\/wp-content\/uploads\/2024\/12\/WhatsApp-Image-2024-12-16-at-09.17.08.jpeg","type":"image\/jpeg"}],"author":"premsa","twitter_card":"summary_large_image","twitter_misc":{"Escrito por":"premsa","Tiempo de lectura":"2 minutos"},"schema":{"@context":"https:\/\/schema.org","@graph":[{"@type":"WebPage","@id":"https:\/\/www.unigirona.cat\/es\/roberto-iniguez-lequip-ho-ha-donat-tot\/","url":"https:\/\/www.unigirona.cat\/es\/roberto-iniguez-lequip-ho-ha-donat-tot\/","name":"Roberto \u00cd\u00f1iguez: \"El equipo lo ha dado todo\" - UNI B\u00e0squet Girona","isPartOf":{"@id":"https:\/\/www.unigirona.cat\/#website"},"primaryImageOfPage":{"@id":"https:\/\/www.unigirona.cat\/es\/roberto-iniguez-lequip-ho-ha-donat-tot\/#primaryimage"},"image":{"@id":"https:\/\/www.unigirona.cat\/es\/roberto-iniguez-lequip-ho-ha-donat-tot\/#primaryimage"},"thumbnailUrl":"https:\/\/www.unigirona.cat\/wp-content\/uploads\/2024\/12\/WhatsApp-Image-2024-12-16-at-09.17.08.jpeg","datePublished":"2024-12-16T08:24:31+00:00","dateModified":"2025-01-03T09:09:09+00:00","author":{"@id":"https:\/\/www.unigirona.cat\/#\/schema\/person\/475ba176dc25b40920d6ebae4b40d2fb"},"breadcrumb":{"@id":"https:\/\/www.unigirona.cat\/es\/roberto-iniguez-lequip-ho-ha-donat-tot\/#breadcrumb"},"inLanguage":"es","potentialAction":[{"@type":"ReadAction","target":["https:\/\/www.unigirona.cat\/es\/roberto-iniguez-lequip-ho-ha-donat-tot\/"]}]},{"@type":"ImageObject","inLanguage":"es","@id":"https:\/\/www.unigirona.cat\/es\/roberto-iniguez-lequip-ho-ha-donat-tot\/#primaryimage","url":"https:\/\/www.unigirona.cat\/wp-content\/uploads\/2024\/12\/WhatsApp-Image-2024-12-16-at-09.17.08.jpeg","contentUrl":"https:\/\/www.unigirona.cat\/wp-content\/uploads\/2024\/12\/WhatsApp-Image-2024-12-16-at-09.17.08.jpeg","width":1600,"height":1066},{"@type":"BreadcrumbList","@id":"https:\/\/www.unigirona.cat\/es\/roberto-iniguez-lequip-ho-ha-donat-tot\/#breadcrumb","itemListElement":[{"@type":"ListItem","position":1,"name":"Portada","item":"https:\/\/www.unigirona.cat\/"},{"@type":"ListItem","position":2,"name":"Roberto \u00cd\u00f1iguez: &#8220;El equipo lo ha dado todo&#8221;"}]},{"@type":"WebSite","@id":"https:\/\/www.unigirona.cat\/#website","url":"https:\/\/www.unigirona.cat\/","name":"Spar Girona","description":"","potentialAction":[{"@type":"SearchAction","target":{"@type":"EntryPoint","urlTemplate":"https:\/\/www.unigirona.cat\/?s={search_term_string}"},"query-input":{"@type":"PropertyValueSpecification","valueRequired":true,"valueName":"search_term_string"}}],"inLanguage":"es"},{"@type":"Person","@id":"https:\/\/www.unigirona.cat\/#\/schema\/person\/475ba176dc25b40920d6ebae4b40d2fb","name":"premsa","image":{"@type":"ImageObject","inLanguage":"es","@id":"https:\/\/www.unigirona.cat\/#\/schema\/person\/image\/","url":"https:\/\/secure.gravatar.com\/avatar\/aaa70a46dde13fc461ebe5bc96d2c4be?s=96&d=mm&r=g","contentUrl":"https:\/\/secure.gravatar.com\/avatar\/aaa70a46dde13fc461ebe5bc96d2c4be?s=96&d=mm&r=g","caption":"premsa"},"url":"https:\/\/www.unigirona.cat\/es\/author\/premsa\/"}]}},"_links":{"self":[{"href":"https:\/\/www.unigirona.cat\/es\/wp-json\/wp\/v2\/posts\/41308"}],"collection":[{"href":"https:\/\/www.unigirona.cat\/es\/wp-json\/wp\/v2\/posts"}],"about":[{"href":"https:\/\/www.unigirona.cat\/es\/wp-json\/wp\/v2\/types\/post"}],"author":[{"embeddable":true,"href":"https:\/\/www.unigirona.cat\/es\/wp-json\/wp\/v2\/users\/2"}],"replies":[{"embeddable":true,"href":"https:\/\/www.unigirona.cat\/es\/wp-json\/wp\/v2\/comments?post=41308"}],"version-history":[{"count":1,"href":"https:\/\/www.unigirona.cat\/es\/wp-json\/wp\/v2\/posts\/41308\/revisions"}],"predecessor-version":[{"id":41310,"href":"https:\/\/www.unigirona.cat\/es\/wp-json\/wp\/v2\/posts\/41308\/revisions\/41310"}],"wp:featuredmedia":[{"embeddable":true,"href":"https:\/\/www.unigirona.cat\/es\/wp-json\/wp\/v2\/media\/40860"}],"wp:attachment":[{"href":"https:\/\/www.unigirona.cat\/es\/wp-json\/wp\/v2\/media?parent=41308"}],"wp:term":[{"taxonomy":"category","embeddable":true,"href":"https:\/\/www.unigirona.cat\/es\/wp-json\/wp\/v2\/categories?post=41308"},{"taxonomy":"post_tag","embeddable":true,"href":"https:\/\/www.unigirona.cat\/es\/wp-json\/wp\/v2\/tags?post=41308"}],"curies":[{"name":"wp","href":"https:\/\/api.w.org\/{rel}","templated":true}]}}