{"id":41753,"date":"2025-01-07T12:33:17","date_gmt":"2025-01-07T11:33:17","guid":{"rendered":"https:\/\/www.unigirona.cat\/?p=41753"},"modified":"2025-01-07T16:42:28","modified_gmt":"2025-01-07T15:42:28","slug":"el-sorteig-de-la-copa-de-la-reina-el-14-de-gener","status":"publish","type":"post","link":"https:\/\/www.unigirona.cat\/es\/el-sorteig-de-la-copa-de-la-reina-el-14-de-gener\/","title":{"rendered":"El sorteig de la Copa de la Reina, el 14 de gener"},"content":{"rendered":"<p>L\u2019Spar Girona coneixer\u00e0 el seu rival als quarts de final de la Copa de la Reina 2025 el dimarts 14 de gener, durant el sorteig que tindr\u00e0 lloc a les 13:15 h a l\u2019Ajuntament de Saragossa. L\u2019equip, cap de s\u00e8rie com a campi\u00f3 d\u2019hivern, disputar\u00e0 el seu partit inaugural el dijous 20 de mar\u00e7, comptant amb un avantatge de 24 hores de descans en cas de classificar-se per a les semifinals.<\/p><p>La competici\u00f3, que es jugar\u00e0 del 20 al 23 de mar\u00e7 al Pavell\u00f3 Pr\u00edncipe Felipe, promet ser una de les m\u00e9s disputades dels \u00faltims anys. Els vuit equips classificats es dividiran en dos bombos, amb l\u2019Spar Girona al capdavant del primer juntament amb Perfumer\u00edas Avenida, Valencia Basket i Casademont Zaragoza. Els rivals sortiran d\u2019un segon bombo que inclou Hozono Global Jairis, Lointek Gernika, Movistar Estudiantes i Spar Gran Canaria.<\/p><p>El sorteig es podr\u00e0 seguir en directe a trav\u00e9s del canal oficial de <a href=\"https:\/\/www.twitch.tv\/baloncestoesp\">Twitch de la FEB (@BaloncestoESP)<\/a>.<\/p>","protected":false},"excerpt":{"rendered":"<p>L\u2019Spar Girona coneixer\u00e0 el seu rival als quarts de final de la Copa de la Reina 2025 el dimarts 14 de gener, durant el sorteig que tindr\u00e0 lloc a les 13:15 h a l\u2019Ajuntament de Saragossa. L\u2019equip, cap de s\u00e8rie com a campi\u00f3 d\u2019hivern, disputar\u00e0 el seu partit inaugural el dijous 20 de mar\u00e7, comptant [&hellip;]<\/p>\n","protected":false},"author":2,"featured_media":41768,"comment_status":"open","ping_status":"open","sticky":false,"template":"","format":"standard","meta":{"footnotes":""},"categories":[542],"tags":[],"class_list":["post-41753","post","type-post","status-publish","format-standard","has-post-thumbnail","hentry","category-lf-endesa"],"yoast_head":"<!-- This site is optimized with the Yoast SEO plugin v25.1 - https:\/\/yoast.com\/wordpress\/plugins\/seo\/ -->\n<title>El sorteig de la Copa de la Reina, el 14 de gener - UNI B\u00e0squet Girona<\/title>\n<meta name=\"robots\" content=\"index, follow, max-snippet:-1, max-image-preview:large, max-video-preview:-1\" \/>\n<link rel=\"canonical\" href=\"https:\/\/www.unigirona.cat\/el-sorteig-de-la-copa-de-la-reina-el-14-de-gener\/\" \/>\n<meta property=\"og:locale\" content=\"es_ES\" \/>\n<meta property=\"og:type\" content=\"article\" \/>\n<meta property=\"og:title\" content=\"El sorteig de la Copa de la Reina, el 14 de gener - UNI B\u00e0squet Girona\" \/>\n<meta property=\"og:description\" content=\"L\u2019Spar Girona coneixer\u00e0 el seu rival als quarts de final de la Copa de la Reina 2025 el dimarts 14 de gener, durant el sorteig que tindr\u00e0 lloc a les 13:15 h a l\u2019Ajuntament de Saragossa. L\u2019equip, cap de s\u00e8rie com a campi\u00f3 d\u2019hivern, disputar\u00e0 el seu partit inaugural el dijous 20 de mar\u00e7, comptant [&hellip;]\" \/>\n<meta property=\"og:url\" content=\"https:\/\/www.unigirona.cat\/el-sorteig-de-la-copa-de-la-reina-el-14-de-gener\/\" \/>\n<meta property=\"og:site_name\" content=\"UNI B\u00e0squet Girona\" \/>\n<meta property=\"article:published_time\" content=\"2025-01-07T11:33:17+00:00\" \/>\n<meta property=\"article:modified_time\" content=\"2025-01-07T15:42:28+00:00\" \/>\n<meta property=\"og:image\" content=\"http:\/\/www.unigirona.cat\/wp-content\/uploads\/2025\/01\/WhatsApp-Image-2025-01-07-at-16.41.19-1.jpeg\" \/>\n\t<meta property=\"og:image:width\" content=\"1600\" \/>\n\t<meta property=\"og:image:height\" content=\"1066\" \/>\n\t<meta property=\"og:image:type\" content=\"image\/jpeg\" \/>\n<meta name=\"author\" content=\"premsa\" \/>\n<meta name=\"twitter:card\" content=\"summary_large_image\" \/>\n<meta name=\"twitter:label1\" content=\"Escrito por\" \/>\n\t<meta name=\"twitter:data1\" content=\"premsa\" \/>\n\t<meta name=\"twitter:label2\" content=\"Tiempo de lectura\" \/>\n\t<meta name=\"twitter:data2\" content=\"2 minutos\" \/>\n<script type=\"application\/ld+json\" class=\"yoast-schema-graph\">{\"@context\":\"https:\/\/schema.org\",\"@graph\":[{\"@type\":\"WebPage\",\"@id\":\"https:\/\/www.unigirona.cat\/el-sorteig-de-la-copa-de-la-reina-el-14-de-gener\/\",\"url\":\"https:\/\/www.unigirona.cat\/el-sorteig-de-la-copa-de-la-reina-el-14-de-gener\/\",\"name\":\"El sorteig de la Copa de la Reina, el 14 de gener - UNI B\u00e0squet Girona\",\"isPartOf\":{\"@id\":\"https:\/\/www.unigirona.cat\/#website\"},\"primaryImageOfPage\":{\"@id\":\"https:\/\/www.unigirona.cat\/el-sorteig-de-la-copa-de-la-reina-el-14-de-gener\/#primaryimage\"},\"image\":{\"@id\":\"https:\/\/www.unigirona.cat\/el-sorteig-de-la-copa-de-la-reina-el-14-de-gener\/#primaryimage\"},\"thumbnailUrl\":\"https:\/\/www.unigirona.cat\/wp-content\/uploads\/2025\/01\/WhatsApp-Image-2025-01-07-at-16.41.19-1.jpeg\",\"datePublished\":\"2025-01-07T11:33:17+00:00\",\"dateModified\":\"2025-01-07T15:42:28+00:00\",\"author\":{\"@id\":\"https:\/\/www.unigirona.cat\/#\/schema\/person\/475ba176dc25b40920d6ebae4b40d2fb\"},\"breadcrumb\":{\"@id\":\"https:\/\/www.unigirona.cat\/el-sorteig-de-la-copa-de-la-reina-el-14-de-gener\/#breadcrumb\"},\"inLanguage\":\"es\",\"potentialAction\":[{\"@type\":\"ReadAction\",\"target\":[\"https:\/\/www.unigirona.cat\/el-sorteig-de-la-copa-de-la-reina-el-14-de-gener\/\"]}]},{\"@type\":\"ImageObject\",\"inLanguage\":\"es\",\"@id\":\"https:\/\/www.unigirona.cat\/el-sorteig-de-la-copa-de-la-reina-el-14-de-gener\/#primaryimage\",\"url\":\"https:\/\/www.unigirona.cat\/wp-content\/uploads\/2025\/01\/WhatsApp-Image-2025-01-07-at-16.41.19-1.jpeg\",\"contentUrl\":\"https:\/\/www.unigirona.cat\/wp-content\/uploads\/2025\/01\/WhatsApp-Image-2025-01-07-at-16.41.19-1.jpeg\",\"width\":1600,\"height\":1066},{\"@type\":\"BreadcrumbList\",\"@id\":\"https:\/\/www.unigirona.cat\/el-sorteig-de-la-copa-de-la-reina-el-14-de-gener\/#breadcrumb\",\"itemListElement\":[{\"@type\":\"ListItem\",\"position\":1,\"name\":\"Portada\",\"item\":\"https:\/\/www.unigirona.cat\/\"},{\"@type\":\"ListItem\",\"position\":2,\"name\":\"El sorteig de la Copa de la Reina, el 14 de gener\"}]},{\"@type\":\"WebSite\",\"@id\":\"https:\/\/www.unigirona.cat\/#website\",\"url\":\"https:\/\/www.unigirona.cat\/\",\"name\":\"Spar Girona\",\"description\":\"\",\"potentialAction\":[{\"@type\":\"SearchAction\",\"target\":{\"@type\":\"EntryPoint\",\"urlTemplate\":\"https:\/\/www.unigirona.cat\/?s={search_term_string}\"},\"query-input\":{\"@type\":\"PropertyValueSpecification\",\"valueRequired\":true,\"valueName\":\"search_term_string\"}}],\"inLanguage\":\"es\"},{\"@type\":\"Person\",\"@id\":\"https:\/\/www.unigirona.cat\/#\/schema\/person\/475ba176dc25b40920d6ebae4b40d2fb\",\"name\":\"premsa\",\"image\":{\"@type\":\"ImageObject\",\"inLanguage\":\"es\",\"@id\":\"https:\/\/www.unigirona.cat\/#\/schema\/person\/image\/\",\"url\":\"https:\/\/secure.gravatar.com\/avatar\/aaa70a46dde13fc461ebe5bc96d2c4be?s=96&d=mm&r=g\",\"contentUrl\":\"https:\/\/secure.gravatar.com\/avatar\/aaa70a46dde13fc461ebe5bc96d2c4be?s=96&d=mm&r=g\",\"caption\":\"premsa\"},\"url\":\"https:\/\/www.unigirona.cat\/es\/author\/premsa\/\"}]}<\/script>\n<!-- \/ Yoast SEO plugin. -->","yoast_head_json":{"title":"El sorteig de la Copa de la Reina, el 14 de gener - UNI B\u00e0squet Girona","robots":{"index":"index","follow":"follow","max-snippet":"max-snippet:-1","max-image-preview":"max-image-preview:large","max-video-preview":"max-video-preview:-1"},"canonical":"https:\/\/www.unigirona.cat\/el-sorteig-de-la-copa-de-la-reina-el-14-de-gener\/","og_locale":"es_ES","og_type":"article","og_title":"El sorteig de la Copa de la Reina, el 14 de gener - UNI B\u00e0squet Girona","og_description":"L\u2019Spar Girona coneixer\u00e0 el seu rival als quarts de final de la Copa de la Reina 2025 el dimarts 14 de gener, durant el sorteig que tindr\u00e0 lloc a les 13:15 h a l\u2019Ajuntament de Saragossa. L\u2019equip, cap de s\u00e8rie com a campi\u00f3 d\u2019hivern, disputar\u00e0 el seu partit inaugural el dijous 20 de mar\u00e7, comptant [&hellip;]","og_url":"https:\/\/www.unigirona.cat\/el-sorteig-de-la-copa-de-la-reina-el-14-de-gener\/","og_site_name":"UNI B\u00e0squet Girona","article_published_time":"2025-01-07T11:33:17+00:00","article_modified_time":"2025-01-07T15:42:28+00:00","og_image":[{"width":1600,"height":1066,"url":"http:\/\/www.unigirona.cat\/wp-content\/uploads\/2025\/01\/WhatsApp-Image-2025-01-07-at-16.41.19-1.jpeg","type":"image\/jpeg"}],"author":"premsa","twitter_card":"summary_large_image","twitter_misc":{"Escrito por":"premsa","Tiempo de lectura":"2 minutos"},"schema":{"@context":"https:\/\/schema.org","@graph":[{"@type":"WebPage","@id":"https:\/\/www.unigirona.cat\/el-sorteig-de-la-copa-de-la-reina-el-14-de-gener\/","url":"https:\/\/www.unigirona.cat\/el-sorteig-de-la-copa-de-la-reina-el-14-de-gener\/","name":"El sorteig de la Copa de la Reina, el 14 de gener - UNI B\u00e0squet Girona","isPartOf":{"@id":"https:\/\/www.unigirona.cat\/#website"},"primaryImageOfPage":{"@id":"https:\/\/www.unigirona.cat\/el-sorteig-de-la-copa-de-la-reina-el-14-de-gener\/#primaryimage"},"image":{"@id":"https:\/\/www.unigirona.cat\/el-sorteig-de-la-copa-de-la-reina-el-14-de-gener\/#primaryimage"},"thumbnailUrl":"https:\/\/www.unigirona.cat\/wp-content\/uploads\/2025\/01\/WhatsApp-Image-2025-01-07-at-16.41.19-1.jpeg","datePublished":"2025-01-07T11:33:17+00:00","dateModified":"2025-01-07T15:42:28+00:00","author":{"@id":"https:\/\/www.unigirona.cat\/#\/schema\/person\/475ba176dc25b40920d6ebae4b40d2fb"},"breadcrumb":{"@id":"https:\/\/www.unigirona.cat\/el-sorteig-de-la-copa-de-la-reina-el-14-de-gener\/#breadcrumb"},"inLanguage":"es","potentialAction":[{"@type":"ReadAction","target":["https:\/\/www.unigirona.cat\/el-sorteig-de-la-copa-de-la-reina-el-14-de-gener\/"]}]},{"@type":"ImageObject","inLanguage":"es","@id":"https:\/\/www.unigirona.cat\/el-sorteig-de-la-copa-de-la-reina-el-14-de-gener\/#primaryimage","url":"https:\/\/www.unigirona.cat\/wp-content\/uploads\/2025\/01\/WhatsApp-Image-2025-01-07-at-16.41.19-1.jpeg","contentUrl":"https:\/\/www.unigirona.cat\/wp-content\/uploads\/2025\/01\/WhatsApp-Image-2025-01-07-at-16.41.19-1.jpeg","width":1600,"height":1066},{"@type":"BreadcrumbList","@id":"https:\/\/www.unigirona.cat\/el-sorteig-de-la-copa-de-la-reina-el-14-de-gener\/#breadcrumb","itemListElement":[{"@type":"ListItem","position":1,"name":"Portada","item":"https:\/\/www.unigirona.cat\/"},{"@type":"ListItem","position":2,"name":"El sorteig de la Copa de la Reina, el 14 de gener"}]},{"@type":"WebSite","@id":"https:\/\/www.unigirona.cat\/#website","url":"https:\/\/www.unigirona.cat\/","name":"Spar Girona","description":"","potentialAction":[{"@type":"SearchAction","target":{"@type":"EntryPoint","urlTemplate":"https:\/\/www.unigirona.cat\/?s={search_term_string}"},"query-input":{"@type":"PropertyValueSpecification","valueRequired":true,"valueName":"search_term_string"}}],"inLanguage":"es"},{"@type":"Person","@id":"https:\/\/www.unigirona.cat\/#\/schema\/person\/475ba176dc25b40920d6ebae4b40d2fb","name":"premsa","image":{"@type":"ImageObject","inLanguage":"es","@id":"https:\/\/www.unigirona.cat\/#\/schema\/person\/image\/","url":"https:\/\/secure.gravatar.com\/avatar\/aaa70a46dde13fc461ebe5bc96d2c4be?s=96&d=mm&r=g","contentUrl":"https:\/\/secure.gravatar.com\/avatar\/aaa70a46dde13fc461ebe5bc96d2c4be?s=96&d=mm&r=g","caption":"premsa"},"url":"https:\/\/www.unigirona.cat\/es\/author\/premsa\/"}]}},"_links":{"self":[{"href":"https:\/\/www.unigirona.cat\/es\/wp-json\/wp\/v2\/posts\/41753"}],"collection":[{"href":"https:\/\/www.unigirona.cat\/es\/wp-json\/wp\/v2\/posts"}],"about":[{"href":"https:\/\/www.unigirona.cat\/es\/wp-json\/wp\/v2\/types\/post"}],"author":[{"embeddable":true,"href":"https:\/\/www.unigirona.cat\/es\/wp-json\/wp\/v2\/users\/2"}],"replies":[{"embeddable":true,"href":"https:\/\/www.unigirona.cat\/es\/wp-json\/wp\/v2\/comments?post=41753"}],"version-history":[{"count":2,"href":"https:\/\/www.unigirona.cat\/es\/wp-json\/wp\/v2\/posts\/41753\/revisions"}],"predecessor-version":[{"id":41772,"href":"https:\/\/www.unigirona.cat\/es\/wp-json\/wp\/v2\/posts\/41753\/revisions\/41772"}],"wp:featuredmedia":[{"embeddable":true,"href":"https:\/\/www.unigirona.cat\/es\/wp-json\/wp\/v2\/media\/41768"}],"wp:attachment":[{"href":"https:\/\/www.unigirona.cat\/es\/wp-json\/wp\/v2\/media?parent=41753"}],"wp:term":[{"taxonomy":"category","embeddable":true,"href":"https:\/\/www.unigirona.cat\/es\/wp-json\/wp\/v2\/categories?post=41753"},{"taxonomy":"post_tag","embeddable":true,"href":"https:\/\/www.unigirona.cat\/es\/wp-json\/wp\/v2\/tags?post=41753"}],"curies":[{"name":"wp","href":"https:\/\/api.w.org\/{rel}","templated":true}]}}