{"id":42628,"date":"2025-01-28T15:31:49","date_gmt":"2025-01-28T14:31:49","guid":{"rendered":"https:\/\/www.unigirona.cat\/?p=42628"},"modified":"2025-01-28T15:39:38","modified_gmt":"2025-01-28T14:39:38","slug":"el-spar-girona-recibe-la-visita-del-conseller-desports-berni-alvarez-merino","status":"publish","type":"post","link":"https:\/\/www.unigirona.cat\/es\/el-spar-girona-recibe-la-visita-del-conseller-desports-berni-alvarez-merino\/","title":{"rendered":"El Spar Girona recibe la visita del conseller d&#8217;Esports, Berni \u00c1lvarez Merino"},"content":{"rendered":"<p>La semana pasada, el Spar Girona recibi\u00f3 una visita destacada en Fontajau. Berni \u00c1lvarez Merino, conseller d&#8217;Esports de la Generalitat de Catalunya, lleg\u00f3 al pabell\u00f3n para reunirse con Cayetano P\u00e9rez, presidente del club. Este encuentro pone de manifiesto la relevancia del deporte femenino y el apoyo institucional al baloncesto femenino en la ciudad de Girona.<\/p><p>Cayetano P\u00e9rez agradeci\u00f3 la visita y destac\u00f3 la importancia del apoyo institucional para el crecimiento y la visibilidad del baloncesto femenino. \u00abEs un honor recibir al conseller d&#8217;Esports en un momento tan importante para nuestro club. Su presencia hoy es una muestra del compromiso de la Generalitat con el deporte femenino y nuestra labor diaria para fomentarlo en nuestra ciudad\u00bb, afirm\u00f3 el presidente del Spar Girona.<\/p><p>Adem\u00e1s, P\u00e9rez transmiti\u00f3 la necesidad de agilizar los pagos de las subvenciones para garantizar la sostenibilidad del equipo a largo plazo. Este aspecto fue un punto clave en la reuni\u00f3n, donde se subray\u00f3 la importancia de una gesti\u00f3n eficiente de estas ayudas para asegurar un futuro estable para el club.<\/p><p>El encuentro incluy\u00f3 una visita por las instalaciones del club, donde el conseller pudo conocer de primera mano el esfuerzo del equipo y las infraestructuras que contribuyen al desarrollo del deporte en la ciudad.<\/p>","protected":false},"excerpt":{"rendered":"<p>La semana pasada, el Spar Girona recibi\u00f3 una visita destacada en Fontajau. Berni \u00c1lvarez Merino, conseller d&#8217;Esports de la Generalitat de Catalunya, lleg\u00f3 al pabell\u00f3n para reunirse con Cayetano P\u00e9rez, presidente del club. Este encuentro pone de manifiesto la relevancia del deporte femenino y el apoyo institucional al baloncesto femenino en la ciudad de Girona. [&hellip;]<\/p>\n","protected":false},"author":2,"featured_media":42626,"comment_status":"open","ping_status":"open","sticky":false,"template":"","format":"standard","meta":{"footnotes":""},"categories":[858],"tags":[],"class_list":["post-42628","post","type-post","status-publish","format-standard","has-post-thumbnail","hentry","category-lf-endesa-es"],"yoast_head":"<!-- This site is optimized with the Yoast SEO plugin v25.1 - https:\/\/yoast.com\/wordpress\/plugins\/seo\/ -->\n<title>El Spar Girona recibe la visita del conseller d&#039;Esports, Berni \u00c1lvarez Merino - UNI B\u00e0squet Girona<\/title>\n<meta name=\"robots\" content=\"index, follow, max-snippet:-1, max-image-preview:large, max-video-preview:-1\" \/>\n<link rel=\"canonical\" href=\"https:\/\/www.unigirona.cat\/es\/el-spar-girona-recibe-la-visita-del-conseller-desports-berni-alvarez-merino\/\" \/>\n<meta property=\"og:locale\" content=\"es_ES\" \/>\n<meta property=\"og:type\" content=\"article\" \/>\n<meta property=\"og:title\" content=\"El Spar Girona recibe la visita del conseller d&#039;Esports, Berni \u00c1lvarez Merino - UNI B\u00e0squet Girona\" \/>\n<meta property=\"og:description\" content=\"La semana pasada, el Spar Girona recibi\u00f3 una visita destacada en Fontajau. Berni \u00c1lvarez Merino, conseller d&#8217;Esports de la Generalitat de Catalunya, lleg\u00f3 al pabell\u00f3n para reunirse con Cayetano P\u00e9rez, presidente del club. Este encuentro pone de manifiesto la relevancia del deporte femenino y el apoyo institucional al baloncesto femenino en la ciudad de Girona. [&hellip;]\" \/>\n<meta property=\"og:url\" content=\"https:\/\/www.unigirona.cat\/es\/el-spar-girona-recibe-la-visita-del-conseller-desports-berni-alvarez-merino\/\" \/>\n<meta property=\"og:site_name\" content=\"UNI B\u00e0squet Girona\" \/>\n<meta property=\"article:published_time\" content=\"2025-01-28T14:31:49+00:00\" \/>\n<meta property=\"article:modified_time\" content=\"2025-01-28T14:39:38+00:00\" \/>\n<meta property=\"og:image\" content=\"http:\/\/www.unigirona.cat\/wp-content\/uploads\/2025\/01\/WhatsApp-Image-2025-01-28-at-15.19.54.jpeg\" \/>\n\t<meta property=\"og:image:width\" content=\"1023\" \/>\n\t<meta property=\"og:image:height\" content=\"747\" \/>\n\t<meta property=\"og:image:type\" content=\"image\/jpeg\" \/>\n<meta name=\"author\" content=\"premsa\" \/>\n<meta name=\"twitter:card\" content=\"summary_large_image\" \/>\n<meta name=\"twitter:label1\" content=\"Escrito por\" \/>\n\t<meta name=\"twitter:data1\" content=\"premsa\" \/>\n\t<meta name=\"twitter:label2\" content=\"Tiempo de lectura\" \/>\n\t<meta name=\"twitter:data2\" content=\"2 minutos\" \/>\n<script type=\"application\/ld+json\" class=\"yoast-schema-graph\">{\"@context\":\"https:\/\/schema.org\",\"@graph\":[{\"@type\":\"WebPage\",\"@id\":\"https:\/\/www.unigirona.cat\/es\/el-spar-girona-recibe-la-visita-del-conseller-desports-berni-alvarez-merino\/\",\"url\":\"https:\/\/www.unigirona.cat\/es\/el-spar-girona-recibe-la-visita-del-conseller-desports-berni-alvarez-merino\/\",\"name\":\"El Spar Girona recibe la visita del conseller d'Esports, Berni \u00c1lvarez Merino - UNI B\u00e0squet Girona\",\"isPartOf\":{\"@id\":\"https:\/\/www.unigirona.cat\/#website\"},\"primaryImageOfPage\":{\"@id\":\"https:\/\/www.unigirona.cat\/es\/el-spar-girona-recibe-la-visita-del-conseller-desports-berni-alvarez-merino\/#primaryimage\"},\"image\":{\"@id\":\"https:\/\/www.unigirona.cat\/es\/el-spar-girona-recibe-la-visita-del-conseller-desports-berni-alvarez-merino\/#primaryimage\"},\"thumbnailUrl\":\"https:\/\/www.unigirona.cat\/wp-content\/uploads\/2025\/01\/WhatsApp-Image-2025-01-28-at-15.19.54.jpeg\",\"datePublished\":\"2025-01-28T14:31:49+00:00\",\"dateModified\":\"2025-01-28T14:39:38+00:00\",\"author\":{\"@id\":\"https:\/\/www.unigirona.cat\/#\/schema\/person\/475ba176dc25b40920d6ebae4b40d2fb\"},\"breadcrumb\":{\"@id\":\"https:\/\/www.unigirona.cat\/es\/el-spar-girona-recibe-la-visita-del-conseller-desports-berni-alvarez-merino\/#breadcrumb\"},\"inLanguage\":\"es\",\"potentialAction\":[{\"@type\":\"ReadAction\",\"target\":[\"https:\/\/www.unigirona.cat\/es\/el-spar-girona-recibe-la-visita-del-conseller-desports-berni-alvarez-merino\/\"]}]},{\"@type\":\"ImageObject\",\"inLanguage\":\"es\",\"@id\":\"https:\/\/www.unigirona.cat\/es\/el-spar-girona-recibe-la-visita-del-conseller-desports-berni-alvarez-merino\/#primaryimage\",\"url\":\"https:\/\/www.unigirona.cat\/wp-content\/uploads\/2025\/01\/WhatsApp-Image-2025-01-28-at-15.19.54.jpeg\",\"contentUrl\":\"https:\/\/www.unigirona.cat\/wp-content\/uploads\/2025\/01\/WhatsApp-Image-2025-01-28-at-15.19.54.jpeg\",\"width\":1023,\"height\":747},{\"@type\":\"BreadcrumbList\",\"@id\":\"https:\/\/www.unigirona.cat\/es\/el-spar-girona-recibe-la-visita-del-conseller-desports-berni-alvarez-merino\/#breadcrumb\",\"itemListElement\":[{\"@type\":\"ListItem\",\"position\":1,\"name\":\"Portada\",\"item\":\"https:\/\/www.unigirona.cat\/\"},{\"@type\":\"ListItem\",\"position\":2,\"name\":\"El Spar Girona recibe la visita del conseller d&#8217;Esports, Berni \u00c1lvarez Merino\"}]},{\"@type\":\"WebSite\",\"@id\":\"https:\/\/www.unigirona.cat\/#website\",\"url\":\"https:\/\/www.unigirona.cat\/\",\"name\":\"Spar Girona\",\"description\":\"\",\"potentialAction\":[{\"@type\":\"SearchAction\",\"target\":{\"@type\":\"EntryPoint\",\"urlTemplate\":\"https:\/\/www.unigirona.cat\/?s={search_term_string}\"},\"query-input\":{\"@type\":\"PropertyValueSpecification\",\"valueRequired\":true,\"valueName\":\"search_term_string\"}}],\"inLanguage\":\"es\"},{\"@type\":\"Person\",\"@id\":\"https:\/\/www.unigirona.cat\/#\/schema\/person\/475ba176dc25b40920d6ebae4b40d2fb\",\"name\":\"premsa\",\"image\":{\"@type\":\"ImageObject\",\"inLanguage\":\"es\",\"@id\":\"https:\/\/www.unigirona.cat\/#\/schema\/person\/image\/\",\"url\":\"https:\/\/secure.gravatar.com\/avatar\/aaa70a46dde13fc461ebe5bc96d2c4be?s=96&d=mm&r=g\",\"contentUrl\":\"https:\/\/secure.gravatar.com\/avatar\/aaa70a46dde13fc461ebe5bc96d2c4be?s=96&d=mm&r=g\",\"caption\":\"premsa\"},\"url\":\"https:\/\/www.unigirona.cat\/es\/author\/premsa\/\"}]}<\/script>\n<!-- \/ Yoast SEO plugin. -->","yoast_head_json":{"title":"El Spar Girona recibe la visita del conseller d'Esports, Berni \u00c1lvarez Merino - UNI B\u00e0squet Girona","robots":{"index":"index","follow":"follow","max-snippet":"max-snippet:-1","max-image-preview":"max-image-preview:large","max-video-preview":"max-video-preview:-1"},"canonical":"https:\/\/www.unigirona.cat\/es\/el-spar-girona-recibe-la-visita-del-conseller-desports-berni-alvarez-merino\/","og_locale":"es_ES","og_type":"article","og_title":"El Spar Girona recibe la visita del conseller d'Esports, Berni \u00c1lvarez Merino - UNI B\u00e0squet Girona","og_description":"La semana pasada, el Spar Girona recibi\u00f3 una visita destacada en Fontajau. Berni \u00c1lvarez Merino, conseller d&#8217;Esports de la Generalitat de Catalunya, lleg\u00f3 al pabell\u00f3n para reunirse con Cayetano P\u00e9rez, presidente del club. Este encuentro pone de manifiesto la relevancia del deporte femenino y el apoyo institucional al baloncesto femenino en la ciudad de Girona. [&hellip;]","og_url":"https:\/\/www.unigirona.cat\/es\/el-spar-girona-recibe-la-visita-del-conseller-desports-berni-alvarez-merino\/","og_site_name":"UNI B\u00e0squet Girona","article_published_time":"2025-01-28T14:31:49+00:00","article_modified_time":"2025-01-28T14:39:38+00:00","og_image":[{"width":1023,"height":747,"url":"http:\/\/www.unigirona.cat\/wp-content\/uploads\/2025\/01\/WhatsApp-Image-2025-01-28-at-15.19.54.jpeg","type":"image\/jpeg"}],"author":"premsa","twitter_card":"summary_large_image","twitter_misc":{"Escrito por":"premsa","Tiempo de lectura":"2 minutos"},"schema":{"@context":"https:\/\/schema.org","@graph":[{"@type":"WebPage","@id":"https:\/\/www.unigirona.cat\/es\/el-spar-girona-recibe-la-visita-del-conseller-desports-berni-alvarez-merino\/","url":"https:\/\/www.unigirona.cat\/es\/el-spar-girona-recibe-la-visita-del-conseller-desports-berni-alvarez-merino\/","name":"El Spar Girona recibe la visita del conseller d'Esports, Berni \u00c1lvarez Merino - UNI B\u00e0squet Girona","isPartOf":{"@id":"https:\/\/www.unigirona.cat\/#website"},"primaryImageOfPage":{"@id":"https:\/\/www.unigirona.cat\/es\/el-spar-girona-recibe-la-visita-del-conseller-desports-berni-alvarez-merino\/#primaryimage"},"image":{"@id":"https:\/\/www.unigirona.cat\/es\/el-spar-girona-recibe-la-visita-del-conseller-desports-berni-alvarez-merino\/#primaryimage"},"thumbnailUrl":"https:\/\/www.unigirona.cat\/wp-content\/uploads\/2025\/01\/WhatsApp-Image-2025-01-28-at-15.19.54.jpeg","datePublished":"2025-01-28T14:31:49+00:00","dateModified":"2025-01-28T14:39:38+00:00","author":{"@id":"https:\/\/www.unigirona.cat\/#\/schema\/person\/475ba176dc25b40920d6ebae4b40d2fb"},"breadcrumb":{"@id":"https:\/\/www.unigirona.cat\/es\/el-spar-girona-recibe-la-visita-del-conseller-desports-berni-alvarez-merino\/#breadcrumb"},"inLanguage":"es","potentialAction":[{"@type":"ReadAction","target":["https:\/\/www.unigirona.cat\/es\/el-spar-girona-recibe-la-visita-del-conseller-desports-berni-alvarez-merino\/"]}]},{"@type":"ImageObject","inLanguage":"es","@id":"https:\/\/www.unigirona.cat\/es\/el-spar-girona-recibe-la-visita-del-conseller-desports-berni-alvarez-merino\/#primaryimage","url":"https:\/\/www.unigirona.cat\/wp-content\/uploads\/2025\/01\/WhatsApp-Image-2025-01-28-at-15.19.54.jpeg","contentUrl":"https:\/\/www.unigirona.cat\/wp-content\/uploads\/2025\/01\/WhatsApp-Image-2025-01-28-at-15.19.54.jpeg","width":1023,"height":747},{"@type":"BreadcrumbList","@id":"https:\/\/www.unigirona.cat\/es\/el-spar-girona-recibe-la-visita-del-conseller-desports-berni-alvarez-merino\/#breadcrumb","itemListElement":[{"@type":"ListItem","position":1,"name":"Portada","item":"https:\/\/www.unigirona.cat\/"},{"@type":"ListItem","position":2,"name":"El Spar Girona recibe la visita del conseller d&#8217;Esports, Berni \u00c1lvarez Merino"}]},{"@type":"WebSite","@id":"https:\/\/www.unigirona.cat\/#website","url":"https:\/\/www.unigirona.cat\/","name":"Spar Girona","description":"","potentialAction":[{"@type":"SearchAction","target":{"@type":"EntryPoint","urlTemplate":"https:\/\/www.unigirona.cat\/?s={search_term_string}"},"query-input":{"@type":"PropertyValueSpecification","valueRequired":true,"valueName":"search_term_string"}}],"inLanguage":"es"},{"@type":"Person","@id":"https:\/\/www.unigirona.cat\/#\/schema\/person\/475ba176dc25b40920d6ebae4b40d2fb","name":"premsa","image":{"@type":"ImageObject","inLanguage":"es","@id":"https:\/\/www.unigirona.cat\/#\/schema\/person\/image\/","url":"https:\/\/secure.gravatar.com\/avatar\/aaa70a46dde13fc461ebe5bc96d2c4be?s=96&d=mm&r=g","contentUrl":"https:\/\/secure.gravatar.com\/avatar\/aaa70a46dde13fc461ebe5bc96d2c4be?s=96&d=mm&r=g","caption":"premsa"},"url":"https:\/\/www.unigirona.cat\/es\/author\/premsa\/"}]}},"_links":{"self":[{"href":"https:\/\/www.unigirona.cat\/es\/wp-json\/wp\/v2\/posts\/42628"}],"collection":[{"href":"https:\/\/www.unigirona.cat\/es\/wp-json\/wp\/v2\/posts"}],"about":[{"href":"https:\/\/www.unigirona.cat\/es\/wp-json\/wp\/v2\/types\/post"}],"author":[{"embeddable":true,"href":"https:\/\/www.unigirona.cat\/es\/wp-json\/wp\/v2\/users\/2"}],"replies":[{"embeddable":true,"href":"https:\/\/www.unigirona.cat\/es\/wp-json\/wp\/v2\/comments?post=42628"}],"version-history":[{"count":1,"href":"https:\/\/www.unigirona.cat\/es\/wp-json\/wp\/v2\/posts\/42628\/revisions"}],"predecessor-version":[{"id":42629,"href":"https:\/\/www.unigirona.cat\/es\/wp-json\/wp\/v2\/posts\/42628\/revisions\/42629"}],"wp:featuredmedia":[{"embeddable":true,"href":"https:\/\/www.unigirona.cat\/es\/wp-json\/wp\/v2\/media\/42626"}],"wp:attachment":[{"href":"https:\/\/www.unigirona.cat\/es\/wp-json\/wp\/v2\/media?parent=42628"}],"wp:term":[{"taxonomy":"category","embeddable":true,"href":"https:\/\/www.unigirona.cat\/es\/wp-json\/wp\/v2\/categories?post=42628"},{"taxonomy":"post_tag","embeddable":true,"href":"https:\/\/www.unigirona.cat\/es\/wp-json\/wp\/v2\/tags?post=42628"}],"curies":[{"name":"wp","href":"https:\/\/api.w.org\/{rel}","templated":true}]}}