{"id":42671,"date":"2025-01-29T11:40:52","date_gmt":"2025-01-29T10:40:52","guid":{"rendered":"https:\/\/www.unigirona.cat\/?p=42671"},"modified":"2025-01-29T11:42:35","modified_gmt":"2025-01-29T10:42:35","slug":"el-spar-girona-con-representacion-internacional-en-el-paron-fiba","status":"publish","type":"post","link":"https:\/\/www.unigirona.cat\/es\/el-spar-girona-con-representacion-internacional-en-el-paron-fiba\/","title":{"rendered":"El Spar Girona, con representaci\u00f3n internacional en el par\u00f3n FIBA"},"content":{"rendered":"<p>El Spar Girona estar\u00e1 representado en diferentes combinados nacionales durante el par\u00f3n FIBA. Hasta cinco jugadoras del equipo han sido convocadas para disputar compromisos internacionales con sus respectivas selecciones.<\/p><p>Migna Tour\u00e9 ha sido llamada por la selecci\u00f3n francesa, donde aportar\u00e1 su experiencia y talento en los partidos clasificatorios. Por su parte, Klara Lundquist representar\u00e1 a Suecia, mientras que Bobi Hristova defender\u00e1 los colores de Bulgaria en sus respectivos compromisos internacionales.<\/p><p>En cuanto a la modalidad 3&#215;3, el Spar Girona tambi\u00e9n tendr\u00e1 a dos jugadoras en acci\u00f3n. Sandra Ygueravide y Marta Canella han sido convocadas por la selecci\u00f3n espa\u00f1ola.<\/p>","protected":false},"excerpt":{"rendered":"<p>El Spar Girona estar\u00e1 representado en diferentes combinados nacionales durante el par\u00f3n FIBA. Hasta cinco jugadoras del equipo han sido convocadas para disputar compromisos internacionales con sus respectivas selecciones. Migna Tour\u00e9 ha sido llamada por la selecci\u00f3n francesa, donde aportar\u00e1 su experiencia y talento en los partidos clasificatorios. Por su parte, Klara Lundquist representar\u00e1 a [&hellip;]<\/p>\n","protected":false},"author":2,"featured_media":42668,"comment_status":"open","ping_status":"open","sticky":false,"template":"","format":"standard","meta":{"footnotes":""},"categories":[864,858],"tags":[],"class_list":["post-42671","post","type-post","status-publish","format-standard","has-post-thumbnail","hentry","category-eurocup-women","category-lf-endesa-es"],"yoast_head":"<!-- This site is optimized with the Yoast SEO plugin v25.1 - https:\/\/yoast.com\/wordpress\/plugins\/seo\/ -->\n<title>El Spar Girona, con representaci\u00f3n internacional en el par\u00f3n FIBA - UNI B\u00e0squet Girona<\/title>\n<meta name=\"robots\" content=\"index, follow, max-snippet:-1, max-image-preview:large, max-video-preview:-1\" \/>\n<link rel=\"canonical\" href=\"https:\/\/www.unigirona.cat\/es\/el-spar-girona-con-representacion-internacional-en-el-paron-fiba\/\" \/>\n<meta property=\"og:locale\" content=\"es_ES\" \/>\n<meta property=\"og:type\" content=\"article\" \/>\n<meta property=\"og:title\" content=\"El Spar Girona, con representaci\u00f3n internacional en el par\u00f3n FIBA - UNI B\u00e0squet Girona\" \/>\n<meta property=\"og:description\" content=\"El Spar Girona estar\u00e1 representado en diferentes combinados nacionales durante el par\u00f3n FIBA. Hasta cinco jugadoras del equipo han sido convocadas para disputar compromisos internacionales con sus respectivas selecciones. Migna Tour\u00e9 ha sido llamada por la selecci\u00f3n francesa, donde aportar\u00e1 su experiencia y talento en los partidos clasificatorios. Por su parte, Klara Lundquist representar\u00e1 a [&hellip;]\" \/>\n<meta property=\"og:url\" content=\"https:\/\/www.unigirona.cat\/es\/el-spar-girona-con-representacion-internacional-en-el-paron-fiba\/\" \/>\n<meta property=\"og:site_name\" content=\"UNI B\u00e0squet Girona\" \/>\n<meta property=\"article:published_time\" content=\"2025-01-29T10:40:52+00:00\" \/>\n<meta property=\"article:modified_time\" content=\"2025-01-29T10:42:35+00:00\" \/>\n<meta property=\"og:image\" content=\"http:\/\/www.unigirona.cat\/wp-content\/uploads\/2025\/01\/54290160310_a4c03707f8_o-1024x683.jpg\" \/>\n\t<meta property=\"og:image:width\" content=\"1024\" \/>\n\t<meta property=\"og:image:height\" content=\"683\" \/>\n\t<meta property=\"og:image:type\" content=\"image\/jpeg\" \/>\n<meta name=\"author\" content=\"premsa\" \/>\n<meta name=\"twitter:card\" content=\"summary_large_image\" \/>\n<meta name=\"twitter:label1\" content=\"Escrito por\" \/>\n\t<meta name=\"twitter:data1\" content=\"premsa\" \/>\n\t<meta name=\"twitter:label2\" content=\"Tiempo de lectura\" \/>\n\t<meta name=\"twitter:data2\" content=\"1 minuto\" \/>\n<script type=\"application\/ld+json\" class=\"yoast-schema-graph\">{\"@context\":\"https:\/\/schema.org\",\"@graph\":[{\"@type\":\"WebPage\",\"@id\":\"https:\/\/www.unigirona.cat\/es\/el-spar-girona-con-representacion-internacional-en-el-paron-fiba\/\",\"url\":\"https:\/\/www.unigirona.cat\/es\/el-spar-girona-con-representacion-internacional-en-el-paron-fiba\/\",\"name\":\"El Spar Girona, con representaci\u00f3n internacional en el par\u00f3n FIBA - UNI B\u00e0squet Girona\",\"isPartOf\":{\"@id\":\"https:\/\/www.unigirona.cat\/#website\"},\"primaryImageOfPage\":{\"@id\":\"https:\/\/www.unigirona.cat\/es\/el-spar-girona-con-representacion-internacional-en-el-paron-fiba\/#primaryimage\"},\"image\":{\"@id\":\"https:\/\/www.unigirona.cat\/es\/el-spar-girona-con-representacion-internacional-en-el-paron-fiba\/#primaryimage\"},\"thumbnailUrl\":\"https:\/\/www.unigirona.cat\/wp-content\/uploads\/2025\/01\/54290160310_a4c03707f8_o.jpg\",\"datePublished\":\"2025-01-29T10:40:52+00:00\",\"dateModified\":\"2025-01-29T10:42:35+00:00\",\"author\":{\"@id\":\"https:\/\/www.unigirona.cat\/#\/schema\/person\/475ba176dc25b40920d6ebae4b40d2fb\"},\"breadcrumb\":{\"@id\":\"https:\/\/www.unigirona.cat\/es\/el-spar-girona-con-representacion-internacional-en-el-paron-fiba\/#breadcrumb\"},\"inLanguage\":\"es\",\"potentialAction\":[{\"@type\":\"ReadAction\",\"target\":[\"https:\/\/www.unigirona.cat\/es\/el-spar-girona-con-representacion-internacional-en-el-paron-fiba\/\"]}]},{\"@type\":\"ImageObject\",\"inLanguage\":\"es\",\"@id\":\"https:\/\/www.unigirona.cat\/es\/el-spar-girona-con-representacion-internacional-en-el-paron-fiba\/#primaryimage\",\"url\":\"https:\/\/www.unigirona.cat\/wp-content\/uploads\/2025\/01\/54290160310_a4c03707f8_o.jpg\",\"contentUrl\":\"https:\/\/www.unigirona.cat\/wp-content\/uploads\/2025\/01\/54290160310_a4c03707f8_o.jpg\",\"width\":4822,\"height\":3215},{\"@type\":\"BreadcrumbList\",\"@id\":\"https:\/\/www.unigirona.cat\/es\/el-spar-girona-con-representacion-internacional-en-el-paron-fiba\/#breadcrumb\",\"itemListElement\":[{\"@type\":\"ListItem\",\"position\":1,\"name\":\"Portada\",\"item\":\"https:\/\/www.unigirona.cat\/\"},{\"@type\":\"ListItem\",\"position\":2,\"name\":\"El Spar Girona, con representaci\u00f3n internacional en el par\u00f3n FIBA\"}]},{\"@type\":\"WebSite\",\"@id\":\"https:\/\/www.unigirona.cat\/#website\",\"url\":\"https:\/\/www.unigirona.cat\/\",\"name\":\"Spar Girona\",\"description\":\"\",\"potentialAction\":[{\"@type\":\"SearchAction\",\"target\":{\"@type\":\"EntryPoint\",\"urlTemplate\":\"https:\/\/www.unigirona.cat\/?s={search_term_string}\"},\"query-input\":{\"@type\":\"PropertyValueSpecification\",\"valueRequired\":true,\"valueName\":\"search_term_string\"}}],\"inLanguage\":\"es\"},{\"@type\":\"Person\",\"@id\":\"https:\/\/www.unigirona.cat\/#\/schema\/person\/475ba176dc25b40920d6ebae4b40d2fb\",\"name\":\"premsa\",\"image\":{\"@type\":\"ImageObject\",\"inLanguage\":\"es\",\"@id\":\"https:\/\/www.unigirona.cat\/#\/schema\/person\/image\/\",\"url\":\"https:\/\/secure.gravatar.com\/avatar\/aaa70a46dde13fc461ebe5bc96d2c4be?s=96&d=mm&r=g\",\"contentUrl\":\"https:\/\/secure.gravatar.com\/avatar\/aaa70a46dde13fc461ebe5bc96d2c4be?s=96&d=mm&r=g\",\"caption\":\"premsa\"},\"url\":\"https:\/\/www.unigirona.cat\/es\/author\/premsa\/\"}]}<\/script>\n<!-- \/ Yoast SEO plugin. -->","yoast_head_json":{"title":"El Spar Girona, con representaci\u00f3n internacional en el par\u00f3n FIBA - UNI B\u00e0squet Girona","robots":{"index":"index","follow":"follow","max-snippet":"max-snippet:-1","max-image-preview":"max-image-preview:large","max-video-preview":"max-video-preview:-1"},"canonical":"https:\/\/www.unigirona.cat\/es\/el-spar-girona-con-representacion-internacional-en-el-paron-fiba\/","og_locale":"es_ES","og_type":"article","og_title":"El Spar Girona, con representaci\u00f3n internacional en el par\u00f3n FIBA - UNI B\u00e0squet Girona","og_description":"El Spar Girona estar\u00e1 representado en diferentes combinados nacionales durante el par\u00f3n FIBA. Hasta cinco jugadoras del equipo han sido convocadas para disputar compromisos internacionales con sus respectivas selecciones. Migna Tour\u00e9 ha sido llamada por la selecci\u00f3n francesa, donde aportar\u00e1 su experiencia y talento en los partidos clasificatorios. Por su parte, Klara Lundquist representar\u00e1 a [&hellip;]","og_url":"https:\/\/www.unigirona.cat\/es\/el-spar-girona-con-representacion-internacional-en-el-paron-fiba\/","og_site_name":"UNI B\u00e0squet Girona","article_published_time":"2025-01-29T10:40:52+00:00","article_modified_time":"2025-01-29T10:42:35+00:00","og_image":[{"width":1024,"height":683,"url":"http:\/\/www.unigirona.cat\/wp-content\/uploads\/2025\/01\/54290160310_a4c03707f8_o-1024x683.jpg","type":"image\/jpeg"}],"author":"premsa","twitter_card":"summary_large_image","twitter_misc":{"Escrito por":"premsa","Tiempo de lectura":"1 minuto"},"schema":{"@context":"https:\/\/schema.org","@graph":[{"@type":"WebPage","@id":"https:\/\/www.unigirona.cat\/es\/el-spar-girona-con-representacion-internacional-en-el-paron-fiba\/","url":"https:\/\/www.unigirona.cat\/es\/el-spar-girona-con-representacion-internacional-en-el-paron-fiba\/","name":"El Spar Girona, con representaci\u00f3n internacional en el par\u00f3n FIBA - UNI B\u00e0squet Girona","isPartOf":{"@id":"https:\/\/www.unigirona.cat\/#website"},"primaryImageOfPage":{"@id":"https:\/\/www.unigirona.cat\/es\/el-spar-girona-con-representacion-internacional-en-el-paron-fiba\/#primaryimage"},"image":{"@id":"https:\/\/www.unigirona.cat\/es\/el-spar-girona-con-representacion-internacional-en-el-paron-fiba\/#primaryimage"},"thumbnailUrl":"https:\/\/www.unigirona.cat\/wp-content\/uploads\/2025\/01\/54290160310_a4c03707f8_o.jpg","datePublished":"2025-01-29T10:40:52+00:00","dateModified":"2025-01-29T10:42:35+00:00","author":{"@id":"https:\/\/www.unigirona.cat\/#\/schema\/person\/475ba176dc25b40920d6ebae4b40d2fb"},"breadcrumb":{"@id":"https:\/\/www.unigirona.cat\/es\/el-spar-girona-con-representacion-internacional-en-el-paron-fiba\/#breadcrumb"},"inLanguage":"es","potentialAction":[{"@type":"ReadAction","target":["https:\/\/www.unigirona.cat\/es\/el-spar-girona-con-representacion-internacional-en-el-paron-fiba\/"]}]},{"@type":"ImageObject","inLanguage":"es","@id":"https:\/\/www.unigirona.cat\/es\/el-spar-girona-con-representacion-internacional-en-el-paron-fiba\/#primaryimage","url":"https:\/\/www.unigirona.cat\/wp-content\/uploads\/2025\/01\/54290160310_a4c03707f8_o.jpg","contentUrl":"https:\/\/www.unigirona.cat\/wp-content\/uploads\/2025\/01\/54290160310_a4c03707f8_o.jpg","width":4822,"height":3215},{"@type":"BreadcrumbList","@id":"https:\/\/www.unigirona.cat\/es\/el-spar-girona-con-representacion-internacional-en-el-paron-fiba\/#breadcrumb","itemListElement":[{"@type":"ListItem","position":1,"name":"Portada","item":"https:\/\/www.unigirona.cat\/"},{"@type":"ListItem","position":2,"name":"El Spar Girona, con representaci\u00f3n internacional en el par\u00f3n FIBA"}]},{"@type":"WebSite","@id":"https:\/\/www.unigirona.cat\/#website","url":"https:\/\/www.unigirona.cat\/","name":"Spar Girona","description":"","potentialAction":[{"@type":"SearchAction","target":{"@type":"EntryPoint","urlTemplate":"https:\/\/www.unigirona.cat\/?s={search_term_string}"},"query-input":{"@type":"PropertyValueSpecification","valueRequired":true,"valueName":"search_term_string"}}],"inLanguage":"es"},{"@type":"Person","@id":"https:\/\/www.unigirona.cat\/#\/schema\/person\/475ba176dc25b40920d6ebae4b40d2fb","name":"premsa","image":{"@type":"ImageObject","inLanguage":"es","@id":"https:\/\/www.unigirona.cat\/#\/schema\/person\/image\/","url":"https:\/\/secure.gravatar.com\/avatar\/aaa70a46dde13fc461ebe5bc96d2c4be?s=96&d=mm&r=g","contentUrl":"https:\/\/secure.gravatar.com\/avatar\/aaa70a46dde13fc461ebe5bc96d2c4be?s=96&d=mm&r=g","caption":"premsa"},"url":"https:\/\/www.unigirona.cat\/es\/author\/premsa\/"}]}},"_links":{"self":[{"href":"https:\/\/www.unigirona.cat\/es\/wp-json\/wp\/v2\/posts\/42671"}],"collection":[{"href":"https:\/\/www.unigirona.cat\/es\/wp-json\/wp\/v2\/posts"}],"about":[{"href":"https:\/\/www.unigirona.cat\/es\/wp-json\/wp\/v2\/types\/post"}],"author":[{"embeddable":true,"href":"https:\/\/www.unigirona.cat\/es\/wp-json\/wp\/v2\/users\/2"}],"replies":[{"embeddable":true,"href":"https:\/\/www.unigirona.cat\/es\/wp-json\/wp\/v2\/comments?post=42671"}],"version-history":[{"count":1,"href":"https:\/\/www.unigirona.cat\/es\/wp-json\/wp\/v2\/posts\/42671\/revisions"}],"predecessor-version":[{"id":42672,"href":"https:\/\/www.unigirona.cat\/es\/wp-json\/wp\/v2\/posts\/42671\/revisions\/42672"}],"wp:featuredmedia":[{"embeddable":true,"href":"https:\/\/www.unigirona.cat\/es\/wp-json\/wp\/v2\/media\/42668"}],"wp:attachment":[{"href":"https:\/\/www.unigirona.cat\/es\/wp-json\/wp\/v2\/media?parent=42671"}],"wp:term":[{"taxonomy":"category","embeddable":true,"href":"https:\/\/www.unigirona.cat\/es\/wp-json\/wp\/v2\/categories?post=42671"},{"taxonomy":"post_tag","embeddable":true,"href":"https:\/\/www.unigirona.cat\/es\/wp-json\/wp\/v2\/tags?post=42671"}],"curies":[{"name":"wp","href":"https:\/\/api.w.org\/{rel}","templated":true}]}}