{"id":42688,"date":"2025-02-04T09:30:00","date_gmt":"2025-02-04T08:30:00","guid":{"rendered":"https:\/\/www.unigirona.cat\/?p=42688"},"modified":"2025-02-10T10:32:55","modified_gmt":"2025-02-10T09:32:55","slug":"entrevista-a-klara-lundquist","status":"publish","type":"post","link":"https:\/\/www.unigirona.cat\/es\/entrevista-a-klara-lundquist\/","title":{"rendered":"Entrevista a Klara Lundquist"},"content":{"rendered":"<p><strong>Com et sents aqu\u00ed a Girona i amb el club?<\/strong><br\/>Em sento molt b\u00e9 a Girona. El b\u00e0squet \u00e9s fant\u00e0stic, igual que la ciutat. Tinc aqu\u00ed el meu prom\u00e8s i el nostre gos, i ens encanta que hi hagi tantes coses per fer i descobrir.<\/p><p><strong>Com et vas sentir en arribar al Spar Girona aquesta temporada? Quines difer\u00e8ncies has notat entre el b\u00e0squet a Su\u00e8cia i el de la LF Endesa?<\/strong><br\/>Estava molt emocionada d\u2019unir-me a l\u2019equip abans de comen\u00e7ar la temporada, ja que altres jugadores sueques que havien jugat aqu\u00ed m\u2019havien parlat molt b\u00e9 del club. A m\u00e9s, sempre havia volgut jugar a la lliga espanyola.<\/p><p>El ritme dels partits aqu\u00ed \u00e9s molt m\u00e9s intens que a Su\u00e8cia. Aquesta lliga \u00e9s altament competitiva i tots els equips s\u00f3n durs de batre.<\/p><p>La difer\u00e8ncia m\u00e9s gran, comparada amb Su\u00e8cia, \u00e9s l\u2019inter\u00e8s pel b\u00e0squet, tant al pa\u00eds com a la ciutat. Els aficionats aqu\u00ed estan molt m\u00e9s implicats i compromesos amb l\u2019equip. Jugar a Fontajau amb els nostres seguidors \u00e9s com tenir un jugador extra a la pista. \u00c9s espectacular.<\/p><p><strong>Com et sents sent titular a l\u2019inici de la temporada? Creus que has complert les expectatives que tenies per a tu mateixa?<\/strong><br\/>Sempre tinc expectatives altes per a mi mateixa, i m\u2019agrada, perqu\u00e8 em mant\u00e9 motivada.<br\/>Fins ara estic satisfeta amb el nostre rendiment. Hem tingut una bona primera part de la temporada. Tot i aix\u00f2, ara ve la part m\u00e9s decisiva i important, aix\u00ed que hem de continuar treballant i millorant dia a dia.<\/p><p><strong>Quins s\u00f3n els factors clau perqu\u00e8 l\u2019equip tingui \u00e8xit aquesta temporada?<\/strong><br\/>Crec que la clau \u00e9s mantenir una mentalitat guanyadora i, sobretot, romandre unides com a equip.<\/p><p><strong>Quins s\u00f3n els teus objectius personals per a aquesta temporada, tant a nivell individual com col\u00b7lectiu?<\/strong><br\/>L\u2019objectiu ara \u00e9s competir pel t\u00edtol tant a la lliga espanyola com a l\u2019EuroCup.<br\/>A nivell personal, vull millorar com a base i cr\u00e9ixer com a l\u00edder dins l\u2019equip.<\/p><p><strong>Quins s\u00f3n els teus objectius a llarg termini en el m\u00f3n del b\u00e0squet? M\u00e9s enll\u00e0 de l\u2019equip, qu\u00e8 t\u2019agradaria aconseguir en la teva carrera?<\/strong><br\/>El meu objectiu \u00e9s jugar a un alt nivell i tenir \u00e8xits amb la nostra selecci\u00f3 nacional. Un dels meus grans somnis seria jugar als Jocs Ol\u00edmpics.<\/p><p><strong>Tens la Laia Palau al cos t\u00e8cnic. Com \u00e9s treballar amb ella?<\/strong><br\/>\u00c9s un privilegi tenir una de les millors bases de la hist\u00f2ria al cos t\u00e8cnic. Cada dia aprenc alguna cosa nova amb ella. Em dona molt suport, i estic molt agra\u00efda per aix\u00f2.<\/p><p><strong>Vas ser nomenada Jugadora de la Setmana a l\u2019EuroCup Women. Com et vas sentir ajudant l\u2019equip a classificar-se per als quarts de final?<\/strong><br\/>Va ser incre\u00efble aconseguir la classificaci\u00f3 per als quarts de final, i l\u2019atmosfera a Fontajau va ser extraordin\u00e0ria. Naturalment, ser nomenada Jugadora de la Setmana va ser molt especial. Per\u00f2 ara ens centrem en la pr\u00f2xima ronda, on volem superar el Li\u00f3.<\/p><p><strong>Hi ha algun lloc de Girona que t\u2019agradi especialment o que estiguis gaudint de descobrir durant la teva estada aqu\u00ed?<\/strong><br\/>Per mi, el millor de Girona \u00e9s el barri vell, amb tots els seus restaurants i caf\u00e8s encantadors. Tamb\u00e9 m\u2019agrada molt la natura que envolta la ciutat, ja que hi ha molts llocs on podem fer passejades precioses amb el nostre gos.<\/p><p>El nostre dia de descans ideal \u00e9s pujar pels camins de les muntanyes darrere de la ciutat i acabar prenent un caf\u00e8 a La Comuna quan tornem.<\/p>","protected":false},"excerpt":{"rendered":"<p>Com et sents aqu\u00ed a Girona i amb el club?Em sento molt b\u00e9 a Girona. El b\u00e0squet \u00e9s fant\u00e0stic, igual que la ciutat. Tinc aqu\u00ed el meu prom\u00e8s i el nostre gos, i ens encanta que hi hagi tantes coses per fer i descobrir. Com et vas sentir en arribar al Spar Girona aquesta temporada? [&hellip;]<\/p>\n","protected":false},"author":2,"featured_media":42682,"comment_status":"open","ping_status":"open","sticky":false,"template":"","format":"standard","meta":{"footnotes":""},"categories":[858],"tags":[],"class_list":["post-42688","post","type-post","status-publish","format-standard","has-post-thumbnail","hentry","category-lf-endesa-es"],"yoast_head":"<!-- This site is optimized with the Yoast SEO plugin v25.1 - https:\/\/yoast.com\/wordpress\/plugins\/seo\/ -->\n<title>Entrevista a Klara Lundquist - UNI B\u00e0squet Girona<\/title>\n<meta name=\"robots\" content=\"index, follow, max-snippet:-1, max-image-preview:large, max-video-preview:-1\" \/>\n<link rel=\"canonical\" href=\"https:\/\/www.unigirona.cat\/es\/entrevista-a-klara-lundquist\/\" \/>\n<meta property=\"og:locale\" content=\"es_ES\" \/>\n<meta property=\"og:type\" content=\"article\" \/>\n<meta property=\"og:title\" content=\"Entrevista a Klara Lundquist - UNI B\u00e0squet Girona\" \/>\n<meta property=\"og:description\" content=\"Com et sents aqu\u00ed a Girona i amb el club?Em sento molt b\u00e9 a Girona. El b\u00e0squet \u00e9s fant\u00e0stic, igual que la ciutat. Tinc aqu\u00ed el meu prom\u00e8s i el nostre gos, i ens encanta que hi hagi tantes coses per fer i descobrir. Com et vas sentir en arribar al Spar Girona aquesta temporada? [&hellip;]\" \/>\n<meta property=\"og:url\" content=\"https:\/\/www.unigirona.cat\/es\/entrevista-a-klara-lundquist\/\" \/>\n<meta property=\"og:site_name\" content=\"UNI B\u00e0squet Girona\" \/>\n<meta property=\"article:published_time\" content=\"2025-02-04T08:30:00+00:00\" \/>\n<meta property=\"article:modified_time\" content=\"2025-02-10T09:32:55+00:00\" \/>\n<meta property=\"og:image\" content=\"http:\/\/www.unigirona.cat\/wp-content\/uploads\/2025\/01\/54290162035_367c4f0f1d_o-1024x683.jpg\" \/>\n\t<meta property=\"og:image:width\" content=\"1024\" \/>\n\t<meta property=\"og:image:height\" content=\"683\" \/>\n\t<meta property=\"og:image:type\" content=\"image\/jpeg\" \/>\n<meta name=\"author\" content=\"premsa\" \/>\n<meta name=\"twitter:card\" content=\"summary_large_image\" \/>\n<meta name=\"twitter:label1\" content=\"Escrito por\" \/>\n\t<meta name=\"twitter:data1\" content=\"premsa\" \/>\n\t<meta name=\"twitter:label2\" content=\"Tiempo de lectura\" \/>\n\t<meta name=\"twitter:data2\" content=\"4 minutos\" \/>\n<script type=\"application\/ld+json\" class=\"yoast-schema-graph\">{\"@context\":\"https:\/\/schema.org\",\"@graph\":[{\"@type\":\"WebPage\",\"@id\":\"https:\/\/www.unigirona.cat\/es\/entrevista-a-klara-lundquist\/\",\"url\":\"https:\/\/www.unigirona.cat\/es\/entrevista-a-klara-lundquist\/\",\"name\":\"Entrevista a Klara Lundquist - UNI B\u00e0squet Girona\",\"isPartOf\":{\"@id\":\"https:\/\/www.unigirona.cat\/#website\"},\"primaryImageOfPage\":{\"@id\":\"https:\/\/www.unigirona.cat\/es\/entrevista-a-klara-lundquist\/#primaryimage\"},\"image\":{\"@id\":\"https:\/\/www.unigirona.cat\/es\/entrevista-a-klara-lundquist\/#primaryimage\"},\"thumbnailUrl\":\"https:\/\/www.unigirona.cat\/wp-content\/uploads\/2025\/01\/54290162035_367c4f0f1d_o.jpg\",\"datePublished\":\"2025-02-04T08:30:00+00:00\",\"dateModified\":\"2025-02-10T09:32:55+00:00\",\"author\":{\"@id\":\"https:\/\/www.unigirona.cat\/#\/schema\/person\/475ba176dc25b40920d6ebae4b40d2fb\"},\"breadcrumb\":{\"@id\":\"https:\/\/www.unigirona.cat\/es\/entrevista-a-klara-lundquist\/#breadcrumb\"},\"inLanguage\":\"es\",\"potentialAction\":[{\"@type\":\"ReadAction\",\"target\":[\"https:\/\/www.unigirona.cat\/es\/entrevista-a-klara-lundquist\/\"]}]},{\"@type\":\"ImageObject\",\"inLanguage\":\"es\",\"@id\":\"https:\/\/www.unigirona.cat\/es\/entrevista-a-klara-lundquist\/#primaryimage\",\"url\":\"https:\/\/www.unigirona.cat\/wp-content\/uploads\/2025\/01\/54290162035_367c4f0f1d_o.jpg\",\"contentUrl\":\"https:\/\/www.unigirona.cat\/wp-content\/uploads\/2025\/01\/54290162035_367c4f0f1d_o.jpg\",\"width\":5443,\"height\":3629},{\"@type\":\"BreadcrumbList\",\"@id\":\"https:\/\/www.unigirona.cat\/es\/entrevista-a-klara-lundquist\/#breadcrumb\",\"itemListElement\":[{\"@type\":\"ListItem\",\"position\":1,\"name\":\"Portada\",\"item\":\"https:\/\/www.unigirona.cat\/\"},{\"@type\":\"ListItem\",\"position\":2,\"name\":\"Entrevista a Klara Lundquist\"}]},{\"@type\":\"WebSite\",\"@id\":\"https:\/\/www.unigirona.cat\/#website\",\"url\":\"https:\/\/www.unigirona.cat\/\",\"name\":\"Spar Girona\",\"description\":\"\",\"potentialAction\":[{\"@type\":\"SearchAction\",\"target\":{\"@type\":\"EntryPoint\",\"urlTemplate\":\"https:\/\/www.unigirona.cat\/?s={search_term_string}\"},\"query-input\":{\"@type\":\"PropertyValueSpecification\",\"valueRequired\":true,\"valueName\":\"search_term_string\"}}],\"inLanguage\":\"es\"},{\"@type\":\"Person\",\"@id\":\"https:\/\/www.unigirona.cat\/#\/schema\/person\/475ba176dc25b40920d6ebae4b40d2fb\",\"name\":\"premsa\",\"image\":{\"@type\":\"ImageObject\",\"inLanguage\":\"es\",\"@id\":\"https:\/\/www.unigirona.cat\/#\/schema\/person\/image\/\",\"url\":\"https:\/\/secure.gravatar.com\/avatar\/aaa70a46dde13fc461ebe5bc96d2c4be?s=96&d=mm&r=g\",\"contentUrl\":\"https:\/\/secure.gravatar.com\/avatar\/aaa70a46dde13fc461ebe5bc96d2c4be?s=96&d=mm&r=g\",\"caption\":\"premsa\"},\"url\":\"https:\/\/www.unigirona.cat\/es\/author\/premsa\/\"}]}<\/script>\n<!-- \/ Yoast SEO plugin. -->","yoast_head_json":{"title":"Entrevista a Klara Lundquist - UNI B\u00e0squet Girona","robots":{"index":"index","follow":"follow","max-snippet":"max-snippet:-1","max-image-preview":"max-image-preview:large","max-video-preview":"max-video-preview:-1"},"canonical":"https:\/\/www.unigirona.cat\/es\/entrevista-a-klara-lundquist\/","og_locale":"es_ES","og_type":"article","og_title":"Entrevista a Klara Lundquist - UNI B\u00e0squet Girona","og_description":"Com et sents aqu\u00ed a Girona i amb el club?Em sento molt b\u00e9 a Girona. El b\u00e0squet \u00e9s fant\u00e0stic, igual que la ciutat. Tinc aqu\u00ed el meu prom\u00e8s i el nostre gos, i ens encanta que hi hagi tantes coses per fer i descobrir. Com et vas sentir en arribar al Spar Girona aquesta temporada? [&hellip;]","og_url":"https:\/\/www.unigirona.cat\/es\/entrevista-a-klara-lundquist\/","og_site_name":"UNI B\u00e0squet Girona","article_published_time":"2025-02-04T08:30:00+00:00","article_modified_time":"2025-02-10T09:32:55+00:00","og_image":[{"width":1024,"height":683,"url":"http:\/\/www.unigirona.cat\/wp-content\/uploads\/2025\/01\/54290162035_367c4f0f1d_o-1024x683.jpg","type":"image\/jpeg"}],"author":"premsa","twitter_card":"summary_large_image","twitter_misc":{"Escrito por":"premsa","Tiempo de lectura":"4 minutos"},"schema":{"@context":"https:\/\/schema.org","@graph":[{"@type":"WebPage","@id":"https:\/\/www.unigirona.cat\/es\/entrevista-a-klara-lundquist\/","url":"https:\/\/www.unigirona.cat\/es\/entrevista-a-klara-lundquist\/","name":"Entrevista a Klara Lundquist - UNI B\u00e0squet Girona","isPartOf":{"@id":"https:\/\/www.unigirona.cat\/#website"},"primaryImageOfPage":{"@id":"https:\/\/www.unigirona.cat\/es\/entrevista-a-klara-lundquist\/#primaryimage"},"image":{"@id":"https:\/\/www.unigirona.cat\/es\/entrevista-a-klara-lundquist\/#primaryimage"},"thumbnailUrl":"https:\/\/www.unigirona.cat\/wp-content\/uploads\/2025\/01\/54290162035_367c4f0f1d_o.jpg","datePublished":"2025-02-04T08:30:00+00:00","dateModified":"2025-02-10T09:32:55+00:00","author":{"@id":"https:\/\/www.unigirona.cat\/#\/schema\/person\/475ba176dc25b40920d6ebae4b40d2fb"},"breadcrumb":{"@id":"https:\/\/www.unigirona.cat\/es\/entrevista-a-klara-lundquist\/#breadcrumb"},"inLanguage":"es","potentialAction":[{"@type":"ReadAction","target":["https:\/\/www.unigirona.cat\/es\/entrevista-a-klara-lundquist\/"]}]},{"@type":"ImageObject","inLanguage":"es","@id":"https:\/\/www.unigirona.cat\/es\/entrevista-a-klara-lundquist\/#primaryimage","url":"https:\/\/www.unigirona.cat\/wp-content\/uploads\/2025\/01\/54290162035_367c4f0f1d_o.jpg","contentUrl":"https:\/\/www.unigirona.cat\/wp-content\/uploads\/2025\/01\/54290162035_367c4f0f1d_o.jpg","width":5443,"height":3629},{"@type":"BreadcrumbList","@id":"https:\/\/www.unigirona.cat\/es\/entrevista-a-klara-lundquist\/#breadcrumb","itemListElement":[{"@type":"ListItem","position":1,"name":"Portada","item":"https:\/\/www.unigirona.cat\/"},{"@type":"ListItem","position":2,"name":"Entrevista a Klara Lundquist"}]},{"@type":"WebSite","@id":"https:\/\/www.unigirona.cat\/#website","url":"https:\/\/www.unigirona.cat\/","name":"Spar Girona","description":"","potentialAction":[{"@type":"SearchAction","target":{"@type":"EntryPoint","urlTemplate":"https:\/\/www.unigirona.cat\/?s={search_term_string}"},"query-input":{"@type":"PropertyValueSpecification","valueRequired":true,"valueName":"search_term_string"}}],"inLanguage":"es"},{"@type":"Person","@id":"https:\/\/www.unigirona.cat\/#\/schema\/person\/475ba176dc25b40920d6ebae4b40d2fb","name":"premsa","image":{"@type":"ImageObject","inLanguage":"es","@id":"https:\/\/www.unigirona.cat\/#\/schema\/person\/image\/","url":"https:\/\/secure.gravatar.com\/avatar\/aaa70a46dde13fc461ebe5bc96d2c4be?s=96&d=mm&r=g","contentUrl":"https:\/\/secure.gravatar.com\/avatar\/aaa70a46dde13fc461ebe5bc96d2c4be?s=96&d=mm&r=g","caption":"premsa"},"url":"https:\/\/www.unigirona.cat\/es\/author\/premsa\/"}]}},"_links":{"self":[{"href":"https:\/\/www.unigirona.cat\/es\/wp-json\/wp\/v2\/posts\/42688"}],"collection":[{"href":"https:\/\/www.unigirona.cat\/es\/wp-json\/wp\/v2\/posts"}],"about":[{"href":"https:\/\/www.unigirona.cat\/es\/wp-json\/wp\/v2\/types\/post"}],"author":[{"embeddable":true,"href":"https:\/\/www.unigirona.cat\/es\/wp-json\/wp\/v2\/users\/2"}],"replies":[{"embeddable":true,"href":"https:\/\/www.unigirona.cat\/es\/wp-json\/wp\/v2\/comments?post=42688"}],"version-history":[{"count":2,"href":"https:\/\/www.unigirona.cat\/es\/wp-json\/wp\/v2\/posts\/42688\/revisions"}],"predecessor-version":[{"id":42909,"href":"https:\/\/www.unigirona.cat\/es\/wp-json\/wp\/v2\/posts\/42688\/revisions\/42909"}],"wp:featuredmedia":[{"embeddable":true,"href":"https:\/\/www.unigirona.cat\/es\/wp-json\/wp\/v2\/media\/42682"}],"wp:attachment":[{"href":"https:\/\/www.unigirona.cat\/es\/wp-json\/wp\/v2\/media?parent=42688"}],"wp:term":[{"taxonomy":"category","embeddable":true,"href":"https:\/\/www.unigirona.cat\/es\/wp-json\/wp\/v2\/categories?post=42688"},{"taxonomy":"post_tag","embeddable":true,"href":"https:\/\/www.unigirona.cat\/es\/wp-json\/wp\/v2\/tags?post=42688"}],"curies":[{"name":"wp","href":"https:\/\/api.w.org\/{rel}","templated":true}]}}