{"id":42910,"date":"2025-02-10T10:27:58","date_gmt":"2025-02-10T09:27:58","guid":{"rendered":"https:\/\/www.unigirona.cat\/?p=42910"},"modified":"2025-02-10T13:46:03","modified_gmt":"2025-02-10T12:46:03","slug":"maya-caldwell-deja-de-formar-parte-del-uni-girona","status":"publish","type":"post","link":"https:\/\/www.unigirona.cat\/es\/maya-caldwell-deja-de-formar-parte-del-uni-girona\/","title":{"rendered":"MAYA CALDWELL DEJA DE FORMAR PARTE DEL UNI GIRONA"},"content":{"rendered":"<p>El Spar Girona y la jugadora Maya Caldwell han llegado a un acuerdo para rescindir el contrato que los un\u00eda.<\/p><p>Pere Puig, director deportivo del club, ha valorado su salida: \u00abEl viernes de la semana pasada, el Spar Girona y Maya Caldwell llegaron a un acuerdo para rescindir el contrato que nos un\u00eda. Primero de todo, aclarar que el contrato era hasta final de temporada, es decir, hasta el \u00faltimo partido oficial. No hab\u00eda ninguna posibilidad de salida a mitad de temporada. Hace unas semanas, la jugadora nos mostr\u00f3 su intenci\u00f3n de desvincularse para poder ir al training camp de la WNBA con la franquicia con la que hab\u00eda firmado. Nosotros le recordamos que ten\u00eda contrato y que estar\u00edamos de acuerdo en liberarla a finales de febrero, para tener tiempo de buscar una sustituta. Nuestra sorpresa fue que Maya se march\u00f3 a Estados Unidos, con unos d\u00edas que le correspond\u00edan de vacaciones, y desde all\u00ed nos comunic\u00f3 que no volver\u00eda\u00bb.<\/p><p>\u00abPara nosotros ha sido una sorpresa. Despu\u00e9s de unas negociaciones y de que ella haya compensado debidamente al club, hemos llegado a un acuerdo para rescindir este contrato. Ten\u00edamos claro que no quer\u00edamos tener una jugadora en contra de su voluntad aqu\u00ed. Queremos que las jugadoras est\u00e9n convencidas con lo que estamos haciendo y con el proyecto. Al ver que Maya no quer\u00eda estar hasta final de temporada, hemos tomado esta decisi\u00f3n de sustituirla por otra jugadora. Lo lamentamos, porque es una jugadora que ha trabajado y su rendimiento en los \u00faltimos partidos nos ha ayudado. Pero la voluntad del club es continuar con las jugadoras que est\u00e1n implicadas\u00bb, concluye Pere Puig.<\/p><p>El Uni Girona le desea mucha suerte en su nueva etapa deportiva.<\/p>","protected":false},"excerpt":{"rendered":"<p>El Spar Girona y la jugadora Maya Caldwell han llegado a un acuerdo para rescindir el contrato que los un\u00eda. Pere Puig, director deportivo del club, ha valorado su salida: \u00abEl viernes de la semana pasada, el Spar Girona y Maya Caldwell llegaron a un acuerdo para rescindir el contrato que nos un\u00eda. Primero de [&hellip;]<\/p>\n","protected":false},"author":2,"featured_media":42895,"comment_status":"open","ping_status":"open","sticky":false,"template":"","format":"standard","meta":{"footnotes":""},"categories":[858],"tags":[],"class_list":["post-42910","post","type-post","status-publish","format-standard","has-post-thumbnail","hentry","category-lf-endesa-es"],"yoast_head":"<!-- This site is optimized with the Yoast SEO plugin v25.1 - https:\/\/yoast.com\/wordpress\/plugins\/seo\/ -->\n<title>MAYA CALDWELL DEJA DE FORMAR PARTE DEL UNI GIRONA - UNI B\u00e0squet Girona<\/title>\n<meta name=\"robots\" content=\"index, follow, max-snippet:-1, max-image-preview:large, max-video-preview:-1\" \/>\n<link rel=\"canonical\" href=\"https:\/\/www.unigirona.cat\/es\/maya-caldwell-deja-de-formar-parte-del-uni-girona\/\" \/>\n<meta property=\"og:locale\" content=\"es_ES\" \/>\n<meta property=\"og:type\" content=\"article\" \/>\n<meta property=\"og:title\" content=\"MAYA CALDWELL DEJA DE FORMAR PARTE DEL UNI GIRONA - UNI B\u00e0squet Girona\" \/>\n<meta property=\"og:description\" content=\"El Spar Girona y la jugadora Maya Caldwell han llegado a un acuerdo para rescindir el contrato que los un\u00eda. Pere Puig, director deportivo del club, ha valorado su salida: \u00abEl viernes de la semana pasada, el Spar Girona y Maya Caldwell llegaron a un acuerdo para rescindir el contrato que nos un\u00eda. Primero de [&hellip;]\" \/>\n<meta property=\"og:url\" content=\"https:\/\/www.unigirona.cat\/es\/maya-caldwell-deja-de-formar-parte-del-uni-girona\/\" \/>\n<meta property=\"og:site_name\" content=\"UNI B\u00e0squet Girona\" \/>\n<meta property=\"article:published_time\" content=\"2025-02-10T09:27:58+00:00\" \/>\n<meta property=\"article:modified_time\" content=\"2025-02-10T12:46:03+00:00\" \/>\n<meta property=\"og:image\" content=\"http:\/\/www.unigirona.cat\/wp-content\/uploads\/2025\/02\/54222604156_71410884c5_o-819x1024.jpg\" \/>\n\t<meta property=\"og:image:width\" content=\"819\" \/>\n\t<meta property=\"og:image:height\" content=\"1024\" \/>\n\t<meta property=\"og:image:type\" content=\"image\/jpeg\" \/>\n<meta name=\"author\" content=\"premsa\" \/>\n<meta name=\"twitter:card\" content=\"summary_large_image\" \/>\n<meta name=\"twitter:label1\" content=\"Escrito por\" \/>\n\t<meta name=\"twitter:data1\" content=\"premsa\" \/>\n\t<meta name=\"twitter:label2\" content=\"Tiempo de lectura\" \/>\n\t<meta name=\"twitter:data2\" content=\"2 minutos\" \/>\n<script type=\"application\/ld+json\" class=\"yoast-schema-graph\">{\"@context\":\"https:\/\/schema.org\",\"@graph\":[{\"@type\":\"WebPage\",\"@id\":\"https:\/\/www.unigirona.cat\/es\/maya-caldwell-deja-de-formar-parte-del-uni-girona\/\",\"url\":\"https:\/\/www.unigirona.cat\/es\/maya-caldwell-deja-de-formar-parte-del-uni-girona\/\",\"name\":\"MAYA CALDWELL DEJA DE FORMAR PARTE DEL UNI GIRONA - UNI B\u00e0squet Girona\",\"isPartOf\":{\"@id\":\"https:\/\/www.unigirona.cat\/#website\"},\"primaryImageOfPage\":{\"@id\":\"https:\/\/www.unigirona.cat\/es\/maya-caldwell-deja-de-formar-parte-del-uni-girona\/#primaryimage\"},\"image\":{\"@id\":\"https:\/\/www.unigirona.cat\/es\/maya-caldwell-deja-de-formar-parte-del-uni-girona\/#primaryimage\"},\"thumbnailUrl\":\"https:\/\/www.unigirona.cat\/wp-content\/uploads\/2025\/02\/54222604156_71410884c5_o.jpg\",\"datePublished\":\"2025-02-10T09:27:58+00:00\",\"dateModified\":\"2025-02-10T12:46:03+00:00\",\"author\":{\"@id\":\"https:\/\/www.unigirona.cat\/#\/schema\/person\/475ba176dc25b40920d6ebae4b40d2fb\"},\"breadcrumb\":{\"@id\":\"https:\/\/www.unigirona.cat\/es\/maya-caldwell-deja-de-formar-parte-del-uni-girona\/#breadcrumb\"},\"inLanguage\":\"es\",\"potentialAction\":[{\"@type\":\"ReadAction\",\"target\":[\"https:\/\/www.unigirona.cat\/es\/maya-caldwell-deja-de-formar-parte-del-uni-girona\/\"]}]},{\"@type\":\"ImageObject\",\"inLanguage\":\"es\",\"@id\":\"https:\/\/www.unigirona.cat\/es\/maya-caldwell-deja-de-formar-parte-del-uni-girona\/#primaryimage\",\"url\":\"https:\/\/www.unigirona.cat\/wp-content\/uploads\/2025\/02\/54222604156_71410884c5_o.jpg\",\"contentUrl\":\"https:\/\/www.unigirona.cat\/wp-content\/uploads\/2025\/02\/54222604156_71410884c5_o.jpg\",\"width\":3014,\"height\":3767},{\"@type\":\"BreadcrumbList\",\"@id\":\"https:\/\/www.unigirona.cat\/es\/maya-caldwell-deja-de-formar-parte-del-uni-girona\/#breadcrumb\",\"itemListElement\":[{\"@type\":\"ListItem\",\"position\":1,\"name\":\"Portada\",\"item\":\"https:\/\/www.unigirona.cat\/\"},{\"@type\":\"ListItem\",\"position\":2,\"name\":\"MAYA CALDWELL DEJA DE FORMAR PARTE DEL UNI GIRONA\"}]},{\"@type\":\"WebSite\",\"@id\":\"https:\/\/www.unigirona.cat\/#website\",\"url\":\"https:\/\/www.unigirona.cat\/\",\"name\":\"Spar Girona\",\"description\":\"\",\"potentialAction\":[{\"@type\":\"SearchAction\",\"target\":{\"@type\":\"EntryPoint\",\"urlTemplate\":\"https:\/\/www.unigirona.cat\/?s={search_term_string}\"},\"query-input\":{\"@type\":\"PropertyValueSpecification\",\"valueRequired\":true,\"valueName\":\"search_term_string\"}}],\"inLanguage\":\"es\"},{\"@type\":\"Person\",\"@id\":\"https:\/\/www.unigirona.cat\/#\/schema\/person\/475ba176dc25b40920d6ebae4b40d2fb\",\"name\":\"premsa\",\"image\":{\"@type\":\"ImageObject\",\"inLanguage\":\"es\",\"@id\":\"https:\/\/www.unigirona.cat\/#\/schema\/person\/image\/\",\"url\":\"https:\/\/secure.gravatar.com\/avatar\/aaa70a46dde13fc461ebe5bc96d2c4be?s=96&d=mm&r=g\",\"contentUrl\":\"https:\/\/secure.gravatar.com\/avatar\/aaa70a46dde13fc461ebe5bc96d2c4be?s=96&d=mm&r=g\",\"caption\":\"premsa\"},\"url\":\"https:\/\/www.unigirona.cat\/es\/author\/premsa\/\"}]}<\/script>\n<!-- \/ Yoast SEO plugin. -->","yoast_head_json":{"title":"MAYA CALDWELL DEJA DE FORMAR PARTE DEL UNI GIRONA - UNI B\u00e0squet Girona","robots":{"index":"index","follow":"follow","max-snippet":"max-snippet:-1","max-image-preview":"max-image-preview:large","max-video-preview":"max-video-preview:-1"},"canonical":"https:\/\/www.unigirona.cat\/es\/maya-caldwell-deja-de-formar-parte-del-uni-girona\/","og_locale":"es_ES","og_type":"article","og_title":"MAYA CALDWELL DEJA DE FORMAR PARTE DEL UNI GIRONA - UNI B\u00e0squet Girona","og_description":"El Spar Girona y la jugadora Maya Caldwell han llegado a un acuerdo para rescindir el contrato que los un\u00eda. Pere Puig, director deportivo del club, ha valorado su salida: \u00abEl viernes de la semana pasada, el Spar Girona y Maya Caldwell llegaron a un acuerdo para rescindir el contrato que nos un\u00eda. Primero de [&hellip;]","og_url":"https:\/\/www.unigirona.cat\/es\/maya-caldwell-deja-de-formar-parte-del-uni-girona\/","og_site_name":"UNI B\u00e0squet Girona","article_published_time":"2025-02-10T09:27:58+00:00","article_modified_time":"2025-02-10T12:46:03+00:00","og_image":[{"width":819,"height":1024,"url":"http:\/\/www.unigirona.cat\/wp-content\/uploads\/2025\/02\/54222604156_71410884c5_o-819x1024.jpg","type":"image\/jpeg"}],"author":"premsa","twitter_card":"summary_large_image","twitter_misc":{"Escrito por":"premsa","Tiempo de lectura":"2 minutos"},"schema":{"@context":"https:\/\/schema.org","@graph":[{"@type":"WebPage","@id":"https:\/\/www.unigirona.cat\/es\/maya-caldwell-deja-de-formar-parte-del-uni-girona\/","url":"https:\/\/www.unigirona.cat\/es\/maya-caldwell-deja-de-formar-parte-del-uni-girona\/","name":"MAYA CALDWELL DEJA DE FORMAR PARTE DEL UNI GIRONA - UNI B\u00e0squet Girona","isPartOf":{"@id":"https:\/\/www.unigirona.cat\/#website"},"primaryImageOfPage":{"@id":"https:\/\/www.unigirona.cat\/es\/maya-caldwell-deja-de-formar-parte-del-uni-girona\/#primaryimage"},"image":{"@id":"https:\/\/www.unigirona.cat\/es\/maya-caldwell-deja-de-formar-parte-del-uni-girona\/#primaryimage"},"thumbnailUrl":"https:\/\/www.unigirona.cat\/wp-content\/uploads\/2025\/02\/54222604156_71410884c5_o.jpg","datePublished":"2025-02-10T09:27:58+00:00","dateModified":"2025-02-10T12:46:03+00:00","author":{"@id":"https:\/\/www.unigirona.cat\/#\/schema\/person\/475ba176dc25b40920d6ebae4b40d2fb"},"breadcrumb":{"@id":"https:\/\/www.unigirona.cat\/es\/maya-caldwell-deja-de-formar-parte-del-uni-girona\/#breadcrumb"},"inLanguage":"es","potentialAction":[{"@type":"ReadAction","target":["https:\/\/www.unigirona.cat\/es\/maya-caldwell-deja-de-formar-parte-del-uni-girona\/"]}]},{"@type":"ImageObject","inLanguage":"es","@id":"https:\/\/www.unigirona.cat\/es\/maya-caldwell-deja-de-formar-parte-del-uni-girona\/#primaryimage","url":"https:\/\/www.unigirona.cat\/wp-content\/uploads\/2025\/02\/54222604156_71410884c5_o.jpg","contentUrl":"https:\/\/www.unigirona.cat\/wp-content\/uploads\/2025\/02\/54222604156_71410884c5_o.jpg","width":3014,"height":3767},{"@type":"BreadcrumbList","@id":"https:\/\/www.unigirona.cat\/es\/maya-caldwell-deja-de-formar-parte-del-uni-girona\/#breadcrumb","itemListElement":[{"@type":"ListItem","position":1,"name":"Portada","item":"https:\/\/www.unigirona.cat\/"},{"@type":"ListItem","position":2,"name":"MAYA CALDWELL DEJA DE FORMAR PARTE DEL UNI GIRONA"}]},{"@type":"WebSite","@id":"https:\/\/www.unigirona.cat\/#website","url":"https:\/\/www.unigirona.cat\/","name":"Spar Girona","description":"","potentialAction":[{"@type":"SearchAction","target":{"@type":"EntryPoint","urlTemplate":"https:\/\/www.unigirona.cat\/?s={search_term_string}"},"query-input":{"@type":"PropertyValueSpecification","valueRequired":true,"valueName":"search_term_string"}}],"inLanguage":"es"},{"@type":"Person","@id":"https:\/\/www.unigirona.cat\/#\/schema\/person\/475ba176dc25b40920d6ebae4b40d2fb","name":"premsa","image":{"@type":"ImageObject","inLanguage":"es","@id":"https:\/\/www.unigirona.cat\/#\/schema\/person\/image\/","url":"https:\/\/secure.gravatar.com\/avatar\/aaa70a46dde13fc461ebe5bc96d2c4be?s=96&d=mm&r=g","contentUrl":"https:\/\/secure.gravatar.com\/avatar\/aaa70a46dde13fc461ebe5bc96d2c4be?s=96&d=mm&r=g","caption":"premsa"},"url":"https:\/\/www.unigirona.cat\/es\/author\/premsa\/"}]}},"_links":{"self":[{"href":"https:\/\/www.unigirona.cat\/es\/wp-json\/wp\/v2\/posts\/42910"}],"collection":[{"href":"https:\/\/www.unigirona.cat\/es\/wp-json\/wp\/v2\/posts"}],"about":[{"href":"https:\/\/www.unigirona.cat\/es\/wp-json\/wp\/v2\/types\/post"}],"author":[{"embeddable":true,"href":"https:\/\/www.unigirona.cat\/es\/wp-json\/wp\/v2\/users\/2"}],"replies":[{"embeddable":true,"href":"https:\/\/www.unigirona.cat\/es\/wp-json\/wp\/v2\/comments?post=42910"}],"version-history":[{"count":1,"href":"https:\/\/www.unigirona.cat\/es\/wp-json\/wp\/v2\/posts\/42910\/revisions"}],"predecessor-version":[{"id":42911,"href":"https:\/\/www.unigirona.cat\/es\/wp-json\/wp\/v2\/posts\/42910\/revisions\/42911"}],"wp:featuredmedia":[{"embeddable":true,"href":"https:\/\/www.unigirona.cat\/es\/wp-json\/wp\/v2\/media\/42895"}],"wp:attachment":[{"href":"https:\/\/www.unigirona.cat\/es\/wp-json\/wp\/v2\/media?parent=42910"}],"wp:term":[{"taxonomy":"category","embeddable":true,"href":"https:\/\/www.unigirona.cat\/es\/wp-json\/wp\/v2\/categories?post=42910"},{"taxonomy":"post_tag","embeddable":true,"href":"https:\/\/www.unigirona.cat\/es\/wp-json\/wp\/v2\/tags?post=42910"}],"curies":[{"name":"wp","href":"https:\/\/api.w.org\/{rel}","templated":true}]}}