{"id":43030,"date":"2025-02-13T21:51:12","date_gmt":"2025-02-13T20:51:12","guid":{"rendered":"https:\/\/www.unigirona.cat\/?p=43030"},"modified":"2025-02-14T15:33:07","modified_gmt":"2025-02-14T14:33:07","slug":"el-uni-supera-al-ardoi-en-el-regreso-de-ainhoa","status":"publish","type":"post","link":"https:\/\/www.unigirona.cat\/es\/el-uni-supera-al-ardoi-en-el-regreso-de-ainhoa\/","title":{"rendered":"EL UNI SUPERA AL ARDOI EN EL REGRESO DE AINHOA"},"content":{"rendered":"<p> El Uni Girona hizo los deberes y super\u00f3 en Fontajau al Os\u00e9s Construcci\u00f3n Ardoi. Las gerundenses dominaron gran parte del encuentro con la intimidaci\u00f3n de Mack y los puntos de Lundquist y Bibby, pero la gran nota positiva de la jornada fue el debut de Tate y Mack y, sobre todo, el regreso de Ainhoa L\u00f3pez. Adem\u00e1s, todo el equipo logr\u00f3 anotar, y el Spar Girona venci\u00f3 al Ardoi por 86-62.<\/p><p>El Spar Girona comenz\u00f3 fuerte en el tramo inicial del partido, atacando el aro e imponiendo un 4-0 gracias a las acciones de Tour\u00e9 y Klara. Poco a poco, el Ardoi reaccion\u00f3 con una acci\u00f3n de Senosiain y, aunque Hristova rompi\u00f3 la sequ\u00eda anotadora (6-2), dos triples de Rodr\u00edguez y Lahtinen pusieron a las navarras por delante (6-8). Las instrucciones de Roberto surtieron efecto y Natasha Mack se hizo notar en ambos lados de la cancha (10-8). Acto seguido, una acci\u00f3n de Hristova y los tiros libres de Mack y Lundquist marcaron un parcial de 9-0, cambiando la din\u00e1mica del partido y obligando al entrenador visitante a pedir un tiempo muerto (15-8). Bibby ampli\u00f3 la ventaja con un tiro de media distancia (17-8), pero dos acciones consecutivas de Wone cerraron el cuarto (17-12).<\/p><p>Con Tate anotando sus primeros puntos con nuestra camiseta, un triple de Sandra puso el +10 (22-12). Rodr\u00edguez respondi\u00f3 con un triple, pero Carol, liberada, castig\u00f3 tambi\u00e9n desde el per\u00edmetro (25-15). En una buena din\u00e1mica, el Spar Girona aprovech\u00f3 su momento para distanciarse en el marcador, con Tour\u00e9 y Mack anotando bajo el aro y Bibby acertando desde la larga distancia (32-15). Pese al tiempo muerto visitante, Mack impuso su capacidad f\u00edsica para intimidar en defensa y anot\u00f3 tras capturar un rebote ofensivo, llev\u00e1ndose una ovaci\u00f3n al ser sustituida (34-15). Senosiain no fall\u00f3 desde la l\u00ednea de tres, pero un triple de Tour\u00e9 y una acci\u00f3n de Canella pusieron al Uni con 21 puntos de ventaja. A un minuto del descanso, y tras un tiempo muerto de Roberto, el Spar Girona ampli\u00f3 la renta con tiros libres de Canella, aunque Joris, in extremis, dej\u00f3 el marcador en 41-20.<\/p><p>El paso por los vestuarios enfri\u00f3 el acierto de las gerundenses, y el Ardoi aprovech\u00f3 para firmar un parcial de 2-6 (43-26). Los primeros puntos del Uni en la segunda mitad llegaron con tiros libres de Bibby y un 2+1 de Klara tras recorrer toda la pista (48-26), pero Joris asumi\u00f3 la responsabilidad ofensiva de las navarras, recortando distancias en el marcador (50-32). Y si Joris asumi\u00f3 el liderazgo en el equipo visitante, Bibby lo hizo por el Spar, castigando por partida doble en transiciones ofensivas (54-32). Tras el tiempo muerto visitante, el Ardoi mejor\u00f3 sus sensaciones con Senosiain y Lahtinen, pero el buen momento de Hristova y Mack permiti\u00f3 mantener la diferencia (61-39).<\/p><p>En el \u00faltimo cuarto, el Ardoi mantuvo su buen momento anotador. No obstante, el Spar Girona elev\u00f3 su nivel ofensivo con un gran juego coral, destacando Pierre-Louis con varias acciones bajo el aro (65-41). El gran momento del cuarto fue el regreso a la pista de Ainhoa L\u00f3pez, quien celebr\u00f3 con la afici\u00f3n su triple (74-51). Con el Spar m\u00e1s encendido que nunca, Tate, desde la larga distancia, Lundquist en transici\u00f3n, Ainhoa bajo el aro y de nuevo Klara pusieron al Uni con 30 puntos de ventaja (83-53). Blanco detuvo el juego a tres minutos del final, pero Berta anot\u00f3 un triple, logrando que todas las jugadoras del Spar sumaran puntos en el partido. Finalmente, las gerundenses se impusieron al colista por 86-62.<\/p>","protected":false},"excerpt":{"rendered":"<p>El Uni Girona hizo los deberes y super\u00f3 en Fontajau al Os\u00e9s Construcci\u00f3n Ardoi. Las gerundenses dominaron gran parte del encuentro con la intimidaci\u00f3n de Mack y los puntos de Lundquist y Bibby, pero la gran nota positiva de la jornada fue el debut de Tate y Mack y, sobre todo, el regreso de Ainhoa [&hellip;]<\/p>\n","protected":false},"author":2,"featured_media":43020,"comment_status":"open","ping_status":"open","sticky":false,"template":"","format":"standard","meta":{"footnotes":""},"categories":[542],"tags":[],"class_list":["post-43030","post","type-post","status-publish","format-standard","has-post-thumbnail","hentry","category-lf-endesa"],"yoast_head":"<!-- This site is optimized with the Yoast SEO plugin v25.1 - https:\/\/yoast.com\/wordpress\/plugins\/seo\/ -->\n<title>EL UNI SUPERA AL ARDOI EN EL REGRESO DE AINHOA - UNI B\u00e0squet Girona<\/title>\n<meta name=\"robots\" content=\"index, follow, max-snippet:-1, max-image-preview:large, max-video-preview:-1\" \/>\n<link rel=\"canonical\" href=\"https:\/\/www.unigirona.cat\/es\/el-uni-supera-al-ardoi-en-el-regreso-de-ainhoa\/\" \/>\n<meta property=\"og:locale\" content=\"es_ES\" \/>\n<meta property=\"og:type\" content=\"article\" \/>\n<meta property=\"og:title\" content=\"EL UNI SUPERA AL ARDOI EN EL REGRESO DE AINHOA - UNI B\u00e0squet Girona\" \/>\n<meta property=\"og:description\" content=\"El Uni Girona hizo los deberes y super\u00f3 en Fontajau al Os\u00e9s Construcci\u00f3n Ardoi. Las gerundenses dominaron gran parte del encuentro con la intimidaci\u00f3n de Mack y los puntos de Lundquist y Bibby, pero la gran nota positiva de la jornada fue el debut de Tate y Mack y, sobre todo, el regreso de Ainhoa [&hellip;]\" \/>\n<meta property=\"og:url\" content=\"https:\/\/www.unigirona.cat\/es\/el-uni-supera-al-ardoi-en-el-regreso-de-ainhoa\/\" \/>\n<meta property=\"og:site_name\" content=\"UNI B\u00e0squet Girona\" \/>\n<meta property=\"article:published_time\" content=\"2025-02-13T20:51:12+00:00\" \/>\n<meta property=\"article:modified_time\" content=\"2025-02-14T14:33:07+00:00\" \/>\n<meta property=\"og:image\" content=\"http:\/\/www.unigirona.cat\/wp-content\/uploads\/2025\/02\/WhatsApp-Image-2025-02-13-at-20.19.20.jpeg\" \/>\n\t<meta property=\"og:image:width\" content=\"4160\" \/>\n\t<meta property=\"og:image:height\" content=\"2774\" \/>\n\t<meta property=\"og:image:type\" content=\"image\/jpeg\" \/>\n<meta name=\"author\" content=\"premsa\" \/>\n<meta name=\"twitter:card\" content=\"summary_large_image\" \/>\n<meta name=\"twitter:label1\" content=\"Escrito por\" \/>\n\t<meta name=\"twitter:data1\" content=\"premsa\" \/>\n\t<meta name=\"twitter:label2\" content=\"Tiempo de lectura\" \/>\n\t<meta name=\"twitter:data2\" content=\"4 minutos\" \/>\n<script type=\"application\/ld+json\" class=\"yoast-schema-graph\">{\"@context\":\"https:\/\/schema.org\",\"@graph\":[{\"@type\":\"WebPage\",\"@id\":\"https:\/\/www.unigirona.cat\/es\/el-uni-supera-al-ardoi-en-el-regreso-de-ainhoa\/\",\"url\":\"https:\/\/www.unigirona.cat\/es\/el-uni-supera-al-ardoi-en-el-regreso-de-ainhoa\/\",\"name\":\"EL UNI SUPERA AL ARDOI EN EL REGRESO DE AINHOA - UNI B\u00e0squet Girona\",\"isPartOf\":{\"@id\":\"https:\/\/www.unigirona.cat\/#website\"},\"primaryImageOfPage\":{\"@id\":\"https:\/\/www.unigirona.cat\/es\/el-uni-supera-al-ardoi-en-el-regreso-de-ainhoa\/#primaryimage\"},\"image\":{\"@id\":\"https:\/\/www.unigirona.cat\/es\/el-uni-supera-al-ardoi-en-el-regreso-de-ainhoa\/#primaryimage\"},\"thumbnailUrl\":\"https:\/\/www.unigirona.cat\/wp-content\/uploads\/2025\/02\/WhatsApp-Image-2025-02-13-at-20.19.20.jpeg\",\"datePublished\":\"2025-02-13T20:51:12+00:00\",\"dateModified\":\"2025-02-14T14:33:07+00:00\",\"author\":{\"@id\":\"https:\/\/www.unigirona.cat\/#\/schema\/person\/475ba176dc25b40920d6ebae4b40d2fb\"},\"breadcrumb\":{\"@id\":\"https:\/\/www.unigirona.cat\/es\/el-uni-supera-al-ardoi-en-el-regreso-de-ainhoa\/#breadcrumb\"},\"inLanguage\":\"es\",\"potentialAction\":[{\"@type\":\"ReadAction\",\"target\":[\"https:\/\/www.unigirona.cat\/es\/el-uni-supera-al-ardoi-en-el-regreso-de-ainhoa\/\"]}]},{\"@type\":\"ImageObject\",\"inLanguage\":\"es\",\"@id\":\"https:\/\/www.unigirona.cat\/es\/el-uni-supera-al-ardoi-en-el-regreso-de-ainhoa\/#primaryimage\",\"url\":\"https:\/\/www.unigirona.cat\/wp-content\/uploads\/2025\/02\/WhatsApp-Image-2025-02-13-at-20.19.20.jpeg\",\"contentUrl\":\"https:\/\/www.unigirona.cat\/wp-content\/uploads\/2025\/02\/WhatsApp-Image-2025-02-13-at-20.19.20.jpeg\",\"width\":4160,\"height\":2774},{\"@type\":\"BreadcrumbList\",\"@id\":\"https:\/\/www.unigirona.cat\/es\/el-uni-supera-al-ardoi-en-el-regreso-de-ainhoa\/#breadcrumb\",\"itemListElement\":[{\"@type\":\"ListItem\",\"position\":1,\"name\":\"Portada\",\"item\":\"https:\/\/www.unigirona.cat\/\"},{\"@type\":\"ListItem\",\"position\":2,\"name\":\"EL UNI SUPERA AL ARDOI EN EL REGRESO DE AINHOA\"}]},{\"@type\":\"WebSite\",\"@id\":\"https:\/\/www.unigirona.cat\/#website\",\"url\":\"https:\/\/www.unigirona.cat\/\",\"name\":\"Spar Girona\",\"description\":\"\",\"potentialAction\":[{\"@type\":\"SearchAction\",\"target\":{\"@type\":\"EntryPoint\",\"urlTemplate\":\"https:\/\/www.unigirona.cat\/?s={search_term_string}\"},\"query-input\":{\"@type\":\"PropertyValueSpecification\",\"valueRequired\":true,\"valueName\":\"search_term_string\"}}],\"inLanguage\":\"es\"},{\"@type\":\"Person\",\"@id\":\"https:\/\/www.unigirona.cat\/#\/schema\/person\/475ba176dc25b40920d6ebae4b40d2fb\",\"name\":\"premsa\",\"image\":{\"@type\":\"ImageObject\",\"inLanguage\":\"es\",\"@id\":\"https:\/\/www.unigirona.cat\/#\/schema\/person\/image\/\",\"url\":\"https:\/\/secure.gravatar.com\/avatar\/aaa70a46dde13fc461ebe5bc96d2c4be?s=96&d=mm&r=g\",\"contentUrl\":\"https:\/\/secure.gravatar.com\/avatar\/aaa70a46dde13fc461ebe5bc96d2c4be?s=96&d=mm&r=g\",\"caption\":\"premsa\"},\"url\":\"https:\/\/www.unigirona.cat\/es\/author\/premsa\/\"}]}<\/script>\n<!-- \/ Yoast SEO plugin. -->","yoast_head_json":{"title":"EL UNI SUPERA AL ARDOI EN EL REGRESO DE AINHOA - UNI B\u00e0squet Girona","robots":{"index":"index","follow":"follow","max-snippet":"max-snippet:-1","max-image-preview":"max-image-preview:large","max-video-preview":"max-video-preview:-1"},"canonical":"https:\/\/www.unigirona.cat\/es\/el-uni-supera-al-ardoi-en-el-regreso-de-ainhoa\/","og_locale":"es_ES","og_type":"article","og_title":"EL UNI SUPERA AL ARDOI EN EL REGRESO DE AINHOA - UNI B\u00e0squet Girona","og_description":"El Uni Girona hizo los deberes y super\u00f3 en Fontajau al Os\u00e9s Construcci\u00f3n Ardoi. Las gerundenses dominaron gran parte del encuentro con la intimidaci\u00f3n de Mack y los puntos de Lundquist y Bibby, pero la gran nota positiva de la jornada fue el debut de Tate y Mack y, sobre todo, el regreso de Ainhoa [&hellip;]","og_url":"https:\/\/www.unigirona.cat\/es\/el-uni-supera-al-ardoi-en-el-regreso-de-ainhoa\/","og_site_name":"UNI B\u00e0squet Girona","article_published_time":"2025-02-13T20:51:12+00:00","article_modified_time":"2025-02-14T14:33:07+00:00","og_image":[{"width":4160,"height":2774,"url":"http:\/\/www.unigirona.cat\/wp-content\/uploads\/2025\/02\/WhatsApp-Image-2025-02-13-at-20.19.20.jpeg","type":"image\/jpeg"}],"author":"premsa","twitter_card":"summary_large_image","twitter_misc":{"Escrito por":"premsa","Tiempo de lectura":"4 minutos"},"schema":{"@context":"https:\/\/schema.org","@graph":[{"@type":"WebPage","@id":"https:\/\/www.unigirona.cat\/es\/el-uni-supera-al-ardoi-en-el-regreso-de-ainhoa\/","url":"https:\/\/www.unigirona.cat\/es\/el-uni-supera-al-ardoi-en-el-regreso-de-ainhoa\/","name":"EL UNI SUPERA AL ARDOI EN EL REGRESO DE AINHOA - UNI B\u00e0squet Girona","isPartOf":{"@id":"https:\/\/www.unigirona.cat\/#website"},"primaryImageOfPage":{"@id":"https:\/\/www.unigirona.cat\/es\/el-uni-supera-al-ardoi-en-el-regreso-de-ainhoa\/#primaryimage"},"image":{"@id":"https:\/\/www.unigirona.cat\/es\/el-uni-supera-al-ardoi-en-el-regreso-de-ainhoa\/#primaryimage"},"thumbnailUrl":"https:\/\/www.unigirona.cat\/wp-content\/uploads\/2025\/02\/WhatsApp-Image-2025-02-13-at-20.19.20.jpeg","datePublished":"2025-02-13T20:51:12+00:00","dateModified":"2025-02-14T14:33:07+00:00","author":{"@id":"https:\/\/www.unigirona.cat\/#\/schema\/person\/475ba176dc25b40920d6ebae4b40d2fb"},"breadcrumb":{"@id":"https:\/\/www.unigirona.cat\/es\/el-uni-supera-al-ardoi-en-el-regreso-de-ainhoa\/#breadcrumb"},"inLanguage":"es","potentialAction":[{"@type":"ReadAction","target":["https:\/\/www.unigirona.cat\/es\/el-uni-supera-al-ardoi-en-el-regreso-de-ainhoa\/"]}]},{"@type":"ImageObject","inLanguage":"es","@id":"https:\/\/www.unigirona.cat\/es\/el-uni-supera-al-ardoi-en-el-regreso-de-ainhoa\/#primaryimage","url":"https:\/\/www.unigirona.cat\/wp-content\/uploads\/2025\/02\/WhatsApp-Image-2025-02-13-at-20.19.20.jpeg","contentUrl":"https:\/\/www.unigirona.cat\/wp-content\/uploads\/2025\/02\/WhatsApp-Image-2025-02-13-at-20.19.20.jpeg","width":4160,"height":2774},{"@type":"BreadcrumbList","@id":"https:\/\/www.unigirona.cat\/es\/el-uni-supera-al-ardoi-en-el-regreso-de-ainhoa\/#breadcrumb","itemListElement":[{"@type":"ListItem","position":1,"name":"Portada","item":"https:\/\/www.unigirona.cat\/"},{"@type":"ListItem","position":2,"name":"EL UNI SUPERA AL ARDOI EN EL REGRESO DE AINHOA"}]},{"@type":"WebSite","@id":"https:\/\/www.unigirona.cat\/#website","url":"https:\/\/www.unigirona.cat\/","name":"Spar Girona","description":"","potentialAction":[{"@type":"SearchAction","target":{"@type":"EntryPoint","urlTemplate":"https:\/\/www.unigirona.cat\/?s={search_term_string}"},"query-input":{"@type":"PropertyValueSpecification","valueRequired":true,"valueName":"search_term_string"}}],"inLanguage":"es"},{"@type":"Person","@id":"https:\/\/www.unigirona.cat\/#\/schema\/person\/475ba176dc25b40920d6ebae4b40d2fb","name":"premsa","image":{"@type":"ImageObject","inLanguage":"es","@id":"https:\/\/www.unigirona.cat\/#\/schema\/person\/image\/","url":"https:\/\/secure.gravatar.com\/avatar\/aaa70a46dde13fc461ebe5bc96d2c4be?s=96&d=mm&r=g","contentUrl":"https:\/\/secure.gravatar.com\/avatar\/aaa70a46dde13fc461ebe5bc96d2c4be?s=96&d=mm&r=g","caption":"premsa"},"url":"https:\/\/www.unigirona.cat\/es\/author\/premsa\/"}]}},"_links":{"self":[{"href":"https:\/\/www.unigirona.cat\/es\/wp-json\/wp\/v2\/posts\/43030"}],"collection":[{"href":"https:\/\/www.unigirona.cat\/es\/wp-json\/wp\/v2\/posts"}],"about":[{"href":"https:\/\/www.unigirona.cat\/es\/wp-json\/wp\/v2\/types\/post"}],"author":[{"embeddable":true,"href":"https:\/\/www.unigirona.cat\/es\/wp-json\/wp\/v2\/users\/2"}],"replies":[{"embeddable":true,"href":"https:\/\/www.unigirona.cat\/es\/wp-json\/wp\/v2\/comments?post=43030"}],"version-history":[{"count":1,"href":"https:\/\/www.unigirona.cat\/es\/wp-json\/wp\/v2\/posts\/43030\/revisions"}],"predecessor-version":[{"id":43031,"href":"https:\/\/www.unigirona.cat\/es\/wp-json\/wp\/v2\/posts\/43030\/revisions\/43031"}],"wp:featuredmedia":[{"embeddable":true,"href":"https:\/\/www.unigirona.cat\/es\/wp-json\/wp\/v2\/media\/43020"}],"wp:attachment":[{"href":"https:\/\/www.unigirona.cat\/es\/wp-json\/wp\/v2\/media?parent=43030"}],"wp:term":[{"taxonomy":"category","embeddable":true,"href":"https:\/\/www.unigirona.cat\/es\/wp-json\/wp\/v2\/categories?post=43030"},{"taxonomy":"post_tag","embeddable":true,"href":"https:\/\/www.unigirona.cat\/es\/wp-json\/wp\/v2\/tags?post=43030"}],"curies":[{"name":"wp","href":"https:\/\/api.w.org\/{rel}","templated":true}]}}