{"id":43070,"date":"2025-02-18T15:49:42","date_gmt":"2025-02-18T14:49:42","guid":{"rendered":"https:\/\/www.unigirona.cat\/?p=43070"},"modified":"2025-02-18T15:52:26","modified_gmt":"2025-02-18T14:52:26","slug":"previa-spar-girona-vs-ldlc-asvel-feminin","status":"publish","type":"post","link":"https:\/\/www.unigirona.cat\/es\/previa-spar-girona-vs-ldlc-asvel-feminin\/","title":{"rendered":"PREVIA: SPAR GIRONA VS LDLC ASVEL F\u00e9minin"},"content":{"rendered":"<p>El Spar Girona sigue haciendo historia en Europa y afronta un nuevo reto may\u00fasculo en la EuroCup Women. Tras imponerse con autoridad al NKA Universitas Pecs en octavos de final (88-65), el equipo gerundense se prepara para enfrentarse a uno de los grandes favoritos al t\u00edtulo: el LDLC ASVEL F\u00e9minin.<\/p><p>El primer asalto tendr\u00e1 lugar este mi\u00e9rcoles en Fontajau (20:05 h, Esport3), donde la afici\u00f3n volver\u00e1 a jugar un papel clave. La vuelta se disputar\u00e1 el d\u00eda 27 en Lyon, una cancha siempre complicada.<\/p><h3 class=\"wp-block-heading\"><strong>Un rival de primer nivel<\/strong><\/h3><p>El Asvel llega a esta eliminatoria tras eliminar al Galatasaray, precisamente el rival que el Uni dej\u00f3 fuera la temporada pasada. El equipo franc\u00e9s, con una plantilla llena de talento, destaca por su potencia f\u00edsica y su estilo de juego din\u00e1mico. Entre sus jugadoras m\u00e1s determinantes est\u00e1 Dominique Malonga, una p\u00edvot de solo 18 a\u00f1os y 1,98 m que lidera al equipo con 18 puntos, 10,5 rebotes y 22,4 de valoraci\u00f3n por partido. Adem\u00e1s, cuentan con otras j\u00f3venes promesas como Ainhoa Risacher, de 16 a\u00f1os y 1,87 m, y jugadoras experimentadas como Julie Wojta y Laura Quevedo.<\/p><h3 class=\"wp-block-heading\"><strong>\u00cd\u00f1iguez: \u201cSer\u00e1 un duelo muy exigente\u201d<\/strong><\/h3><p>El t\u00e9cnico del Uni, Roberto \u00cd\u00f1iguez, es consciente de la dificultad del reto: <em>\u201cEs un partido de m\u00e1ximo nivel, como no puede ser de otra manera en estos cuartos de final. Nos enfrentamos a un rival que compite muy bien en Europa\u201d<\/em>. Adem\u00e1s, ha destacado el juego f\u00edsico de la liga francesa y el dinamismo del Asvel, un equipo que apuesta por un ritmo r\u00e1pido y ataques abiertos.<\/p><p>A pesar de la reciente derrota contra el Valencia, \u00cd\u00f1iguez no cree que afecte al grupo: <em>\u201cSiempre tenemos que seguir adelante. Cuando ganas, hay que preparar el siguiente partido; cuando pierdes, toca aprender y levantarse\u201d<\/em>.<\/p><h3 class=\"wp-block-heading\"><strong>Mack y Tate, en la convocatoria<\/strong><\/h3><p>Para este partido, el cuerpo t\u00e9cnico ha decidido apostar por Natasha Mack e Imani Tate y dejar fuera a Pierre-Louis. <em>\u201cCon Mack seremos un equipo m\u00e1s completo. Es una decisi\u00f3n pensada para el bien del equipo\u201d<\/em>, explic\u00f3 \u00cd\u00f1iguez.<\/p><p>Fontajau ser\u00e1 clave para intentar tomar ventaja en la eliminatoria y dar un paso m\u00e1s hacia el gran objetivo de la temporada: seguir avanzando en la EuroCup y, por qu\u00e9 no, so\u00f1ar con la clasificaci\u00f3n para la Euroliga.<\/p>","protected":false},"excerpt":{"rendered":"<p>El Spar Girona sigue haciendo historia en Europa y afronta un nuevo reto may\u00fasculo en la EuroCup Women. Tras imponerse con autoridad al NKA Universitas Pecs en octavos de final (88-65), el equipo gerundense se prepara para enfrentarse a uno de los grandes favoritos al t\u00edtulo: el LDLC ASVEL F\u00e9minin. El primer asalto tendr\u00e1 lugar [&hellip;]<\/p>\n","protected":false},"author":2,"featured_media":43063,"comment_status":"open","ping_status":"open","sticky":false,"template":"","format":"standard","meta":{"footnotes":""},"categories":[397],"tags":[],"class_list":["post-43070","post","type-post","status-publish","format-standard","has-post-thumbnail","hentry","category-eruocup-women"],"yoast_head":"<!-- This site is optimized with the Yoast SEO plugin v25.1 - https:\/\/yoast.com\/wordpress\/plugins\/seo\/ -->\n<title>PREVIA: SPAR GIRONA VS LDLC ASVEL F\u00e9minin - UNI B\u00e0squet Girona<\/title>\n<meta name=\"robots\" content=\"index, follow, max-snippet:-1, max-image-preview:large, max-video-preview:-1\" \/>\n<link rel=\"canonical\" href=\"https:\/\/www.unigirona.cat\/es\/previa-spar-girona-vs-ldlc-asvel-feminin\/\" \/>\n<meta property=\"og:locale\" content=\"es_ES\" \/>\n<meta property=\"og:type\" content=\"article\" \/>\n<meta property=\"og:title\" content=\"PREVIA: SPAR GIRONA VS LDLC ASVEL F\u00e9minin - UNI B\u00e0squet Girona\" \/>\n<meta property=\"og:description\" content=\"El Spar Girona sigue haciendo historia en Europa y afronta un nuevo reto may\u00fasculo en la EuroCup Women. Tras imponerse con autoridad al NKA Universitas Pecs en octavos de final (88-65), el equipo gerundense se prepara para enfrentarse a uno de los grandes favoritos al t\u00edtulo: el LDLC ASVEL F\u00e9minin. El primer asalto tendr\u00e1 lugar [&hellip;]\" \/>\n<meta property=\"og:url\" content=\"https:\/\/www.unigirona.cat\/es\/previa-spar-girona-vs-ldlc-asvel-feminin\/\" \/>\n<meta property=\"og:site_name\" content=\"UNI B\u00e0squet Girona\" \/>\n<meta property=\"article:published_time\" content=\"2025-02-18T14:49:42+00:00\" \/>\n<meta property=\"article:modified_time\" content=\"2025-02-18T14:52:26+00:00\" \/>\n<meta property=\"og:image\" content=\"http:\/\/www.unigirona.cat\/wp-content\/uploads\/2025\/02\/previa-quarts-anada.jpg\" \/>\n\t<meta property=\"og:image:width\" content=\"1920\" \/>\n\t<meta property=\"og:image:height\" content=\"1080\" \/>\n\t<meta property=\"og:image:type\" content=\"image\/jpeg\" \/>\n<meta name=\"author\" content=\"premsa\" \/>\n<meta name=\"twitter:card\" content=\"summary_large_image\" \/>\n<meta name=\"twitter:label1\" content=\"Escrito por\" \/>\n\t<meta name=\"twitter:data1\" content=\"premsa\" \/>\n\t<meta name=\"twitter:label2\" content=\"Tiempo de lectura\" \/>\n\t<meta name=\"twitter:data2\" content=\"3 minutos\" \/>\n<script type=\"application\/ld+json\" class=\"yoast-schema-graph\">{\"@context\":\"https:\/\/schema.org\",\"@graph\":[{\"@type\":\"WebPage\",\"@id\":\"https:\/\/www.unigirona.cat\/es\/previa-spar-girona-vs-ldlc-asvel-feminin\/\",\"url\":\"https:\/\/www.unigirona.cat\/es\/previa-spar-girona-vs-ldlc-asvel-feminin\/\",\"name\":\"PREVIA: SPAR GIRONA VS LDLC ASVEL F\u00e9minin - UNI B\u00e0squet Girona\",\"isPartOf\":{\"@id\":\"https:\/\/www.unigirona.cat\/#website\"},\"primaryImageOfPage\":{\"@id\":\"https:\/\/www.unigirona.cat\/es\/previa-spar-girona-vs-ldlc-asvel-feminin\/#primaryimage\"},\"image\":{\"@id\":\"https:\/\/www.unigirona.cat\/es\/previa-spar-girona-vs-ldlc-asvel-feminin\/#primaryimage\"},\"thumbnailUrl\":\"https:\/\/www.unigirona.cat\/wp-content\/uploads\/2025\/02\/previa-quarts-anada.jpg\",\"datePublished\":\"2025-02-18T14:49:42+00:00\",\"dateModified\":\"2025-02-18T14:52:26+00:00\",\"author\":{\"@id\":\"https:\/\/www.unigirona.cat\/#\/schema\/person\/475ba176dc25b40920d6ebae4b40d2fb\"},\"breadcrumb\":{\"@id\":\"https:\/\/www.unigirona.cat\/es\/previa-spar-girona-vs-ldlc-asvel-feminin\/#breadcrumb\"},\"inLanguage\":\"es\",\"potentialAction\":[{\"@type\":\"ReadAction\",\"target\":[\"https:\/\/www.unigirona.cat\/es\/previa-spar-girona-vs-ldlc-asvel-feminin\/\"]}]},{\"@type\":\"ImageObject\",\"inLanguage\":\"es\",\"@id\":\"https:\/\/www.unigirona.cat\/es\/previa-spar-girona-vs-ldlc-asvel-feminin\/#primaryimage\",\"url\":\"https:\/\/www.unigirona.cat\/wp-content\/uploads\/2025\/02\/previa-quarts-anada.jpg\",\"contentUrl\":\"https:\/\/www.unigirona.cat\/wp-content\/uploads\/2025\/02\/previa-quarts-anada.jpg\",\"width\":1920,\"height\":1080},{\"@type\":\"BreadcrumbList\",\"@id\":\"https:\/\/www.unigirona.cat\/es\/previa-spar-girona-vs-ldlc-asvel-feminin\/#breadcrumb\",\"itemListElement\":[{\"@type\":\"ListItem\",\"position\":1,\"name\":\"Portada\",\"item\":\"https:\/\/www.unigirona.cat\/\"},{\"@type\":\"ListItem\",\"position\":2,\"name\":\"PREVIA: SPAR GIRONA VS LDLC ASVEL F\u00e9minin\"}]},{\"@type\":\"WebSite\",\"@id\":\"https:\/\/www.unigirona.cat\/#website\",\"url\":\"https:\/\/www.unigirona.cat\/\",\"name\":\"Spar Girona\",\"description\":\"\",\"potentialAction\":[{\"@type\":\"SearchAction\",\"target\":{\"@type\":\"EntryPoint\",\"urlTemplate\":\"https:\/\/www.unigirona.cat\/?s={search_term_string}\"},\"query-input\":{\"@type\":\"PropertyValueSpecification\",\"valueRequired\":true,\"valueName\":\"search_term_string\"}}],\"inLanguage\":\"es\"},{\"@type\":\"Person\",\"@id\":\"https:\/\/www.unigirona.cat\/#\/schema\/person\/475ba176dc25b40920d6ebae4b40d2fb\",\"name\":\"premsa\",\"image\":{\"@type\":\"ImageObject\",\"inLanguage\":\"es\",\"@id\":\"https:\/\/www.unigirona.cat\/#\/schema\/person\/image\/\",\"url\":\"https:\/\/secure.gravatar.com\/avatar\/aaa70a46dde13fc461ebe5bc96d2c4be?s=96&d=mm&r=g\",\"contentUrl\":\"https:\/\/secure.gravatar.com\/avatar\/aaa70a46dde13fc461ebe5bc96d2c4be?s=96&d=mm&r=g\",\"caption\":\"premsa\"},\"url\":\"https:\/\/www.unigirona.cat\/es\/author\/premsa\/\"}]}<\/script>\n<!-- \/ Yoast SEO plugin. -->","yoast_head_json":{"title":"PREVIA: SPAR GIRONA VS LDLC ASVEL F\u00e9minin - UNI B\u00e0squet Girona","robots":{"index":"index","follow":"follow","max-snippet":"max-snippet:-1","max-image-preview":"max-image-preview:large","max-video-preview":"max-video-preview:-1"},"canonical":"https:\/\/www.unigirona.cat\/es\/previa-spar-girona-vs-ldlc-asvel-feminin\/","og_locale":"es_ES","og_type":"article","og_title":"PREVIA: SPAR GIRONA VS LDLC ASVEL F\u00e9minin - UNI B\u00e0squet Girona","og_description":"El Spar Girona sigue haciendo historia en Europa y afronta un nuevo reto may\u00fasculo en la EuroCup Women. Tras imponerse con autoridad al NKA Universitas Pecs en octavos de final (88-65), el equipo gerundense se prepara para enfrentarse a uno de los grandes favoritos al t\u00edtulo: el LDLC ASVEL F\u00e9minin. El primer asalto tendr\u00e1 lugar [&hellip;]","og_url":"https:\/\/www.unigirona.cat\/es\/previa-spar-girona-vs-ldlc-asvel-feminin\/","og_site_name":"UNI B\u00e0squet Girona","article_published_time":"2025-02-18T14:49:42+00:00","article_modified_time":"2025-02-18T14:52:26+00:00","og_image":[{"width":1920,"height":1080,"url":"http:\/\/www.unigirona.cat\/wp-content\/uploads\/2025\/02\/previa-quarts-anada.jpg","type":"image\/jpeg"}],"author":"premsa","twitter_card":"summary_large_image","twitter_misc":{"Escrito por":"premsa","Tiempo de lectura":"3 minutos"},"schema":{"@context":"https:\/\/schema.org","@graph":[{"@type":"WebPage","@id":"https:\/\/www.unigirona.cat\/es\/previa-spar-girona-vs-ldlc-asvel-feminin\/","url":"https:\/\/www.unigirona.cat\/es\/previa-spar-girona-vs-ldlc-asvel-feminin\/","name":"PREVIA: SPAR GIRONA VS LDLC ASVEL F\u00e9minin - UNI B\u00e0squet Girona","isPartOf":{"@id":"https:\/\/www.unigirona.cat\/#website"},"primaryImageOfPage":{"@id":"https:\/\/www.unigirona.cat\/es\/previa-spar-girona-vs-ldlc-asvel-feminin\/#primaryimage"},"image":{"@id":"https:\/\/www.unigirona.cat\/es\/previa-spar-girona-vs-ldlc-asvel-feminin\/#primaryimage"},"thumbnailUrl":"https:\/\/www.unigirona.cat\/wp-content\/uploads\/2025\/02\/previa-quarts-anada.jpg","datePublished":"2025-02-18T14:49:42+00:00","dateModified":"2025-02-18T14:52:26+00:00","author":{"@id":"https:\/\/www.unigirona.cat\/#\/schema\/person\/475ba176dc25b40920d6ebae4b40d2fb"},"breadcrumb":{"@id":"https:\/\/www.unigirona.cat\/es\/previa-spar-girona-vs-ldlc-asvel-feminin\/#breadcrumb"},"inLanguage":"es","potentialAction":[{"@type":"ReadAction","target":["https:\/\/www.unigirona.cat\/es\/previa-spar-girona-vs-ldlc-asvel-feminin\/"]}]},{"@type":"ImageObject","inLanguage":"es","@id":"https:\/\/www.unigirona.cat\/es\/previa-spar-girona-vs-ldlc-asvel-feminin\/#primaryimage","url":"https:\/\/www.unigirona.cat\/wp-content\/uploads\/2025\/02\/previa-quarts-anada.jpg","contentUrl":"https:\/\/www.unigirona.cat\/wp-content\/uploads\/2025\/02\/previa-quarts-anada.jpg","width":1920,"height":1080},{"@type":"BreadcrumbList","@id":"https:\/\/www.unigirona.cat\/es\/previa-spar-girona-vs-ldlc-asvel-feminin\/#breadcrumb","itemListElement":[{"@type":"ListItem","position":1,"name":"Portada","item":"https:\/\/www.unigirona.cat\/"},{"@type":"ListItem","position":2,"name":"PREVIA: SPAR GIRONA VS LDLC ASVEL F\u00e9minin"}]},{"@type":"WebSite","@id":"https:\/\/www.unigirona.cat\/#website","url":"https:\/\/www.unigirona.cat\/","name":"Spar Girona","description":"","potentialAction":[{"@type":"SearchAction","target":{"@type":"EntryPoint","urlTemplate":"https:\/\/www.unigirona.cat\/?s={search_term_string}"},"query-input":{"@type":"PropertyValueSpecification","valueRequired":true,"valueName":"search_term_string"}}],"inLanguage":"es"},{"@type":"Person","@id":"https:\/\/www.unigirona.cat\/#\/schema\/person\/475ba176dc25b40920d6ebae4b40d2fb","name":"premsa","image":{"@type":"ImageObject","inLanguage":"es","@id":"https:\/\/www.unigirona.cat\/#\/schema\/person\/image\/","url":"https:\/\/secure.gravatar.com\/avatar\/aaa70a46dde13fc461ebe5bc96d2c4be?s=96&d=mm&r=g","contentUrl":"https:\/\/secure.gravatar.com\/avatar\/aaa70a46dde13fc461ebe5bc96d2c4be?s=96&d=mm&r=g","caption":"premsa"},"url":"https:\/\/www.unigirona.cat\/es\/author\/premsa\/"}]}},"_links":{"self":[{"href":"https:\/\/www.unigirona.cat\/es\/wp-json\/wp\/v2\/posts\/43070"}],"collection":[{"href":"https:\/\/www.unigirona.cat\/es\/wp-json\/wp\/v2\/posts"}],"about":[{"href":"https:\/\/www.unigirona.cat\/es\/wp-json\/wp\/v2\/types\/post"}],"author":[{"embeddable":true,"href":"https:\/\/www.unigirona.cat\/es\/wp-json\/wp\/v2\/users\/2"}],"replies":[{"embeddable":true,"href":"https:\/\/www.unigirona.cat\/es\/wp-json\/wp\/v2\/comments?post=43070"}],"version-history":[{"count":1,"href":"https:\/\/www.unigirona.cat\/es\/wp-json\/wp\/v2\/posts\/43070\/revisions"}],"predecessor-version":[{"id":43071,"href":"https:\/\/www.unigirona.cat\/es\/wp-json\/wp\/v2\/posts\/43070\/revisions\/43071"}],"wp:featuredmedia":[{"embeddable":true,"href":"https:\/\/www.unigirona.cat\/es\/wp-json\/wp\/v2\/media\/43063"}],"wp:attachment":[{"href":"https:\/\/www.unigirona.cat\/es\/wp-json\/wp\/v2\/media?parent=43070"}],"wp:term":[{"taxonomy":"category","embeddable":true,"href":"https:\/\/www.unigirona.cat\/es\/wp-json\/wp\/v2\/categories?post=43070"},{"taxonomy":"post_tag","embeddable":true,"href":"https:\/\/www.unigirona.cat\/es\/wp-json\/wp\/v2\/tags?post=43070"}],"curies":[{"name":"wp","href":"https:\/\/api.w.org\/{rel}","templated":true}]}}