{"id":43227,"date":"2025-02-26T14:58:10","date_gmt":"2025-02-26T13:58:10","guid":{"rendered":"https:\/\/www.unigirona.cat\/?p=43227"},"modified":"2025-02-27T19:52:27","modified_gmt":"2025-02-27T18:52:27","slug":"previa-ldlc-asvel-feminin-vs-spar-girona","status":"publish","type":"post","link":"https:\/\/www.unigirona.cat\/es\/previa-ldlc-asvel-feminin-vs-spar-girona\/","title":{"rendered":"PR\u00c8VIA: LDLC ASVEL FEMININ VS SPAR GIRONA"},"content":{"rendered":"<p>L\u2019Spar Girona afronta aquest dijous un duel clau a Li\u00f3 en la tornada dels quarts de final de l\u2019EuroCup (20:00 h). L\u2019equip de Roberto \u00cd\u00f1iguez viatja amb un avantatge de cinc punts (77-72), aconseguit la setmana passada a Fontajau, per\u00f2 l\u2019entrenador t\u00e9 clar que res est\u00e0 decidit: \u201cLa idea \u00e9s anar a guanyar el partit. Hi ha aspectes que hem de repetir, sobretot de la primera meitat, i d\u2019altres que cal corregir perqu\u00e8 en la segona vam perdre una mica el control\u201d.<\/p><p>La solidesa defensiva ser\u00e0 un factor determinant, especialment contra un Li\u00f3 que es fa fort a casa. \u201c\u00c9s un equip molt perill\u00f3s a camp obert i ho hem de controlar. Primer, evitar cistelles f\u00e0cils, i despr\u00e9s ja veurem com evoluciona el partit\u201d, explica \u00cd\u00f1iguez. <\/p><p>L\u2019Uni haur\u00e0 de treballar de valent per frenar el talent franc\u00e8s, amb jugadores determinants com Dominique Malonga, que va signar 23 punts i 10 rebots a Fontajau, Jocyte, que va anotar 21 punts amb 4 triples, o la base explosiva Harris, capa\u00e7 de marcar el ritme del partit.<\/p><p>Despr\u00e9s de la seva abs\u00e8ncia a Salamanca per sanci\u00f3, l\u2019entrenador giron\u00ed torna a la banqueta, per\u00f2 minimitza aquest fet: \u201cEl treball \u00e9s de tot l\u2019equip i del staff, no nom\u00e9s meu. Hem preparat el partit junts i aix\u00f2 \u00e9s el m\u00e9s important\u201d.<\/p><p>Amb el repte de classificar-se per a les semifinals, el conjunt giron\u00ed afronta el partit amb ambici\u00f3 i determinaci\u00f3: \u201cAquesta competici\u00f3 ens fa molta il\u00b7lusi\u00f3, volem arribar el m\u00e9s lluny possible i sabem que ser\u00e0 dif\u00edcil, per\u00f2 hi anem amb un pla clar i el comprom\u00eds de sempre\u201d, conclou \u00cd\u00f1iguez.<\/p>","protected":false},"excerpt":{"rendered":"<p>L\u2019Spar Girona afronta aquest dijous un duel clau a Li\u00f3 en la tornada dels quarts de final de l\u2019EuroCup (20:00 h). L\u2019equip de Roberto \u00cd\u00f1iguez viatja amb un avantatge de cinc punts (77-72), aconseguit la setmana passada a Fontajau, per\u00f2 l\u2019entrenador t\u00e9 clar que res est\u00e0 decidit: \u201cLa idea \u00e9s anar a guanyar el partit. [&hellip;]<\/p>\n","protected":false},"author":2,"featured_media":43228,"comment_status":"open","ping_status":"open","sticky":false,"template":"","format":"standard","meta":{"footnotes":""},"categories":[397],"tags":[],"class_list":["post-43227","post","type-post","status-publish","format-standard","has-post-thumbnail","hentry","category-eruocup-women"],"yoast_head":"<!-- This site is optimized with the Yoast SEO plugin v25.1 - https:\/\/yoast.com\/wordpress\/plugins\/seo\/ -->\n<title>PR\u00c8VIA: LDLC ASVEL FEMININ VS SPAR GIRONA - UNI B\u00e0squet Girona<\/title>\n<meta name=\"robots\" content=\"index, follow, max-snippet:-1, max-image-preview:large, max-video-preview:-1\" \/>\n<link rel=\"canonical\" href=\"https:\/\/www.unigirona.cat\/previa-ldlc-asvel-feminin-vs-spar-girona\/\" \/>\n<meta property=\"og:locale\" content=\"es_ES\" \/>\n<meta property=\"og:type\" content=\"article\" \/>\n<meta property=\"og:title\" content=\"PR\u00c8VIA: LDLC ASVEL FEMININ VS SPAR GIRONA - UNI B\u00e0squet Girona\" \/>\n<meta property=\"og:description\" content=\"L\u2019Spar Girona afronta aquest dijous un duel clau a Li\u00f3 en la tornada dels quarts de final de l\u2019EuroCup (20:00 h). L\u2019equip de Roberto \u00cd\u00f1iguez viatja amb un avantatge de cinc punts (77-72), aconseguit la setmana passada a Fontajau, per\u00f2 l\u2019entrenador t\u00e9 clar que res est\u00e0 decidit: \u201cLa idea \u00e9s anar a guanyar el partit. [&hellip;]\" \/>\n<meta property=\"og:url\" content=\"https:\/\/www.unigirona.cat\/previa-ldlc-asvel-feminin-vs-spar-girona\/\" \/>\n<meta property=\"og:site_name\" content=\"UNI B\u00e0squet Girona\" \/>\n<meta property=\"article:published_time\" content=\"2025-02-26T13:58:10+00:00\" \/>\n<meta property=\"article:modified_time\" content=\"2025-02-27T18:52:27+00:00\" \/>\n<meta property=\"og:image\" content=\"http:\/\/www.unigirona.cat\/wp-content\/uploads\/2025\/02\/portada-previa-asvel-tornada.jpg\" \/>\n\t<meta property=\"og:image:width\" content=\"1920\" \/>\n\t<meta property=\"og:image:height\" content=\"1080\" \/>\n\t<meta property=\"og:image:type\" content=\"image\/jpeg\" \/>\n<meta name=\"author\" content=\"premsa\" \/>\n<meta name=\"twitter:card\" content=\"summary_large_image\" \/>\n<meta name=\"twitter:label1\" content=\"Escrito por\" \/>\n\t<meta name=\"twitter:data1\" content=\"premsa\" \/>\n\t<meta name=\"twitter:label2\" content=\"Tiempo de lectura\" \/>\n\t<meta name=\"twitter:data2\" content=\"2 minutos\" \/>\n<script type=\"application\/ld+json\" class=\"yoast-schema-graph\">{\"@context\":\"https:\/\/schema.org\",\"@graph\":[{\"@type\":\"WebPage\",\"@id\":\"https:\/\/www.unigirona.cat\/previa-ldlc-asvel-feminin-vs-spar-girona\/\",\"url\":\"https:\/\/www.unigirona.cat\/previa-ldlc-asvel-feminin-vs-spar-girona\/\",\"name\":\"PR\u00c8VIA: LDLC ASVEL FEMININ VS SPAR GIRONA - UNI B\u00e0squet Girona\",\"isPartOf\":{\"@id\":\"https:\/\/www.unigirona.cat\/#website\"},\"primaryImageOfPage\":{\"@id\":\"https:\/\/www.unigirona.cat\/previa-ldlc-asvel-feminin-vs-spar-girona\/#primaryimage\"},\"image\":{\"@id\":\"https:\/\/www.unigirona.cat\/previa-ldlc-asvel-feminin-vs-spar-girona\/#primaryimage\"},\"thumbnailUrl\":\"https:\/\/www.unigirona.cat\/wp-content\/uploads\/2025\/02\/portada-previa-asvel-tornada.jpg\",\"datePublished\":\"2025-02-26T13:58:10+00:00\",\"dateModified\":\"2025-02-27T18:52:27+00:00\",\"author\":{\"@id\":\"https:\/\/www.unigirona.cat\/#\/schema\/person\/475ba176dc25b40920d6ebae4b40d2fb\"},\"breadcrumb\":{\"@id\":\"https:\/\/www.unigirona.cat\/previa-ldlc-asvel-feminin-vs-spar-girona\/#breadcrumb\"},\"inLanguage\":\"es\",\"potentialAction\":[{\"@type\":\"ReadAction\",\"target\":[\"https:\/\/www.unigirona.cat\/previa-ldlc-asvel-feminin-vs-spar-girona\/\"]}]},{\"@type\":\"ImageObject\",\"inLanguage\":\"es\",\"@id\":\"https:\/\/www.unigirona.cat\/previa-ldlc-asvel-feminin-vs-spar-girona\/#primaryimage\",\"url\":\"https:\/\/www.unigirona.cat\/wp-content\/uploads\/2025\/02\/portada-previa-asvel-tornada.jpg\",\"contentUrl\":\"https:\/\/www.unigirona.cat\/wp-content\/uploads\/2025\/02\/portada-previa-asvel-tornada.jpg\",\"width\":1920,\"height\":1080},{\"@type\":\"BreadcrumbList\",\"@id\":\"https:\/\/www.unigirona.cat\/previa-ldlc-asvel-feminin-vs-spar-girona\/#breadcrumb\",\"itemListElement\":[{\"@type\":\"ListItem\",\"position\":1,\"name\":\"Portada\",\"item\":\"https:\/\/www.unigirona.cat\/\"},{\"@type\":\"ListItem\",\"position\":2,\"name\":\"PR\u00c8VIA: LDLC ASVEL FEMININ VS SPAR GIRONA\"}]},{\"@type\":\"WebSite\",\"@id\":\"https:\/\/www.unigirona.cat\/#website\",\"url\":\"https:\/\/www.unigirona.cat\/\",\"name\":\"Spar Girona\",\"description\":\"\",\"potentialAction\":[{\"@type\":\"SearchAction\",\"target\":{\"@type\":\"EntryPoint\",\"urlTemplate\":\"https:\/\/www.unigirona.cat\/?s={search_term_string}\"},\"query-input\":{\"@type\":\"PropertyValueSpecification\",\"valueRequired\":true,\"valueName\":\"search_term_string\"}}],\"inLanguage\":\"es\"},{\"@type\":\"Person\",\"@id\":\"https:\/\/www.unigirona.cat\/#\/schema\/person\/475ba176dc25b40920d6ebae4b40d2fb\",\"name\":\"premsa\",\"image\":{\"@type\":\"ImageObject\",\"inLanguage\":\"es\",\"@id\":\"https:\/\/www.unigirona.cat\/#\/schema\/person\/image\/\",\"url\":\"https:\/\/secure.gravatar.com\/avatar\/aaa70a46dde13fc461ebe5bc96d2c4be?s=96&d=mm&r=g\",\"contentUrl\":\"https:\/\/secure.gravatar.com\/avatar\/aaa70a46dde13fc461ebe5bc96d2c4be?s=96&d=mm&r=g\",\"caption\":\"premsa\"},\"url\":\"https:\/\/www.unigirona.cat\/es\/author\/premsa\/\"}]}<\/script>\n<!-- \/ Yoast SEO plugin. -->","yoast_head_json":{"title":"PR\u00c8VIA: LDLC ASVEL FEMININ VS SPAR GIRONA - UNI B\u00e0squet Girona","robots":{"index":"index","follow":"follow","max-snippet":"max-snippet:-1","max-image-preview":"max-image-preview:large","max-video-preview":"max-video-preview:-1"},"canonical":"https:\/\/www.unigirona.cat\/previa-ldlc-asvel-feminin-vs-spar-girona\/","og_locale":"es_ES","og_type":"article","og_title":"PR\u00c8VIA: LDLC ASVEL FEMININ VS SPAR GIRONA - UNI B\u00e0squet Girona","og_description":"L\u2019Spar Girona afronta aquest dijous un duel clau a Li\u00f3 en la tornada dels quarts de final de l\u2019EuroCup (20:00 h). L\u2019equip de Roberto \u00cd\u00f1iguez viatja amb un avantatge de cinc punts (77-72), aconseguit la setmana passada a Fontajau, per\u00f2 l\u2019entrenador t\u00e9 clar que res est\u00e0 decidit: \u201cLa idea \u00e9s anar a guanyar el partit. [&hellip;]","og_url":"https:\/\/www.unigirona.cat\/previa-ldlc-asvel-feminin-vs-spar-girona\/","og_site_name":"UNI B\u00e0squet Girona","article_published_time":"2025-02-26T13:58:10+00:00","article_modified_time":"2025-02-27T18:52:27+00:00","og_image":[{"width":1920,"height":1080,"url":"http:\/\/www.unigirona.cat\/wp-content\/uploads\/2025\/02\/portada-previa-asvel-tornada.jpg","type":"image\/jpeg"}],"author":"premsa","twitter_card":"summary_large_image","twitter_misc":{"Escrito por":"premsa","Tiempo de lectura":"2 minutos"},"schema":{"@context":"https:\/\/schema.org","@graph":[{"@type":"WebPage","@id":"https:\/\/www.unigirona.cat\/previa-ldlc-asvel-feminin-vs-spar-girona\/","url":"https:\/\/www.unigirona.cat\/previa-ldlc-asvel-feminin-vs-spar-girona\/","name":"PR\u00c8VIA: LDLC ASVEL FEMININ VS SPAR GIRONA - UNI B\u00e0squet Girona","isPartOf":{"@id":"https:\/\/www.unigirona.cat\/#website"},"primaryImageOfPage":{"@id":"https:\/\/www.unigirona.cat\/previa-ldlc-asvel-feminin-vs-spar-girona\/#primaryimage"},"image":{"@id":"https:\/\/www.unigirona.cat\/previa-ldlc-asvel-feminin-vs-spar-girona\/#primaryimage"},"thumbnailUrl":"https:\/\/www.unigirona.cat\/wp-content\/uploads\/2025\/02\/portada-previa-asvel-tornada.jpg","datePublished":"2025-02-26T13:58:10+00:00","dateModified":"2025-02-27T18:52:27+00:00","author":{"@id":"https:\/\/www.unigirona.cat\/#\/schema\/person\/475ba176dc25b40920d6ebae4b40d2fb"},"breadcrumb":{"@id":"https:\/\/www.unigirona.cat\/previa-ldlc-asvel-feminin-vs-spar-girona\/#breadcrumb"},"inLanguage":"es","potentialAction":[{"@type":"ReadAction","target":["https:\/\/www.unigirona.cat\/previa-ldlc-asvel-feminin-vs-spar-girona\/"]}]},{"@type":"ImageObject","inLanguage":"es","@id":"https:\/\/www.unigirona.cat\/previa-ldlc-asvel-feminin-vs-spar-girona\/#primaryimage","url":"https:\/\/www.unigirona.cat\/wp-content\/uploads\/2025\/02\/portada-previa-asvel-tornada.jpg","contentUrl":"https:\/\/www.unigirona.cat\/wp-content\/uploads\/2025\/02\/portada-previa-asvel-tornada.jpg","width":1920,"height":1080},{"@type":"BreadcrumbList","@id":"https:\/\/www.unigirona.cat\/previa-ldlc-asvel-feminin-vs-spar-girona\/#breadcrumb","itemListElement":[{"@type":"ListItem","position":1,"name":"Portada","item":"https:\/\/www.unigirona.cat\/"},{"@type":"ListItem","position":2,"name":"PR\u00c8VIA: LDLC ASVEL FEMININ VS SPAR GIRONA"}]},{"@type":"WebSite","@id":"https:\/\/www.unigirona.cat\/#website","url":"https:\/\/www.unigirona.cat\/","name":"Spar Girona","description":"","potentialAction":[{"@type":"SearchAction","target":{"@type":"EntryPoint","urlTemplate":"https:\/\/www.unigirona.cat\/?s={search_term_string}"},"query-input":{"@type":"PropertyValueSpecification","valueRequired":true,"valueName":"search_term_string"}}],"inLanguage":"es"},{"@type":"Person","@id":"https:\/\/www.unigirona.cat\/#\/schema\/person\/475ba176dc25b40920d6ebae4b40d2fb","name":"premsa","image":{"@type":"ImageObject","inLanguage":"es","@id":"https:\/\/www.unigirona.cat\/#\/schema\/person\/image\/","url":"https:\/\/secure.gravatar.com\/avatar\/aaa70a46dde13fc461ebe5bc96d2c4be?s=96&d=mm&r=g","contentUrl":"https:\/\/secure.gravatar.com\/avatar\/aaa70a46dde13fc461ebe5bc96d2c4be?s=96&d=mm&r=g","caption":"premsa"},"url":"https:\/\/www.unigirona.cat\/es\/author\/premsa\/"}]}},"_links":{"self":[{"href":"https:\/\/www.unigirona.cat\/es\/wp-json\/wp\/v2\/posts\/43227"}],"collection":[{"href":"https:\/\/www.unigirona.cat\/es\/wp-json\/wp\/v2\/posts"}],"about":[{"href":"https:\/\/www.unigirona.cat\/es\/wp-json\/wp\/v2\/types\/post"}],"author":[{"embeddable":true,"href":"https:\/\/www.unigirona.cat\/es\/wp-json\/wp\/v2\/users\/2"}],"replies":[{"embeddable":true,"href":"https:\/\/www.unigirona.cat\/es\/wp-json\/wp\/v2\/comments?post=43227"}],"version-history":[{"count":1,"href":"https:\/\/www.unigirona.cat\/es\/wp-json\/wp\/v2\/posts\/43227\/revisions"}],"predecessor-version":[{"id":43231,"href":"https:\/\/www.unigirona.cat\/es\/wp-json\/wp\/v2\/posts\/43227\/revisions\/43231"}],"wp:featuredmedia":[{"embeddable":true,"href":"https:\/\/www.unigirona.cat\/es\/wp-json\/wp\/v2\/media\/43228"}],"wp:attachment":[{"href":"https:\/\/www.unigirona.cat\/es\/wp-json\/wp\/v2\/media?parent=43227"}],"wp:term":[{"taxonomy":"category","embeddable":true,"href":"https:\/\/www.unigirona.cat\/es\/wp-json\/wp\/v2\/categories?post=43227"},{"taxonomy":"post_tag","embeddable":true,"href":"https:\/\/www.unigirona.cat\/es\/wp-json\/wp\/v2\/tags?post=43227"}],"curies":[{"name":"wp","href":"https:\/\/api.w.org\/{rel}","templated":true}]}}