{"id":43343,"date":"2025-03-13T09:55:03","date_gmt":"2025-03-13T08:55:03","guid":{"rendered":"https:\/\/www.unigirona.cat\/?p=43343"},"modified":"2025-03-14T13:19:44","modified_gmt":"2025-03-14T12:19:44","slug":"biopacer-firma-un-nuevo-acuerdo-de-patrocinio-con-el-spar-girona","status":"publish","type":"post","link":"https:\/\/www.unigirona.cat\/es\/biopacer-firma-un-nuevo-acuerdo-de-patrocinio-con-el-spar-girona\/","title":{"rendered":"Biopacer firma un nuevo acuerdo de patrocinio con el Spar Girona"},"content":{"rendered":"<p>opacer ha llegado a un acuerdo de patrocinio con el Spar Girona, reafirmando su compromiso con la salud, la alimentaci\u00f3n ecol\u00f3gica y el deporte de \u00e9lite. El acuerdo se ha formalizado en el Pavell\u00f3n Municipal Girona-Fontajau en un acto que ha contado con la presencia de las jugadoras del Uni Girona y de los representantes de Biopacer.<\/p><p>En nombre de Ecobasics, sus gerentes Gerard Pruneda, Jaume Santanera y Enric P\u00e9rez han expresado su satisfacci\u00f3n por esta colaboraci\u00f3n: \u00abPara nosotros, este patrocinio representa mucho m\u00e1s que un acuerdo comercial; es una apuesta por el talento, la vida saludable y los valores del deporte. Compartimos con el Spar Girona el compromiso con la excelencia y el bienestar, y estamos encantados de contribuir a su \u00e9xito.\u00bb<\/p><p>El Spar Girona ha querido agradecer el apoyo de Biopacer, destacando la importancia de contar con una empresa alineada con la salud y el rendimiento deportivo.<\/p><p><strong>Sobre Biopacer (Plant Based Protein)<\/strong><\/p><p>Biopacer es una marca especializada en nutrici\u00f3n funcional basada en prote\u00ednas vegetales. Con un enfoque en la calidad, el sabor y la sostenibilidad, su misi\u00f3n es ofrecer alternativas saludables que se adapten a un estilo de vida activo y consciente.<\/p><p>\u00abCada vez m\u00e1s consumidores optan por opciones plant-based, y con Biopacer queremos ofrecer una soluci\u00f3n nutritiva, funcional y deliciosa\u00bb, afirman desde el equipo de Biopacer.<\/p><p>Con esta apuesta por la innovaci\u00f3n y la calidad, Biopacer se posiciona como una marca de referencia en el segmento de la nutrici\u00f3n vegetal. Sus productos ya est\u00e1n disponibles para incorporaci\u00f3n en cat\u00e1logos de distribuci\u00f3n y puntos de venta especializados.<\/p>","protected":false},"excerpt":{"rendered":"<p>opacer ha llegado a un acuerdo de patrocinio con el Spar Girona, reafirmando su compromiso con la salud, la alimentaci\u00f3n ecol\u00f3gica y el deporte de \u00e9lite. El acuerdo se ha formalizado en el Pavell\u00f3n Municipal Girona-Fontajau en un acto que ha contado con la presencia de las jugadoras del Uni Girona y de los representantes [&hellip;]<\/p>\n","protected":false},"author":2,"featured_media":43323,"comment_status":"open","ping_status":"open","sticky":false,"template":"","format":"standard","meta":{"footnotes":""},"categories":[858],"tags":[],"class_list":["post-43343","post","type-post","status-publish","format-standard","has-post-thumbnail","hentry","category-lf-endesa-es"],"yoast_head":"<!-- This site is optimized with the Yoast SEO plugin v25.1 - https:\/\/yoast.com\/wordpress\/plugins\/seo\/ -->\n<title>Biopacer firma un nuevo acuerdo de patrocinio con el Spar Girona - UNI B\u00e0squet Girona<\/title>\n<meta name=\"robots\" content=\"index, follow, max-snippet:-1, max-image-preview:large, max-video-preview:-1\" \/>\n<link rel=\"canonical\" href=\"https:\/\/www.unigirona.cat\/es\/biopacer-firma-un-nuevo-acuerdo-de-patrocinio-con-el-spar-girona\/\" \/>\n<meta property=\"og:locale\" content=\"es_ES\" \/>\n<meta property=\"og:type\" content=\"article\" \/>\n<meta property=\"og:title\" content=\"Biopacer firma un nuevo acuerdo de patrocinio con el Spar Girona - UNI B\u00e0squet Girona\" \/>\n<meta property=\"og:description\" content=\"opacer ha llegado a un acuerdo de patrocinio con el Spar Girona, reafirmando su compromiso con la salud, la alimentaci\u00f3n ecol\u00f3gica y el deporte de \u00e9lite. El acuerdo se ha formalizado en el Pavell\u00f3n Municipal Girona-Fontajau en un acto que ha contado con la presencia de las jugadoras del Uni Girona y de los representantes [&hellip;]\" \/>\n<meta property=\"og:url\" content=\"https:\/\/www.unigirona.cat\/es\/biopacer-firma-un-nuevo-acuerdo-de-patrocinio-con-el-spar-girona\/\" \/>\n<meta property=\"og:site_name\" content=\"UNI B\u00e0squet Girona\" \/>\n<meta property=\"article:published_time\" content=\"2025-03-13T08:55:03+00:00\" \/>\n<meta property=\"article:modified_time\" content=\"2025-03-14T12:19:44+00:00\" \/>\n<meta property=\"og:image\" content=\"http:\/\/www.unigirona.cat\/wp-content\/uploads\/2025\/03\/BIOPACER-5-1024x683.jpg\" \/>\n\t<meta property=\"og:image:width\" content=\"1024\" \/>\n\t<meta property=\"og:image:height\" content=\"683\" \/>\n\t<meta property=\"og:image:type\" content=\"image\/jpeg\" \/>\n<meta name=\"author\" content=\"premsa\" \/>\n<meta name=\"twitter:card\" content=\"summary_large_image\" \/>\n<meta name=\"twitter:label1\" content=\"Escrito por\" \/>\n\t<meta name=\"twitter:data1\" content=\"premsa\" \/>\n\t<meta name=\"twitter:label2\" content=\"Tiempo de lectura\" \/>\n\t<meta name=\"twitter:data2\" content=\"2 minutos\" \/>\n<script type=\"application\/ld+json\" class=\"yoast-schema-graph\">{\"@context\":\"https:\/\/schema.org\",\"@graph\":[{\"@type\":\"WebPage\",\"@id\":\"https:\/\/www.unigirona.cat\/es\/biopacer-firma-un-nuevo-acuerdo-de-patrocinio-con-el-spar-girona\/\",\"url\":\"https:\/\/www.unigirona.cat\/es\/biopacer-firma-un-nuevo-acuerdo-de-patrocinio-con-el-spar-girona\/\",\"name\":\"Biopacer firma un nuevo acuerdo de patrocinio con el Spar Girona - UNI B\u00e0squet Girona\",\"isPartOf\":{\"@id\":\"https:\/\/www.unigirona.cat\/#website\"},\"primaryImageOfPage\":{\"@id\":\"https:\/\/www.unigirona.cat\/es\/biopacer-firma-un-nuevo-acuerdo-de-patrocinio-con-el-spar-girona\/#primaryimage\"},\"image\":{\"@id\":\"https:\/\/www.unigirona.cat\/es\/biopacer-firma-un-nuevo-acuerdo-de-patrocinio-con-el-spar-girona\/#primaryimage\"},\"thumbnailUrl\":\"https:\/\/www.unigirona.cat\/wp-content\/uploads\/2025\/03\/BIOPACER-5.jpg\",\"datePublished\":\"2025-03-13T08:55:03+00:00\",\"dateModified\":\"2025-03-14T12:19:44+00:00\",\"author\":{\"@id\":\"https:\/\/www.unigirona.cat\/#\/schema\/person\/475ba176dc25b40920d6ebae4b40d2fb\"},\"breadcrumb\":{\"@id\":\"https:\/\/www.unigirona.cat\/es\/biopacer-firma-un-nuevo-acuerdo-de-patrocinio-con-el-spar-girona\/#breadcrumb\"},\"inLanguage\":\"es\",\"potentialAction\":[{\"@type\":\"ReadAction\",\"target\":[\"https:\/\/www.unigirona.cat\/es\/biopacer-firma-un-nuevo-acuerdo-de-patrocinio-con-el-spar-girona\/\"]}]},{\"@type\":\"ImageObject\",\"inLanguage\":\"es\",\"@id\":\"https:\/\/www.unigirona.cat\/es\/biopacer-firma-un-nuevo-acuerdo-de-patrocinio-con-el-spar-girona\/#primaryimage\",\"url\":\"https:\/\/www.unigirona.cat\/wp-content\/uploads\/2025\/03\/BIOPACER-5.jpg\",\"contentUrl\":\"https:\/\/www.unigirona.cat\/wp-content\/uploads\/2025\/03\/BIOPACER-5.jpg\",\"width\":5012,\"height\":3341},{\"@type\":\"BreadcrumbList\",\"@id\":\"https:\/\/www.unigirona.cat\/es\/biopacer-firma-un-nuevo-acuerdo-de-patrocinio-con-el-spar-girona\/#breadcrumb\",\"itemListElement\":[{\"@type\":\"ListItem\",\"position\":1,\"name\":\"Portada\",\"item\":\"https:\/\/www.unigirona.cat\/\"},{\"@type\":\"ListItem\",\"position\":2,\"name\":\"Biopacer firma un nuevo acuerdo de patrocinio con el Spar Girona\"}]},{\"@type\":\"WebSite\",\"@id\":\"https:\/\/www.unigirona.cat\/#website\",\"url\":\"https:\/\/www.unigirona.cat\/\",\"name\":\"Spar Girona\",\"description\":\"\",\"potentialAction\":[{\"@type\":\"SearchAction\",\"target\":{\"@type\":\"EntryPoint\",\"urlTemplate\":\"https:\/\/www.unigirona.cat\/?s={search_term_string}\"},\"query-input\":{\"@type\":\"PropertyValueSpecification\",\"valueRequired\":true,\"valueName\":\"search_term_string\"}}],\"inLanguage\":\"es\"},{\"@type\":\"Person\",\"@id\":\"https:\/\/www.unigirona.cat\/#\/schema\/person\/475ba176dc25b40920d6ebae4b40d2fb\",\"name\":\"premsa\",\"image\":{\"@type\":\"ImageObject\",\"inLanguage\":\"es\",\"@id\":\"https:\/\/www.unigirona.cat\/#\/schema\/person\/image\/\",\"url\":\"https:\/\/secure.gravatar.com\/avatar\/aaa70a46dde13fc461ebe5bc96d2c4be?s=96&d=mm&r=g\",\"contentUrl\":\"https:\/\/secure.gravatar.com\/avatar\/aaa70a46dde13fc461ebe5bc96d2c4be?s=96&d=mm&r=g\",\"caption\":\"premsa\"},\"url\":\"https:\/\/www.unigirona.cat\/es\/author\/premsa\/\"}]}<\/script>\n<!-- \/ Yoast SEO plugin. -->","yoast_head_json":{"title":"Biopacer firma un nuevo acuerdo de patrocinio con el Spar Girona - UNI B\u00e0squet Girona","robots":{"index":"index","follow":"follow","max-snippet":"max-snippet:-1","max-image-preview":"max-image-preview:large","max-video-preview":"max-video-preview:-1"},"canonical":"https:\/\/www.unigirona.cat\/es\/biopacer-firma-un-nuevo-acuerdo-de-patrocinio-con-el-spar-girona\/","og_locale":"es_ES","og_type":"article","og_title":"Biopacer firma un nuevo acuerdo de patrocinio con el Spar Girona - UNI B\u00e0squet Girona","og_description":"opacer ha llegado a un acuerdo de patrocinio con el Spar Girona, reafirmando su compromiso con la salud, la alimentaci\u00f3n ecol\u00f3gica y el deporte de \u00e9lite. El acuerdo se ha formalizado en el Pavell\u00f3n Municipal Girona-Fontajau en un acto que ha contado con la presencia de las jugadoras del Uni Girona y de los representantes [&hellip;]","og_url":"https:\/\/www.unigirona.cat\/es\/biopacer-firma-un-nuevo-acuerdo-de-patrocinio-con-el-spar-girona\/","og_site_name":"UNI B\u00e0squet Girona","article_published_time":"2025-03-13T08:55:03+00:00","article_modified_time":"2025-03-14T12:19:44+00:00","og_image":[{"width":1024,"height":683,"url":"http:\/\/www.unigirona.cat\/wp-content\/uploads\/2025\/03\/BIOPACER-5-1024x683.jpg","type":"image\/jpeg"}],"author":"premsa","twitter_card":"summary_large_image","twitter_misc":{"Escrito por":"premsa","Tiempo de lectura":"2 minutos"},"schema":{"@context":"https:\/\/schema.org","@graph":[{"@type":"WebPage","@id":"https:\/\/www.unigirona.cat\/es\/biopacer-firma-un-nuevo-acuerdo-de-patrocinio-con-el-spar-girona\/","url":"https:\/\/www.unigirona.cat\/es\/biopacer-firma-un-nuevo-acuerdo-de-patrocinio-con-el-spar-girona\/","name":"Biopacer firma un nuevo acuerdo de patrocinio con el Spar Girona - UNI B\u00e0squet Girona","isPartOf":{"@id":"https:\/\/www.unigirona.cat\/#website"},"primaryImageOfPage":{"@id":"https:\/\/www.unigirona.cat\/es\/biopacer-firma-un-nuevo-acuerdo-de-patrocinio-con-el-spar-girona\/#primaryimage"},"image":{"@id":"https:\/\/www.unigirona.cat\/es\/biopacer-firma-un-nuevo-acuerdo-de-patrocinio-con-el-spar-girona\/#primaryimage"},"thumbnailUrl":"https:\/\/www.unigirona.cat\/wp-content\/uploads\/2025\/03\/BIOPACER-5.jpg","datePublished":"2025-03-13T08:55:03+00:00","dateModified":"2025-03-14T12:19:44+00:00","author":{"@id":"https:\/\/www.unigirona.cat\/#\/schema\/person\/475ba176dc25b40920d6ebae4b40d2fb"},"breadcrumb":{"@id":"https:\/\/www.unigirona.cat\/es\/biopacer-firma-un-nuevo-acuerdo-de-patrocinio-con-el-spar-girona\/#breadcrumb"},"inLanguage":"es","potentialAction":[{"@type":"ReadAction","target":["https:\/\/www.unigirona.cat\/es\/biopacer-firma-un-nuevo-acuerdo-de-patrocinio-con-el-spar-girona\/"]}]},{"@type":"ImageObject","inLanguage":"es","@id":"https:\/\/www.unigirona.cat\/es\/biopacer-firma-un-nuevo-acuerdo-de-patrocinio-con-el-spar-girona\/#primaryimage","url":"https:\/\/www.unigirona.cat\/wp-content\/uploads\/2025\/03\/BIOPACER-5.jpg","contentUrl":"https:\/\/www.unigirona.cat\/wp-content\/uploads\/2025\/03\/BIOPACER-5.jpg","width":5012,"height":3341},{"@type":"BreadcrumbList","@id":"https:\/\/www.unigirona.cat\/es\/biopacer-firma-un-nuevo-acuerdo-de-patrocinio-con-el-spar-girona\/#breadcrumb","itemListElement":[{"@type":"ListItem","position":1,"name":"Portada","item":"https:\/\/www.unigirona.cat\/"},{"@type":"ListItem","position":2,"name":"Biopacer firma un nuevo acuerdo de patrocinio con el Spar Girona"}]},{"@type":"WebSite","@id":"https:\/\/www.unigirona.cat\/#website","url":"https:\/\/www.unigirona.cat\/","name":"Spar Girona","description":"","potentialAction":[{"@type":"SearchAction","target":{"@type":"EntryPoint","urlTemplate":"https:\/\/www.unigirona.cat\/?s={search_term_string}"},"query-input":{"@type":"PropertyValueSpecification","valueRequired":true,"valueName":"search_term_string"}}],"inLanguage":"es"},{"@type":"Person","@id":"https:\/\/www.unigirona.cat\/#\/schema\/person\/475ba176dc25b40920d6ebae4b40d2fb","name":"premsa","image":{"@type":"ImageObject","inLanguage":"es","@id":"https:\/\/www.unigirona.cat\/#\/schema\/person\/image\/","url":"https:\/\/secure.gravatar.com\/avatar\/aaa70a46dde13fc461ebe5bc96d2c4be?s=96&d=mm&r=g","contentUrl":"https:\/\/secure.gravatar.com\/avatar\/aaa70a46dde13fc461ebe5bc96d2c4be?s=96&d=mm&r=g","caption":"premsa"},"url":"https:\/\/www.unigirona.cat\/es\/author\/premsa\/"}]}},"_links":{"self":[{"href":"https:\/\/www.unigirona.cat\/es\/wp-json\/wp\/v2\/posts\/43343"}],"collection":[{"href":"https:\/\/www.unigirona.cat\/es\/wp-json\/wp\/v2\/posts"}],"about":[{"href":"https:\/\/www.unigirona.cat\/es\/wp-json\/wp\/v2\/types\/post"}],"author":[{"embeddable":true,"href":"https:\/\/www.unigirona.cat\/es\/wp-json\/wp\/v2\/users\/2"}],"replies":[{"embeddable":true,"href":"https:\/\/www.unigirona.cat\/es\/wp-json\/wp\/v2\/comments?post=43343"}],"version-history":[{"count":1,"href":"https:\/\/www.unigirona.cat\/es\/wp-json\/wp\/v2\/posts\/43343\/revisions"}],"predecessor-version":[{"id":43344,"href":"https:\/\/www.unigirona.cat\/es\/wp-json\/wp\/v2\/posts\/43343\/revisions\/43344"}],"wp:featuredmedia":[{"embeddable":true,"href":"https:\/\/www.unigirona.cat\/es\/wp-json\/wp\/v2\/media\/43323"}],"wp:attachment":[{"href":"https:\/\/www.unigirona.cat\/es\/wp-json\/wp\/v2\/media?parent=43343"}],"wp:term":[{"taxonomy":"category","embeddable":true,"href":"https:\/\/www.unigirona.cat\/es\/wp-json\/wp\/v2\/categories?post=43343"},{"taxonomy":"post_tag","embeddable":true,"href":"https:\/\/www.unigirona.cat\/es\/wp-json\/wp\/v2\/tags?post=43343"}],"curies":[{"name":"wp","href":"https:\/\/api.w.org\/{rel}","templated":true}]}}