{"id":43601,"date":"2025-04-07T13:24:15","date_gmt":"2025-04-07T11:24:15","guid":{"rendered":"https:\/\/www.unigirona.cat\/?p=43601"},"modified":"2025-04-07T13:26:45","modified_gmt":"2025-04-07T11:26:45","slug":"chloe-bibby-mvp-de-la-jornada-28","status":"publish","type":"post","link":"https:\/\/www.unigirona.cat\/es\/chloe-bibby-mvp-de-la-jornada-28\/","title":{"rendered":"Chloe Bibby, MVP de la Jornada 28"},"content":{"rendered":"<p>El Spar Girona sigue en un gran momento de forma, y las actuaciones individuales de Chloe Bibby y Klara Lundquist han sido el mejor reflejo de ello. La jornada 28 nos deja dos grandes noticias: Chloe Bibby ha sido elegida MVP de la jornada y Klara Lundquist ha sido incluida en el quinteto ideal de la LF Endesa.<\/p><p>La jugadora australiana lider\u00f3 al equipo en la pista del Kutxabank Araski con una exhibici\u00f3n imparable: 31 puntos, 5 triples y 32 de valoraci\u00f3n. Una actuaci\u00f3n decisiva para sumar una nueva victoria (86-95) y acercarnos a\u00fan m\u00e1s al liderato definitivo de la liga regular.<\/p><p>Con este reconocimiento, Bibby consigue su primer MVP en solitario de la temporada, despu\u00e9s de haberlo compartido en la jornada 14. Su aportaci\u00f3n ha sido clave durante todo el a\u00f1o, convirti\u00e9ndose en un pilar indiscutible dentro del equipo.<\/p>","protected":false},"excerpt":{"rendered":"<p>El Spar Girona sigue en un gran momento de forma, y las actuaciones individuales de Chloe Bibby y Klara Lundquist han sido el mejor reflejo de ello. La jornada 28 nos deja dos grandes noticias: Chloe Bibby ha sido elegida MVP de la jornada y Klara Lundquist ha sido incluida en el quinteto ideal de [&hellip;]<\/p>\n","protected":false},"author":2,"featured_media":43597,"comment_status":"open","ping_status":"open","sticky":false,"template":"","format":"standard","meta":{"footnotes":""},"categories":[858],"tags":[],"class_list":["post-43601","post","type-post","status-publish","format-standard","has-post-thumbnail","hentry","category-lf-endesa-es"],"yoast_head":"<!-- This site is optimized with the Yoast SEO plugin v25.1 - https:\/\/yoast.com\/wordpress\/plugins\/seo\/ -->\n<title>Chloe Bibby, MVP de la Jornada 28 - UNI B\u00e0squet Girona<\/title>\n<meta name=\"robots\" content=\"index, follow, max-snippet:-1, max-image-preview:large, max-video-preview:-1\" \/>\n<link rel=\"canonical\" href=\"https:\/\/www.unigirona.cat\/es\/chloe-bibby-mvp-de-la-jornada-28\/\" \/>\n<meta property=\"og:locale\" content=\"es_ES\" \/>\n<meta property=\"og:type\" content=\"article\" \/>\n<meta property=\"og:title\" content=\"Chloe Bibby, MVP de la Jornada 28 - UNI B\u00e0squet Girona\" \/>\n<meta property=\"og:description\" content=\"El Spar Girona sigue en un gran momento de forma, y las actuaciones individuales de Chloe Bibby y Klara Lundquist han sido el mejor reflejo de ello. La jornada 28 nos deja dos grandes noticias: Chloe Bibby ha sido elegida MVP de la jornada y Klara Lundquist ha sido incluida en el quinteto ideal de [&hellip;]\" \/>\n<meta property=\"og:url\" content=\"https:\/\/www.unigirona.cat\/es\/chloe-bibby-mvp-de-la-jornada-28\/\" \/>\n<meta property=\"og:site_name\" content=\"UNI B\u00e0squet Girona\" \/>\n<meta property=\"article:published_time\" content=\"2025-04-07T11:24:15+00:00\" \/>\n<meta property=\"article:modified_time\" content=\"2025-04-07T11:26:45+00:00\" \/>\n<meta property=\"og:image\" content=\"http:\/\/www.unigirona.cat\/wp-content\/uploads\/2025\/04\/Gn3QiGTXcAA3ksm.jpg\" \/>\n\t<meta property=\"og:image:width\" content=\"1200\" \/>\n\t<meta property=\"og:image:height\" content=\"1200\" \/>\n\t<meta property=\"og:image:type\" content=\"image\/jpeg\" \/>\n<meta name=\"author\" content=\"premsa\" \/>\n<meta name=\"twitter:card\" content=\"summary_large_image\" \/>\n<meta name=\"twitter:label1\" content=\"Escrito por\" \/>\n\t<meta name=\"twitter:data1\" content=\"premsa\" \/>\n\t<meta name=\"twitter:label2\" content=\"Tiempo de lectura\" \/>\n\t<meta name=\"twitter:data2\" content=\"1 minuto\" \/>\n<script type=\"application\/ld+json\" class=\"yoast-schema-graph\">{\"@context\":\"https:\/\/schema.org\",\"@graph\":[{\"@type\":\"WebPage\",\"@id\":\"https:\/\/www.unigirona.cat\/es\/chloe-bibby-mvp-de-la-jornada-28\/\",\"url\":\"https:\/\/www.unigirona.cat\/es\/chloe-bibby-mvp-de-la-jornada-28\/\",\"name\":\"Chloe Bibby, MVP de la Jornada 28 - UNI B\u00e0squet Girona\",\"isPartOf\":{\"@id\":\"https:\/\/www.unigirona.cat\/#website\"},\"primaryImageOfPage\":{\"@id\":\"https:\/\/www.unigirona.cat\/es\/chloe-bibby-mvp-de-la-jornada-28\/#primaryimage\"},\"image\":{\"@id\":\"https:\/\/www.unigirona.cat\/es\/chloe-bibby-mvp-de-la-jornada-28\/#primaryimage\"},\"thumbnailUrl\":\"https:\/\/www.unigirona.cat\/wp-content\/uploads\/2025\/04\/Gn3QiGTXcAA3ksm.jpg\",\"datePublished\":\"2025-04-07T11:24:15+00:00\",\"dateModified\":\"2025-04-07T11:26:45+00:00\",\"author\":{\"@id\":\"https:\/\/www.unigirona.cat\/#\/schema\/person\/475ba176dc25b40920d6ebae4b40d2fb\"},\"breadcrumb\":{\"@id\":\"https:\/\/www.unigirona.cat\/es\/chloe-bibby-mvp-de-la-jornada-28\/#breadcrumb\"},\"inLanguage\":\"es\",\"potentialAction\":[{\"@type\":\"ReadAction\",\"target\":[\"https:\/\/www.unigirona.cat\/es\/chloe-bibby-mvp-de-la-jornada-28\/\"]}]},{\"@type\":\"ImageObject\",\"inLanguage\":\"es\",\"@id\":\"https:\/\/www.unigirona.cat\/es\/chloe-bibby-mvp-de-la-jornada-28\/#primaryimage\",\"url\":\"https:\/\/www.unigirona.cat\/wp-content\/uploads\/2025\/04\/Gn3QiGTXcAA3ksm.jpg\",\"contentUrl\":\"https:\/\/www.unigirona.cat\/wp-content\/uploads\/2025\/04\/Gn3QiGTXcAA3ksm.jpg\",\"width\":1200,\"height\":1200},{\"@type\":\"BreadcrumbList\",\"@id\":\"https:\/\/www.unigirona.cat\/es\/chloe-bibby-mvp-de-la-jornada-28\/#breadcrumb\",\"itemListElement\":[{\"@type\":\"ListItem\",\"position\":1,\"name\":\"Portada\",\"item\":\"https:\/\/www.unigirona.cat\/\"},{\"@type\":\"ListItem\",\"position\":2,\"name\":\"Chloe Bibby, MVP de la Jornada 28\"}]},{\"@type\":\"WebSite\",\"@id\":\"https:\/\/www.unigirona.cat\/#website\",\"url\":\"https:\/\/www.unigirona.cat\/\",\"name\":\"Spar Girona\",\"description\":\"\",\"potentialAction\":[{\"@type\":\"SearchAction\",\"target\":{\"@type\":\"EntryPoint\",\"urlTemplate\":\"https:\/\/www.unigirona.cat\/?s={search_term_string}\"},\"query-input\":{\"@type\":\"PropertyValueSpecification\",\"valueRequired\":true,\"valueName\":\"search_term_string\"}}],\"inLanguage\":\"es\"},{\"@type\":\"Person\",\"@id\":\"https:\/\/www.unigirona.cat\/#\/schema\/person\/475ba176dc25b40920d6ebae4b40d2fb\",\"name\":\"premsa\",\"image\":{\"@type\":\"ImageObject\",\"inLanguage\":\"es\",\"@id\":\"https:\/\/www.unigirona.cat\/#\/schema\/person\/image\/\",\"url\":\"https:\/\/secure.gravatar.com\/avatar\/aaa70a46dde13fc461ebe5bc96d2c4be?s=96&d=mm&r=g\",\"contentUrl\":\"https:\/\/secure.gravatar.com\/avatar\/aaa70a46dde13fc461ebe5bc96d2c4be?s=96&d=mm&r=g\",\"caption\":\"premsa\"},\"url\":\"https:\/\/www.unigirona.cat\/es\/author\/premsa\/\"}]}<\/script>\n<!-- \/ Yoast SEO plugin. -->","yoast_head_json":{"title":"Chloe Bibby, MVP de la Jornada 28 - UNI B\u00e0squet Girona","robots":{"index":"index","follow":"follow","max-snippet":"max-snippet:-1","max-image-preview":"max-image-preview:large","max-video-preview":"max-video-preview:-1"},"canonical":"https:\/\/www.unigirona.cat\/es\/chloe-bibby-mvp-de-la-jornada-28\/","og_locale":"es_ES","og_type":"article","og_title":"Chloe Bibby, MVP de la Jornada 28 - UNI B\u00e0squet Girona","og_description":"El Spar Girona sigue en un gran momento de forma, y las actuaciones individuales de Chloe Bibby y Klara Lundquist han sido el mejor reflejo de ello. La jornada 28 nos deja dos grandes noticias: Chloe Bibby ha sido elegida MVP de la jornada y Klara Lundquist ha sido incluida en el quinteto ideal de [&hellip;]","og_url":"https:\/\/www.unigirona.cat\/es\/chloe-bibby-mvp-de-la-jornada-28\/","og_site_name":"UNI B\u00e0squet Girona","article_published_time":"2025-04-07T11:24:15+00:00","article_modified_time":"2025-04-07T11:26:45+00:00","og_image":[{"width":1200,"height":1200,"url":"http:\/\/www.unigirona.cat\/wp-content\/uploads\/2025\/04\/Gn3QiGTXcAA3ksm.jpg","type":"image\/jpeg"}],"author":"premsa","twitter_card":"summary_large_image","twitter_misc":{"Escrito por":"premsa","Tiempo de lectura":"1 minuto"},"schema":{"@context":"https:\/\/schema.org","@graph":[{"@type":"WebPage","@id":"https:\/\/www.unigirona.cat\/es\/chloe-bibby-mvp-de-la-jornada-28\/","url":"https:\/\/www.unigirona.cat\/es\/chloe-bibby-mvp-de-la-jornada-28\/","name":"Chloe Bibby, MVP de la Jornada 28 - UNI B\u00e0squet Girona","isPartOf":{"@id":"https:\/\/www.unigirona.cat\/#website"},"primaryImageOfPage":{"@id":"https:\/\/www.unigirona.cat\/es\/chloe-bibby-mvp-de-la-jornada-28\/#primaryimage"},"image":{"@id":"https:\/\/www.unigirona.cat\/es\/chloe-bibby-mvp-de-la-jornada-28\/#primaryimage"},"thumbnailUrl":"https:\/\/www.unigirona.cat\/wp-content\/uploads\/2025\/04\/Gn3QiGTXcAA3ksm.jpg","datePublished":"2025-04-07T11:24:15+00:00","dateModified":"2025-04-07T11:26:45+00:00","author":{"@id":"https:\/\/www.unigirona.cat\/#\/schema\/person\/475ba176dc25b40920d6ebae4b40d2fb"},"breadcrumb":{"@id":"https:\/\/www.unigirona.cat\/es\/chloe-bibby-mvp-de-la-jornada-28\/#breadcrumb"},"inLanguage":"es","potentialAction":[{"@type":"ReadAction","target":["https:\/\/www.unigirona.cat\/es\/chloe-bibby-mvp-de-la-jornada-28\/"]}]},{"@type":"ImageObject","inLanguage":"es","@id":"https:\/\/www.unigirona.cat\/es\/chloe-bibby-mvp-de-la-jornada-28\/#primaryimage","url":"https:\/\/www.unigirona.cat\/wp-content\/uploads\/2025\/04\/Gn3QiGTXcAA3ksm.jpg","contentUrl":"https:\/\/www.unigirona.cat\/wp-content\/uploads\/2025\/04\/Gn3QiGTXcAA3ksm.jpg","width":1200,"height":1200},{"@type":"BreadcrumbList","@id":"https:\/\/www.unigirona.cat\/es\/chloe-bibby-mvp-de-la-jornada-28\/#breadcrumb","itemListElement":[{"@type":"ListItem","position":1,"name":"Portada","item":"https:\/\/www.unigirona.cat\/"},{"@type":"ListItem","position":2,"name":"Chloe Bibby, MVP de la Jornada 28"}]},{"@type":"WebSite","@id":"https:\/\/www.unigirona.cat\/#website","url":"https:\/\/www.unigirona.cat\/","name":"Spar Girona","description":"","potentialAction":[{"@type":"SearchAction","target":{"@type":"EntryPoint","urlTemplate":"https:\/\/www.unigirona.cat\/?s={search_term_string}"},"query-input":{"@type":"PropertyValueSpecification","valueRequired":true,"valueName":"search_term_string"}}],"inLanguage":"es"},{"@type":"Person","@id":"https:\/\/www.unigirona.cat\/#\/schema\/person\/475ba176dc25b40920d6ebae4b40d2fb","name":"premsa","image":{"@type":"ImageObject","inLanguage":"es","@id":"https:\/\/www.unigirona.cat\/#\/schema\/person\/image\/","url":"https:\/\/secure.gravatar.com\/avatar\/aaa70a46dde13fc461ebe5bc96d2c4be?s=96&d=mm&r=g","contentUrl":"https:\/\/secure.gravatar.com\/avatar\/aaa70a46dde13fc461ebe5bc96d2c4be?s=96&d=mm&r=g","caption":"premsa"},"url":"https:\/\/www.unigirona.cat\/es\/author\/premsa\/"}]}},"_links":{"self":[{"href":"https:\/\/www.unigirona.cat\/es\/wp-json\/wp\/v2\/posts\/43601"}],"collection":[{"href":"https:\/\/www.unigirona.cat\/es\/wp-json\/wp\/v2\/posts"}],"about":[{"href":"https:\/\/www.unigirona.cat\/es\/wp-json\/wp\/v2\/types\/post"}],"author":[{"embeddable":true,"href":"https:\/\/www.unigirona.cat\/es\/wp-json\/wp\/v2\/users\/2"}],"replies":[{"embeddable":true,"href":"https:\/\/www.unigirona.cat\/es\/wp-json\/wp\/v2\/comments?post=43601"}],"version-history":[{"count":1,"href":"https:\/\/www.unigirona.cat\/es\/wp-json\/wp\/v2\/posts\/43601\/revisions"}],"predecessor-version":[{"id":43602,"href":"https:\/\/www.unigirona.cat\/es\/wp-json\/wp\/v2\/posts\/43601\/revisions\/43602"}],"wp:featuredmedia":[{"embeddable":true,"href":"https:\/\/www.unigirona.cat\/es\/wp-json\/wp\/v2\/media\/43597"}],"wp:attachment":[{"href":"https:\/\/www.unigirona.cat\/es\/wp-json\/wp\/v2\/media?parent=43601"}],"wp:term":[{"taxonomy":"category","embeddable":true,"href":"https:\/\/www.unigirona.cat\/es\/wp-json\/wp\/v2\/categories?post=43601"},{"taxonomy":"post_tag","embeddable":true,"href":"https:\/\/www.unigirona.cat\/es\/wp-json\/wp\/v2\/tags?post=43601"}],"curies":[{"name":"wp","href":"https:\/\/api.w.org\/{rel}","templated":true}]}}