{"id":43745,"date":"2025-04-23T12:22:45","date_gmt":"2025-04-23T10:22:45","guid":{"rendered":"https:\/\/www.unigirona.cat\/?p=43745"},"modified":"2025-04-23T15:11:09","modified_gmt":"2025-04-23T13:11:09","slug":"comunicado-oficial-chloe-bibby-natasha-mack-y-migna-toure","status":"publish","type":"post","link":"https:\/\/www.unigirona.cat\/es\/comunicado-oficial-chloe-bibby-natasha-mack-y-migna-toure\/","title":{"rendered":"Comunicado Oficial: Chloe Bibby, Natasha Mack y Migna Tour\u00e9"},"content":{"rendered":"<p>Desde el Spar Girona queremos comunicar que, aunque la competici\u00f3n estatal a\u00fan no ha finalizado, Chloe Bibby, Natasha Mack y Migna Tour\u00e9 ponen rumbo a Estados Unidos para incorporarse a los training camps de sus respectivos equipos de la WNBA.<\/p><p>Pere Puig, director deportivo del Uni Girona, ha valorado la situaci\u00f3n: \u201cBibby, Mack y Tour\u00e9 no iniciar\u00e1n los playoffs con nuestro equipo. En el caso de Chloe y Natasha, su contrato ya contemplaba que, una vez se lograra el objetivo principal, ellas pod\u00edan decidir romperlo e incorporarse a sus equipos de la WNBA. Cabe aclarar que, si no hubi\u00e9ramos ganado la liga regular, se habr\u00edan quedado hasta conseguir esa plaza de EuroLeague Women. Dado el \u00e9xito de lograrlo en la primera oportunidad disponible, ellas han decidido efectuar su salida.\u201d<\/p><p>Respecto a Tour\u00e9: \u201cSu caso es m\u00e1s complejo. Ma\u00f1ana, en rueda de prensa, el presidente explicar\u00e1 la situaci\u00f3n. Ella no lo ten\u00eda contemplado por contrato, pero el club ha querido respetar sus deseos\u201d, concluye Pere.<\/p><p>Con el objetivo prioritario logrado \u2014la clasificaci\u00f3n para la EuroLeague Women\u2014, queremos agradecer su esfuerzo, compromiso y entrega durante estos meses.<\/p><p>El presidente Cayetano P\u00e9rez comparecer\u00e1 en rueda de prensa ma\u00f1ana jueves, 24 de abril, a las 11 h, para valorar la situaci\u00f3n y resolver posibles dudas.<\/p>","protected":false},"excerpt":{"rendered":"<p>Desde el Spar Girona queremos comunicar que, aunque la competici\u00f3n estatal a\u00fan no ha finalizado, Chloe Bibby, Natasha Mack y Migna Tour\u00e9 ponen rumbo a Estados Unidos para incorporarse a los training camps de sus respectivos equipos de la WNBA. Pere Puig, director deportivo del Uni Girona, ha valorado la situaci\u00f3n: \u201cBibby, Mack y Tour\u00e9 [&hellip;]<\/p>\n","protected":false},"author":2,"featured_media":43737,"comment_status":"open","ping_status":"open","sticky":false,"template":"","format":"standard","meta":{"footnotes":""},"categories":[863],"tags":[],"class_list":["post-43745","post","type-post","status-publish","format-standard","has-post-thumbnail","hentry","category-ultima-hora-es"],"yoast_head":"<!-- This site is optimized with the Yoast SEO plugin v25.1 - https:\/\/yoast.com\/wordpress\/plugins\/seo\/ -->\n<title>Comunicado Oficial: Chloe Bibby, Natasha Mack y Migna Tour\u00e9 - UNI B\u00e0squet Girona<\/title>\n<meta name=\"robots\" content=\"index, follow, max-snippet:-1, max-image-preview:large, max-video-preview:-1\" \/>\n<link rel=\"canonical\" href=\"https:\/\/www.unigirona.cat\/es\/comunicado-oficial-chloe-bibby-natasha-mack-y-migna-toure\/\" \/>\n<meta property=\"og:locale\" content=\"es_ES\" \/>\n<meta property=\"og:type\" content=\"article\" \/>\n<meta property=\"og:title\" content=\"Comunicado Oficial: Chloe Bibby, Natasha Mack y Migna Tour\u00e9 - UNI B\u00e0squet Girona\" \/>\n<meta property=\"og:description\" content=\"Desde el Spar Girona queremos comunicar que, aunque la competici\u00f3n estatal a\u00fan no ha finalizado, Chloe Bibby, Natasha Mack y Migna Tour\u00e9 ponen rumbo a Estados Unidos para incorporarse a los training camps de sus respectivos equipos de la WNBA. Pere Puig, director deportivo del Uni Girona, ha valorado la situaci\u00f3n: \u201cBibby, Mack y Tour\u00e9 [&hellip;]\" \/>\n<meta property=\"og:url\" content=\"https:\/\/www.unigirona.cat\/es\/comunicado-oficial-chloe-bibby-natasha-mack-y-migna-toure\/\" \/>\n<meta property=\"og:site_name\" content=\"UNI B\u00e0squet Girona\" \/>\n<meta property=\"article:published_time\" content=\"2025-04-23T10:22:45+00:00\" \/>\n<meta property=\"article:modified_time\" content=\"2025-04-23T13:11:09+00:00\" \/>\n<meta property=\"og:image\" content=\"http:\/\/www.unigirona.cat\/wp-content\/uploads\/2025\/04\/comunicat-oficial.png\" \/>\n\t<meta property=\"og:image:width\" content=\"1080\" \/>\n\t<meta property=\"og:image:height\" content=\"1080\" \/>\n\t<meta property=\"og:image:type\" content=\"image\/png\" \/>\n<meta name=\"author\" content=\"premsa\" \/>\n<meta name=\"twitter:card\" content=\"summary_large_image\" \/>\n<meta name=\"twitter:label1\" content=\"Escrito por\" \/>\n\t<meta name=\"twitter:data1\" content=\"premsa\" \/>\n\t<meta name=\"twitter:label2\" content=\"Tiempo de lectura\" \/>\n\t<meta name=\"twitter:data2\" content=\"2 minutos\" \/>\n<script type=\"application\/ld+json\" class=\"yoast-schema-graph\">{\"@context\":\"https:\/\/schema.org\",\"@graph\":[{\"@type\":\"WebPage\",\"@id\":\"https:\/\/www.unigirona.cat\/es\/comunicado-oficial-chloe-bibby-natasha-mack-y-migna-toure\/\",\"url\":\"https:\/\/www.unigirona.cat\/es\/comunicado-oficial-chloe-bibby-natasha-mack-y-migna-toure\/\",\"name\":\"Comunicado Oficial: Chloe Bibby, Natasha Mack y Migna Tour\u00e9 - UNI B\u00e0squet Girona\",\"isPartOf\":{\"@id\":\"https:\/\/www.unigirona.cat\/#website\"},\"primaryImageOfPage\":{\"@id\":\"https:\/\/www.unigirona.cat\/es\/comunicado-oficial-chloe-bibby-natasha-mack-y-migna-toure\/#primaryimage\"},\"image\":{\"@id\":\"https:\/\/www.unigirona.cat\/es\/comunicado-oficial-chloe-bibby-natasha-mack-y-migna-toure\/#primaryimage\"},\"thumbnailUrl\":\"https:\/\/www.unigirona.cat\/wp-content\/uploads\/2025\/04\/comunicat-oficial.png\",\"datePublished\":\"2025-04-23T10:22:45+00:00\",\"dateModified\":\"2025-04-23T13:11:09+00:00\",\"author\":{\"@id\":\"https:\/\/www.unigirona.cat\/#\/schema\/person\/475ba176dc25b40920d6ebae4b40d2fb\"},\"breadcrumb\":{\"@id\":\"https:\/\/www.unigirona.cat\/es\/comunicado-oficial-chloe-bibby-natasha-mack-y-migna-toure\/#breadcrumb\"},\"inLanguage\":\"es\",\"potentialAction\":[{\"@type\":\"ReadAction\",\"target\":[\"https:\/\/www.unigirona.cat\/es\/comunicado-oficial-chloe-bibby-natasha-mack-y-migna-toure\/\"]}]},{\"@type\":\"ImageObject\",\"inLanguage\":\"es\",\"@id\":\"https:\/\/www.unigirona.cat\/es\/comunicado-oficial-chloe-bibby-natasha-mack-y-migna-toure\/#primaryimage\",\"url\":\"https:\/\/www.unigirona.cat\/wp-content\/uploads\/2025\/04\/comunicat-oficial.png\",\"contentUrl\":\"https:\/\/www.unigirona.cat\/wp-content\/uploads\/2025\/04\/comunicat-oficial.png\",\"width\":1080,\"height\":1080},{\"@type\":\"BreadcrumbList\",\"@id\":\"https:\/\/www.unigirona.cat\/es\/comunicado-oficial-chloe-bibby-natasha-mack-y-migna-toure\/#breadcrumb\",\"itemListElement\":[{\"@type\":\"ListItem\",\"position\":1,\"name\":\"Portada\",\"item\":\"https:\/\/www.unigirona.cat\/\"},{\"@type\":\"ListItem\",\"position\":2,\"name\":\"Comunicado Oficial: Chloe Bibby, Natasha Mack y Migna Tour\u00e9\"}]},{\"@type\":\"WebSite\",\"@id\":\"https:\/\/www.unigirona.cat\/#website\",\"url\":\"https:\/\/www.unigirona.cat\/\",\"name\":\"Spar Girona\",\"description\":\"\",\"potentialAction\":[{\"@type\":\"SearchAction\",\"target\":{\"@type\":\"EntryPoint\",\"urlTemplate\":\"https:\/\/www.unigirona.cat\/?s={search_term_string}\"},\"query-input\":{\"@type\":\"PropertyValueSpecification\",\"valueRequired\":true,\"valueName\":\"search_term_string\"}}],\"inLanguage\":\"es\"},{\"@type\":\"Person\",\"@id\":\"https:\/\/www.unigirona.cat\/#\/schema\/person\/475ba176dc25b40920d6ebae4b40d2fb\",\"name\":\"premsa\",\"image\":{\"@type\":\"ImageObject\",\"inLanguage\":\"es\",\"@id\":\"https:\/\/www.unigirona.cat\/#\/schema\/person\/image\/\",\"url\":\"https:\/\/secure.gravatar.com\/avatar\/aaa70a46dde13fc461ebe5bc96d2c4be?s=96&d=mm&r=g\",\"contentUrl\":\"https:\/\/secure.gravatar.com\/avatar\/aaa70a46dde13fc461ebe5bc96d2c4be?s=96&d=mm&r=g\",\"caption\":\"premsa\"},\"url\":\"https:\/\/www.unigirona.cat\/es\/author\/premsa\/\"}]}<\/script>\n<!-- \/ Yoast SEO plugin. -->","yoast_head_json":{"title":"Comunicado Oficial: Chloe Bibby, Natasha Mack y Migna Tour\u00e9 - UNI B\u00e0squet Girona","robots":{"index":"index","follow":"follow","max-snippet":"max-snippet:-1","max-image-preview":"max-image-preview:large","max-video-preview":"max-video-preview:-1"},"canonical":"https:\/\/www.unigirona.cat\/es\/comunicado-oficial-chloe-bibby-natasha-mack-y-migna-toure\/","og_locale":"es_ES","og_type":"article","og_title":"Comunicado Oficial: Chloe Bibby, Natasha Mack y Migna Tour\u00e9 - UNI B\u00e0squet Girona","og_description":"Desde el Spar Girona queremos comunicar que, aunque la competici\u00f3n estatal a\u00fan no ha finalizado, Chloe Bibby, Natasha Mack y Migna Tour\u00e9 ponen rumbo a Estados Unidos para incorporarse a los training camps de sus respectivos equipos de la WNBA. Pere Puig, director deportivo del Uni Girona, ha valorado la situaci\u00f3n: \u201cBibby, Mack y Tour\u00e9 [&hellip;]","og_url":"https:\/\/www.unigirona.cat\/es\/comunicado-oficial-chloe-bibby-natasha-mack-y-migna-toure\/","og_site_name":"UNI B\u00e0squet Girona","article_published_time":"2025-04-23T10:22:45+00:00","article_modified_time":"2025-04-23T13:11:09+00:00","og_image":[{"width":1080,"height":1080,"url":"http:\/\/www.unigirona.cat\/wp-content\/uploads\/2025\/04\/comunicat-oficial.png","type":"image\/png"}],"author":"premsa","twitter_card":"summary_large_image","twitter_misc":{"Escrito por":"premsa","Tiempo de lectura":"2 minutos"},"schema":{"@context":"https:\/\/schema.org","@graph":[{"@type":"WebPage","@id":"https:\/\/www.unigirona.cat\/es\/comunicado-oficial-chloe-bibby-natasha-mack-y-migna-toure\/","url":"https:\/\/www.unigirona.cat\/es\/comunicado-oficial-chloe-bibby-natasha-mack-y-migna-toure\/","name":"Comunicado Oficial: Chloe Bibby, Natasha Mack y Migna Tour\u00e9 - UNI B\u00e0squet Girona","isPartOf":{"@id":"https:\/\/www.unigirona.cat\/#website"},"primaryImageOfPage":{"@id":"https:\/\/www.unigirona.cat\/es\/comunicado-oficial-chloe-bibby-natasha-mack-y-migna-toure\/#primaryimage"},"image":{"@id":"https:\/\/www.unigirona.cat\/es\/comunicado-oficial-chloe-bibby-natasha-mack-y-migna-toure\/#primaryimage"},"thumbnailUrl":"https:\/\/www.unigirona.cat\/wp-content\/uploads\/2025\/04\/comunicat-oficial.png","datePublished":"2025-04-23T10:22:45+00:00","dateModified":"2025-04-23T13:11:09+00:00","author":{"@id":"https:\/\/www.unigirona.cat\/#\/schema\/person\/475ba176dc25b40920d6ebae4b40d2fb"},"breadcrumb":{"@id":"https:\/\/www.unigirona.cat\/es\/comunicado-oficial-chloe-bibby-natasha-mack-y-migna-toure\/#breadcrumb"},"inLanguage":"es","potentialAction":[{"@type":"ReadAction","target":["https:\/\/www.unigirona.cat\/es\/comunicado-oficial-chloe-bibby-natasha-mack-y-migna-toure\/"]}]},{"@type":"ImageObject","inLanguage":"es","@id":"https:\/\/www.unigirona.cat\/es\/comunicado-oficial-chloe-bibby-natasha-mack-y-migna-toure\/#primaryimage","url":"https:\/\/www.unigirona.cat\/wp-content\/uploads\/2025\/04\/comunicat-oficial.png","contentUrl":"https:\/\/www.unigirona.cat\/wp-content\/uploads\/2025\/04\/comunicat-oficial.png","width":1080,"height":1080},{"@type":"BreadcrumbList","@id":"https:\/\/www.unigirona.cat\/es\/comunicado-oficial-chloe-bibby-natasha-mack-y-migna-toure\/#breadcrumb","itemListElement":[{"@type":"ListItem","position":1,"name":"Portada","item":"https:\/\/www.unigirona.cat\/"},{"@type":"ListItem","position":2,"name":"Comunicado Oficial: Chloe Bibby, Natasha Mack y Migna Tour\u00e9"}]},{"@type":"WebSite","@id":"https:\/\/www.unigirona.cat\/#website","url":"https:\/\/www.unigirona.cat\/","name":"Spar Girona","description":"","potentialAction":[{"@type":"SearchAction","target":{"@type":"EntryPoint","urlTemplate":"https:\/\/www.unigirona.cat\/?s={search_term_string}"},"query-input":{"@type":"PropertyValueSpecification","valueRequired":true,"valueName":"search_term_string"}}],"inLanguage":"es"},{"@type":"Person","@id":"https:\/\/www.unigirona.cat\/#\/schema\/person\/475ba176dc25b40920d6ebae4b40d2fb","name":"premsa","image":{"@type":"ImageObject","inLanguage":"es","@id":"https:\/\/www.unigirona.cat\/#\/schema\/person\/image\/","url":"https:\/\/secure.gravatar.com\/avatar\/aaa70a46dde13fc461ebe5bc96d2c4be?s=96&d=mm&r=g","contentUrl":"https:\/\/secure.gravatar.com\/avatar\/aaa70a46dde13fc461ebe5bc96d2c4be?s=96&d=mm&r=g","caption":"premsa"},"url":"https:\/\/www.unigirona.cat\/es\/author\/premsa\/"}]}},"_links":{"self":[{"href":"https:\/\/www.unigirona.cat\/es\/wp-json\/wp\/v2\/posts\/43745"}],"collection":[{"href":"https:\/\/www.unigirona.cat\/es\/wp-json\/wp\/v2\/posts"}],"about":[{"href":"https:\/\/www.unigirona.cat\/es\/wp-json\/wp\/v2\/types\/post"}],"author":[{"embeddable":true,"href":"https:\/\/www.unigirona.cat\/es\/wp-json\/wp\/v2\/users\/2"}],"replies":[{"embeddable":true,"href":"https:\/\/www.unigirona.cat\/es\/wp-json\/wp\/v2\/comments?post=43745"}],"version-history":[{"count":1,"href":"https:\/\/www.unigirona.cat\/es\/wp-json\/wp\/v2\/posts\/43745\/revisions"}],"predecessor-version":[{"id":43746,"href":"https:\/\/www.unigirona.cat\/es\/wp-json\/wp\/v2\/posts\/43745\/revisions\/43746"}],"wp:featuredmedia":[{"embeddable":true,"href":"https:\/\/www.unigirona.cat\/es\/wp-json\/wp\/v2\/media\/43737"}],"wp:attachment":[{"href":"https:\/\/www.unigirona.cat\/es\/wp-json\/wp\/v2\/media?parent=43745"}],"wp:term":[{"taxonomy":"category","embeddable":true,"href":"https:\/\/www.unigirona.cat\/es\/wp-json\/wp\/v2\/categories?post=43745"},{"taxonomy":"post_tag","embeddable":true,"href":"https:\/\/www.unigirona.cat\/es\/wp-json\/wp\/v2\/tags?post=43745"}],"curies":[{"name":"wp","href":"https:\/\/api.w.org\/{rel}","templated":true}]}}