{"id":43826,"date":"2025-05-05T15:02:45","date_gmt":"2025-05-05T13:02:45","guid":{"rendered":"https:\/\/www.unigirona.cat\/?p=43826"},"modified":"2025-05-05T15:04:23","modified_gmt":"2025-05-05T13:04:23","slug":"iniguez-me-ha-gustado-la-conexion-con-el-publico","status":"publish","type":"post","link":"https:\/\/www.unigirona.cat\/es\/iniguez-me-ha-gustado-la-conexion-con-el-publico\/","title":{"rendered":"\u00cd\u00f1iguez: \u00abMe ha gustado la conexi\u00f3n con el p\u00fablico\u00bb"},"content":{"rendered":"<p>El pabell\u00f3n vibr\u00f3 ayer con uno de los partidos m\u00e1s intensos y emocionantes de la temporada. Nuestro t\u00e9cnico, Roberto \u00cd\u00f1iguez, no escondi\u00f3 el orgullo por el trabajo realizado por el equipo despu\u00e9s de una eliminaci\u00f3n ajustada ante un rival de m\u00e1ximo nivel. \u201cHemos estado muy cerca. La pr\u00f3rroga sobraba y con el 3+1 se nos ha hecho bola. Antes lo tuvimos a cara o cruz, y me ha gustado mucho la conexi\u00f3n final con el p\u00fablico\u201d, valor\u00f3 \u00cd\u00f1iguez, quien no dud\u00f3 en calificar el enfrentamiento como \u201cuno de los mejores partidos\u201d de su carrera.<\/p><p>\u00abLas victorias y las derrotas se diluyen, pero lo que quedan son los momentos, c\u00f3mo los afrontas. Y en eso somos unas campeonas\u00bb, destacaba Roberto.<\/p><p>A pesar de la derrota, el t\u00e9cnico destac\u00f3 el crecimiento del equipo y la respuesta colectiva ante las dificultades: \u201cHemos jugado por encima de nuestro l\u00edmite y el Zaragoza lo ha pasado mal\u201d. Dicho esto, el t\u00e9cnico lament\u00f3 el 56-20 en tiros libres durante la serie. \u00abEs casi el triple, y eso hace a\u00fan m\u00e1s honor al trabajo que ha hecho el equipo.\u00bb<\/p><p>En cuanto a la temporada, \u00cd\u00f1iguez la defini\u00f3 como \u00abmuy buena, pero no excelente\u00bb, por la \u00abCopa. Podr\u00edamos haber ganado el t\u00edtulo\u00bb, argumentaba antes de finalizar la rueda de prensa.<\/p>","protected":false},"excerpt":{"rendered":"<p>El pabell\u00f3n vibr\u00f3 ayer con uno de los partidos m\u00e1s intensos y emocionantes de la temporada. Nuestro t\u00e9cnico, Roberto \u00cd\u00f1iguez, no escondi\u00f3 el orgullo por el trabajo realizado por el equipo despu\u00e9s de una eliminaci\u00f3n ajustada ante un rival de m\u00e1ximo nivel. \u201cHemos estado muy cerca. La pr\u00f3rroga sobraba y con el 3+1 se nos [&hellip;]<\/p>\n","protected":false},"author":2,"featured_media":43821,"comment_status":"open","ping_status":"open","sticky":false,"template":"","format":"standard","meta":{"footnotes":""},"categories":[858],"tags":[],"class_list":["post-43826","post","type-post","status-publish","format-standard","has-post-thumbnail","hentry","category-lf-endesa-es"],"yoast_head":"<!-- This site is optimized with the Yoast SEO plugin v25.1 - https:\/\/yoast.com\/wordpress\/plugins\/seo\/ -->\n<title>\u00cd\u00f1iguez: &quot;Me ha gustado la conexi\u00f3n con el p\u00fablico&quot; - UNI B\u00e0squet Girona<\/title>\n<meta name=\"robots\" content=\"index, follow, max-snippet:-1, max-image-preview:large, max-video-preview:-1\" \/>\n<link rel=\"canonical\" href=\"https:\/\/www.unigirona.cat\/es\/iniguez-me-ha-gustado-la-conexion-con-el-publico\/\" \/>\n<meta property=\"og:locale\" content=\"es_ES\" \/>\n<meta property=\"og:type\" content=\"article\" \/>\n<meta property=\"og:title\" content=\"\u00cd\u00f1iguez: &quot;Me ha gustado la conexi\u00f3n con el p\u00fablico&quot; - UNI B\u00e0squet Girona\" \/>\n<meta property=\"og:description\" content=\"El pabell\u00f3n vibr\u00f3 ayer con uno de los partidos m\u00e1s intensos y emocionantes de la temporada. Nuestro t\u00e9cnico, Roberto \u00cd\u00f1iguez, no escondi\u00f3 el orgullo por el trabajo realizado por el equipo despu\u00e9s de una eliminaci\u00f3n ajustada ante un rival de m\u00e1ximo nivel. \u201cHemos estado muy cerca. La pr\u00f3rroga sobraba y con el 3+1 se nos [&hellip;]\" \/>\n<meta property=\"og:url\" content=\"https:\/\/www.unigirona.cat\/es\/iniguez-me-ha-gustado-la-conexion-con-el-publico\/\" \/>\n<meta property=\"og:site_name\" content=\"UNI B\u00e0squet Girona\" \/>\n<meta property=\"article:published_time\" content=\"2025-05-05T13:02:45+00:00\" \/>\n<meta property=\"article:modified_time\" content=\"2025-05-05T13:04:23+00:00\" \/>\n<meta property=\"og:image\" content=\"http:\/\/www.unigirona.cat\/wp-content\/uploads\/2025\/05\/WhatsApp-Image-2025-05-04-at-18.56.50.jpeg\" \/>\n\t<meta property=\"og:image:width\" content=\"4160\" \/>\n\t<meta property=\"og:image:height\" content=\"2773\" \/>\n\t<meta property=\"og:image:type\" content=\"image\/jpeg\" \/>\n<meta name=\"author\" content=\"premsa\" \/>\n<meta name=\"twitter:card\" content=\"summary_large_image\" \/>\n<meta name=\"twitter:label1\" content=\"Escrito por\" \/>\n\t<meta name=\"twitter:data1\" content=\"premsa\" \/>\n\t<meta name=\"twitter:label2\" content=\"Tiempo de lectura\" \/>\n\t<meta name=\"twitter:data2\" content=\"2 minutos\" \/>\n<script type=\"application\/ld+json\" class=\"yoast-schema-graph\">{\"@context\":\"https:\/\/schema.org\",\"@graph\":[{\"@type\":\"WebPage\",\"@id\":\"https:\/\/www.unigirona.cat\/es\/iniguez-me-ha-gustado-la-conexion-con-el-publico\/\",\"url\":\"https:\/\/www.unigirona.cat\/es\/iniguez-me-ha-gustado-la-conexion-con-el-publico\/\",\"name\":\"\u00cd\u00f1iguez: \\\"Me ha gustado la conexi\u00f3n con el p\u00fablico\\\" - UNI B\u00e0squet Girona\",\"isPartOf\":{\"@id\":\"https:\/\/www.unigirona.cat\/#website\"},\"primaryImageOfPage\":{\"@id\":\"https:\/\/www.unigirona.cat\/es\/iniguez-me-ha-gustado-la-conexion-con-el-publico\/#primaryimage\"},\"image\":{\"@id\":\"https:\/\/www.unigirona.cat\/es\/iniguez-me-ha-gustado-la-conexion-con-el-publico\/#primaryimage\"},\"thumbnailUrl\":\"https:\/\/www.unigirona.cat\/wp-content\/uploads\/2025\/05\/WhatsApp-Image-2025-05-04-at-18.56.50.jpeg\",\"datePublished\":\"2025-05-05T13:02:45+00:00\",\"dateModified\":\"2025-05-05T13:04:23+00:00\",\"author\":{\"@id\":\"https:\/\/www.unigirona.cat\/#\/schema\/person\/475ba176dc25b40920d6ebae4b40d2fb\"},\"breadcrumb\":{\"@id\":\"https:\/\/www.unigirona.cat\/es\/iniguez-me-ha-gustado-la-conexion-con-el-publico\/#breadcrumb\"},\"inLanguage\":\"es\",\"potentialAction\":[{\"@type\":\"ReadAction\",\"target\":[\"https:\/\/www.unigirona.cat\/es\/iniguez-me-ha-gustado-la-conexion-con-el-publico\/\"]}]},{\"@type\":\"ImageObject\",\"inLanguage\":\"es\",\"@id\":\"https:\/\/www.unigirona.cat\/es\/iniguez-me-ha-gustado-la-conexion-con-el-publico\/#primaryimage\",\"url\":\"https:\/\/www.unigirona.cat\/wp-content\/uploads\/2025\/05\/WhatsApp-Image-2025-05-04-at-18.56.50.jpeg\",\"contentUrl\":\"https:\/\/www.unigirona.cat\/wp-content\/uploads\/2025\/05\/WhatsApp-Image-2025-05-04-at-18.56.50.jpeg\",\"width\":4160,\"height\":2773},{\"@type\":\"BreadcrumbList\",\"@id\":\"https:\/\/www.unigirona.cat\/es\/iniguez-me-ha-gustado-la-conexion-con-el-publico\/#breadcrumb\",\"itemListElement\":[{\"@type\":\"ListItem\",\"position\":1,\"name\":\"Portada\",\"item\":\"https:\/\/www.unigirona.cat\/\"},{\"@type\":\"ListItem\",\"position\":2,\"name\":\"\u00cd\u00f1iguez: &#8220;Me ha gustado la conexi\u00f3n con el p\u00fablico&#8221;\"}]},{\"@type\":\"WebSite\",\"@id\":\"https:\/\/www.unigirona.cat\/#website\",\"url\":\"https:\/\/www.unigirona.cat\/\",\"name\":\"Spar Girona\",\"description\":\"\",\"potentialAction\":[{\"@type\":\"SearchAction\",\"target\":{\"@type\":\"EntryPoint\",\"urlTemplate\":\"https:\/\/www.unigirona.cat\/?s={search_term_string}\"},\"query-input\":{\"@type\":\"PropertyValueSpecification\",\"valueRequired\":true,\"valueName\":\"search_term_string\"}}],\"inLanguage\":\"es\"},{\"@type\":\"Person\",\"@id\":\"https:\/\/www.unigirona.cat\/#\/schema\/person\/475ba176dc25b40920d6ebae4b40d2fb\",\"name\":\"premsa\",\"image\":{\"@type\":\"ImageObject\",\"inLanguage\":\"es\",\"@id\":\"https:\/\/www.unigirona.cat\/#\/schema\/person\/image\/\",\"url\":\"https:\/\/secure.gravatar.com\/avatar\/aaa70a46dde13fc461ebe5bc96d2c4be?s=96&d=mm&r=g\",\"contentUrl\":\"https:\/\/secure.gravatar.com\/avatar\/aaa70a46dde13fc461ebe5bc96d2c4be?s=96&d=mm&r=g\",\"caption\":\"premsa\"},\"url\":\"https:\/\/www.unigirona.cat\/es\/author\/premsa\/\"}]}<\/script>\n<!-- \/ Yoast SEO plugin. -->","yoast_head_json":{"title":"\u00cd\u00f1iguez: \"Me ha gustado la conexi\u00f3n con el p\u00fablico\" - UNI B\u00e0squet Girona","robots":{"index":"index","follow":"follow","max-snippet":"max-snippet:-1","max-image-preview":"max-image-preview:large","max-video-preview":"max-video-preview:-1"},"canonical":"https:\/\/www.unigirona.cat\/es\/iniguez-me-ha-gustado-la-conexion-con-el-publico\/","og_locale":"es_ES","og_type":"article","og_title":"\u00cd\u00f1iguez: \"Me ha gustado la conexi\u00f3n con el p\u00fablico\" - UNI B\u00e0squet Girona","og_description":"El pabell\u00f3n vibr\u00f3 ayer con uno de los partidos m\u00e1s intensos y emocionantes de la temporada. Nuestro t\u00e9cnico, Roberto \u00cd\u00f1iguez, no escondi\u00f3 el orgullo por el trabajo realizado por el equipo despu\u00e9s de una eliminaci\u00f3n ajustada ante un rival de m\u00e1ximo nivel. \u201cHemos estado muy cerca. La pr\u00f3rroga sobraba y con el 3+1 se nos [&hellip;]","og_url":"https:\/\/www.unigirona.cat\/es\/iniguez-me-ha-gustado-la-conexion-con-el-publico\/","og_site_name":"UNI B\u00e0squet Girona","article_published_time":"2025-05-05T13:02:45+00:00","article_modified_time":"2025-05-05T13:04:23+00:00","og_image":[{"width":4160,"height":2773,"url":"http:\/\/www.unigirona.cat\/wp-content\/uploads\/2025\/05\/WhatsApp-Image-2025-05-04-at-18.56.50.jpeg","type":"image\/jpeg"}],"author":"premsa","twitter_card":"summary_large_image","twitter_misc":{"Escrito por":"premsa","Tiempo de lectura":"2 minutos"},"schema":{"@context":"https:\/\/schema.org","@graph":[{"@type":"WebPage","@id":"https:\/\/www.unigirona.cat\/es\/iniguez-me-ha-gustado-la-conexion-con-el-publico\/","url":"https:\/\/www.unigirona.cat\/es\/iniguez-me-ha-gustado-la-conexion-con-el-publico\/","name":"\u00cd\u00f1iguez: \"Me ha gustado la conexi\u00f3n con el p\u00fablico\" - UNI B\u00e0squet Girona","isPartOf":{"@id":"https:\/\/www.unigirona.cat\/#website"},"primaryImageOfPage":{"@id":"https:\/\/www.unigirona.cat\/es\/iniguez-me-ha-gustado-la-conexion-con-el-publico\/#primaryimage"},"image":{"@id":"https:\/\/www.unigirona.cat\/es\/iniguez-me-ha-gustado-la-conexion-con-el-publico\/#primaryimage"},"thumbnailUrl":"https:\/\/www.unigirona.cat\/wp-content\/uploads\/2025\/05\/WhatsApp-Image-2025-05-04-at-18.56.50.jpeg","datePublished":"2025-05-05T13:02:45+00:00","dateModified":"2025-05-05T13:04:23+00:00","author":{"@id":"https:\/\/www.unigirona.cat\/#\/schema\/person\/475ba176dc25b40920d6ebae4b40d2fb"},"breadcrumb":{"@id":"https:\/\/www.unigirona.cat\/es\/iniguez-me-ha-gustado-la-conexion-con-el-publico\/#breadcrumb"},"inLanguage":"es","potentialAction":[{"@type":"ReadAction","target":["https:\/\/www.unigirona.cat\/es\/iniguez-me-ha-gustado-la-conexion-con-el-publico\/"]}]},{"@type":"ImageObject","inLanguage":"es","@id":"https:\/\/www.unigirona.cat\/es\/iniguez-me-ha-gustado-la-conexion-con-el-publico\/#primaryimage","url":"https:\/\/www.unigirona.cat\/wp-content\/uploads\/2025\/05\/WhatsApp-Image-2025-05-04-at-18.56.50.jpeg","contentUrl":"https:\/\/www.unigirona.cat\/wp-content\/uploads\/2025\/05\/WhatsApp-Image-2025-05-04-at-18.56.50.jpeg","width":4160,"height":2773},{"@type":"BreadcrumbList","@id":"https:\/\/www.unigirona.cat\/es\/iniguez-me-ha-gustado-la-conexion-con-el-publico\/#breadcrumb","itemListElement":[{"@type":"ListItem","position":1,"name":"Portada","item":"https:\/\/www.unigirona.cat\/"},{"@type":"ListItem","position":2,"name":"\u00cd\u00f1iguez: &#8220;Me ha gustado la conexi\u00f3n con el p\u00fablico&#8221;"}]},{"@type":"WebSite","@id":"https:\/\/www.unigirona.cat\/#website","url":"https:\/\/www.unigirona.cat\/","name":"Spar Girona","description":"","potentialAction":[{"@type":"SearchAction","target":{"@type":"EntryPoint","urlTemplate":"https:\/\/www.unigirona.cat\/?s={search_term_string}"},"query-input":{"@type":"PropertyValueSpecification","valueRequired":true,"valueName":"search_term_string"}}],"inLanguage":"es"},{"@type":"Person","@id":"https:\/\/www.unigirona.cat\/#\/schema\/person\/475ba176dc25b40920d6ebae4b40d2fb","name":"premsa","image":{"@type":"ImageObject","inLanguage":"es","@id":"https:\/\/www.unigirona.cat\/#\/schema\/person\/image\/","url":"https:\/\/secure.gravatar.com\/avatar\/aaa70a46dde13fc461ebe5bc96d2c4be?s=96&d=mm&r=g","contentUrl":"https:\/\/secure.gravatar.com\/avatar\/aaa70a46dde13fc461ebe5bc96d2c4be?s=96&d=mm&r=g","caption":"premsa"},"url":"https:\/\/www.unigirona.cat\/es\/author\/premsa\/"}]}},"_links":{"self":[{"href":"https:\/\/www.unigirona.cat\/es\/wp-json\/wp\/v2\/posts\/43826"}],"collection":[{"href":"https:\/\/www.unigirona.cat\/es\/wp-json\/wp\/v2\/posts"}],"about":[{"href":"https:\/\/www.unigirona.cat\/es\/wp-json\/wp\/v2\/types\/post"}],"author":[{"embeddable":true,"href":"https:\/\/www.unigirona.cat\/es\/wp-json\/wp\/v2\/users\/2"}],"replies":[{"embeddable":true,"href":"https:\/\/www.unigirona.cat\/es\/wp-json\/wp\/v2\/comments?post=43826"}],"version-history":[{"count":1,"href":"https:\/\/www.unigirona.cat\/es\/wp-json\/wp\/v2\/posts\/43826\/revisions"}],"predecessor-version":[{"id":43827,"href":"https:\/\/www.unigirona.cat\/es\/wp-json\/wp\/v2\/posts\/43826\/revisions\/43827"}],"wp:featuredmedia":[{"embeddable":true,"href":"https:\/\/www.unigirona.cat\/es\/wp-json\/wp\/v2\/media\/43821"}],"wp:attachment":[{"href":"https:\/\/www.unigirona.cat\/es\/wp-json\/wp\/v2\/media?parent=43826"}],"wp:term":[{"taxonomy":"category","embeddable":true,"href":"https:\/\/www.unigirona.cat\/es\/wp-json\/wp\/v2\/categories?post=43826"},{"taxonomy":"post_tag","embeddable":true,"href":"https:\/\/www.unigirona.cat\/es\/wp-json\/wp\/v2\/tags?post=43826"}],"curies":[{"name":"wp","href":"https:\/\/api.w.org\/{rel}","templated":true}]}}