{"id":43843,"date":"2025-05-13T12:25:08","date_gmt":"2025-05-13T10:25:08","guid":{"rendered":"https:\/\/www.unigirona.cat\/?p=43843"},"modified":"2025-05-13T12:26:56","modified_gmt":"2025-05-13T10:26:56","slug":"sandra-ygueravide-y-marta-canella-convocadas-con-la-seleccion-espanola-3x3","status":"publish","type":"post","link":"https:\/\/www.unigirona.cat\/es\/sandra-ygueravide-y-marta-canella-convocadas-con-la-seleccion-espanola-3x3\/","title":{"rendered":"Sandra Ygueravide y Marta Canella, convocadas con la selecci\u00f3n espa\u00f1ola 3&#215;3"},"content":{"rendered":"<p>El equipo estar\u00e1 dirigido por Marta Montoliu y contar\u00e1 con Beti Orden, exfisioterapeuta del Uni Girona, como parte del cuerpo t\u00e9cnico.<\/p><p>Las jugadoras del Uni Girona, Sandra Ygueravide y Marta Canella, han sido convocadas por la seleccionadora N\u00faria Mart\u00ednez para formar parte de la selecci\u00f3n espa\u00f1ola femenina de 3&#215;3, que preparar\u00e1 las principales citas internacionales de este verano.<\/p><p>Ygueravide y Canella forman parte de un grupo de doce jugadoras que se concentrar\u00e1n en Valencia del 18 al 22 de mayo, como preparaci\u00f3n para el Mundial de Mongolia (23 al 29 de junio) y el Europeo de Dinamarca (5 al 7 de septiembre).<\/p>","protected":false},"excerpt":{"rendered":"<p>El equipo estar\u00e1 dirigido por Marta Montoliu y contar\u00e1 con Beti Orden, exfisioterapeuta del Uni Girona, como parte del cuerpo t\u00e9cnico. Las jugadoras del Uni Girona, Sandra Ygueravide y Marta Canella, han sido convocadas por la seleccionadora N\u00faria Mart\u00ednez para formar parte de la selecci\u00f3n espa\u00f1ola femenina de 3&#215;3, que preparar\u00e1 las principales citas internacionales [&hellip;]<\/p>\n","protected":false},"author":2,"featured_media":43839,"comment_status":"open","ping_status":"open","sticky":false,"template":"","format":"standard","meta":{"footnotes":""},"categories":[841],"tags":[],"class_list":["post-43843","post","type-post","status-publish","format-standard","has-post-thumbnail","hentry","category-ultima-hora"],"yoast_head":"<!-- This site is optimized with the Yoast SEO plugin v25.1 - https:\/\/yoast.com\/wordpress\/plugins\/seo\/ -->\n<title>Sandra Ygueravide y Marta Canella, convocadas con la selecci\u00f3n espa\u00f1ola 3x3 - UNI B\u00e0squet Girona<\/title>\n<meta name=\"robots\" content=\"index, follow, max-snippet:-1, max-image-preview:large, max-video-preview:-1\" \/>\n<link rel=\"canonical\" href=\"https:\/\/www.unigirona.cat\/sandra-ygueravide-i-marta-canella-convocades-amb-la-seleccio-espanyola-3x3\/\" \/>\n<meta property=\"og:locale\" content=\"es_ES\" \/>\n<meta property=\"og:type\" content=\"article\" \/>\n<meta property=\"og:title\" content=\"Sandra Ygueravide y Marta Canella, convocadas con la selecci\u00f3n espa\u00f1ola 3x3 - UNI B\u00e0squet Girona\" \/>\n<meta property=\"og:description\" content=\"El equipo estar\u00e1 dirigido por Marta Montoliu y contar\u00e1 con Beti Orden, exfisioterapeuta del Uni Girona, como parte del cuerpo t\u00e9cnico. Las jugadoras del Uni Girona, Sandra Ygueravide y Marta Canella, han sido convocadas por la seleccionadora N\u00faria Mart\u00ednez para formar parte de la selecci\u00f3n espa\u00f1ola femenina de 3&#215;3, que preparar\u00e1 las principales citas internacionales [&hellip;]\" \/>\n<meta property=\"og:url\" content=\"https:\/\/www.unigirona.cat\/sandra-ygueravide-i-marta-canella-convocades-amb-la-seleccio-espanyola-3x3\/\" \/>\n<meta property=\"og:site_name\" content=\"UNI B\u00e0squet Girona\" \/>\n<meta property=\"article:published_time\" content=\"2025-05-13T10:25:08+00:00\" \/>\n<meta property=\"article:modified_time\" content=\"2025-05-13T10:26:56+00:00\" \/>\n<meta property=\"og:image\" content=\"http:\/\/www.unigirona.cat\/wp-content\/uploads\/2025\/05\/54497204157_c811576e71_o-819x1024.jpg\" \/>\n\t<meta property=\"og:image:width\" content=\"819\" \/>\n\t<meta property=\"og:image:height\" content=\"1024\" \/>\n\t<meta property=\"og:image:type\" content=\"image\/jpeg\" \/>\n<meta name=\"author\" content=\"premsa\" \/>\n<meta name=\"twitter:card\" content=\"summary_large_image\" \/>\n<meta name=\"twitter:label1\" content=\"Escrito por\" \/>\n\t<meta name=\"twitter:data1\" content=\"premsa\" \/>\n\t<meta name=\"twitter:label2\" content=\"Tiempo de lectura\" \/>\n\t<meta name=\"twitter:data2\" content=\"1 minuto\" \/>\n<script type=\"application\/ld+json\" class=\"yoast-schema-graph\">{\"@context\":\"https:\/\/schema.org\",\"@graph\":[{\"@type\":\"WebPage\",\"@id\":\"https:\/\/www.unigirona.cat\/sandra-ygueravide-i-marta-canella-convocades-amb-la-seleccio-espanyola-3x3\/\",\"url\":\"https:\/\/www.unigirona.cat\/sandra-ygueravide-i-marta-canella-convocades-amb-la-seleccio-espanyola-3x3\/\",\"name\":\"Sandra Ygueravide y Marta Canella, convocadas con la selecci\u00f3n espa\u00f1ola 3x3 - UNI B\u00e0squet Girona\",\"isPartOf\":{\"@id\":\"https:\/\/www.unigirona.cat\/#website\"},\"primaryImageOfPage\":{\"@id\":\"https:\/\/www.unigirona.cat\/sandra-ygueravide-i-marta-canella-convocades-amb-la-seleccio-espanyola-3x3\/#primaryimage\"},\"image\":{\"@id\":\"https:\/\/www.unigirona.cat\/sandra-ygueravide-i-marta-canella-convocades-amb-la-seleccio-espanyola-3x3\/#primaryimage\"},\"thumbnailUrl\":\"https:\/\/www.unigirona.cat\/wp-content\/uploads\/2025\/05\/54497204157_c811576e71_o.jpg\",\"datePublished\":\"2025-05-13T10:25:08+00:00\",\"dateModified\":\"2025-05-13T10:26:56+00:00\",\"author\":{\"@id\":\"https:\/\/www.unigirona.cat\/#\/schema\/person\/475ba176dc25b40920d6ebae4b40d2fb\"},\"breadcrumb\":{\"@id\":\"https:\/\/www.unigirona.cat\/sandra-ygueravide-i-marta-canella-convocades-amb-la-seleccio-espanyola-3x3\/#breadcrumb\"},\"inLanguage\":\"es\",\"potentialAction\":[{\"@type\":\"ReadAction\",\"target\":[\"https:\/\/www.unigirona.cat\/sandra-ygueravide-i-marta-canella-convocades-amb-la-seleccio-espanyola-3x3\/\"]}]},{\"@type\":\"ImageObject\",\"inLanguage\":\"es\",\"@id\":\"https:\/\/www.unigirona.cat\/sandra-ygueravide-i-marta-canella-convocades-amb-la-seleccio-espanyola-3x3\/#primaryimage\",\"url\":\"https:\/\/www.unigirona.cat\/wp-content\/uploads\/2025\/05\/54497204157_c811576e71_o.jpg\",\"contentUrl\":\"https:\/\/www.unigirona.cat\/wp-content\/uploads\/2025\/05\/54497204157_c811576e71_o.jpg\",\"width\":3094,\"height\":3867},{\"@type\":\"BreadcrumbList\",\"@id\":\"https:\/\/www.unigirona.cat\/sandra-ygueravide-i-marta-canella-convocades-amb-la-seleccio-espanyola-3x3\/#breadcrumb\",\"itemListElement\":[{\"@type\":\"ListItem\",\"position\":1,\"name\":\"Portada\",\"item\":\"https:\/\/www.unigirona.cat\/\"},{\"@type\":\"ListItem\",\"position\":2,\"name\":\"Sandra Ygueravide y Marta Canella, convocadas con la selecci\u00f3n espa\u00f1ola 3&#215;3\"}]},{\"@type\":\"WebSite\",\"@id\":\"https:\/\/www.unigirona.cat\/#website\",\"url\":\"https:\/\/www.unigirona.cat\/\",\"name\":\"Spar Girona\",\"description\":\"\",\"potentialAction\":[{\"@type\":\"SearchAction\",\"target\":{\"@type\":\"EntryPoint\",\"urlTemplate\":\"https:\/\/www.unigirona.cat\/?s={search_term_string}\"},\"query-input\":{\"@type\":\"PropertyValueSpecification\",\"valueRequired\":true,\"valueName\":\"search_term_string\"}}],\"inLanguage\":\"es\"},{\"@type\":\"Person\",\"@id\":\"https:\/\/www.unigirona.cat\/#\/schema\/person\/475ba176dc25b40920d6ebae4b40d2fb\",\"name\":\"premsa\",\"image\":{\"@type\":\"ImageObject\",\"inLanguage\":\"es\",\"@id\":\"https:\/\/www.unigirona.cat\/#\/schema\/person\/image\/\",\"url\":\"https:\/\/secure.gravatar.com\/avatar\/aaa70a46dde13fc461ebe5bc96d2c4be?s=96&d=mm&r=g\",\"contentUrl\":\"https:\/\/secure.gravatar.com\/avatar\/aaa70a46dde13fc461ebe5bc96d2c4be?s=96&d=mm&r=g\",\"caption\":\"premsa\"},\"url\":\"https:\/\/www.unigirona.cat\/es\/author\/premsa\/\"}]}<\/script>\n<!-- \/ Yoast SEO plugin. -->","yoast_head_json":{"title":"Sandra Ygueravide y Marta Canella, convocadas con la selecci\u00f3n espa\u00f1ola 3x3 - UNI B\u00e0squet Girona","robots":{"index":"index","follow":"follow","max-snippet":"max-snippet:-1","max-image-preview":"max-image-preview:large","max-video-preview":"max-video-preview:-1"},"canonical":"https:\/\/www.unigirona.cat\/sandra-ygueravide-i-marta-canella-convocades-amb-la-seleccio-espanyola-3x3\/","og_locale":"es_ES","og_type":"article","og_title":"Sandra Ygueravide y Marta Canella, convocadas con la selecci\u00f3n espa\u00f1ola 3x3 - UNI B\u00e0squet Girona","og_description":"El equipo estar\u00e1 dirigido por Marta Montoliu y contar\u00e1 con Beti Orden, exfisioterapeuta del Uni Girona, como parte del cuerpo t\u00e9cnico. Las jugadoras del Uni Girona, Sandra Ygueravide y Marta Canella, han sido convocadas por la seleccionadora N\u00faria Mart\u00ednez para formar parte de la selecci\u00f3n espa\u00f1ola femenina de 3&#215;3, que preparar\u00e1 las principales citas internacionales [&hellip;]","og_url":"https:\/\/www.unigirona.cat\/sandra-ygueravide-i-marta-canella-convocades-amb-la-seleccio-espanyola-3x3\/","og_site_name":"UNI B\u00e0squet Girona","article_published_time":"2025-05-13T10:25:08+00:00","article_modified_time":"2025-05-13T10:26:56+00:00","og_image":[{"width":819,"height":1024,"url":"http:\/\/www.unigirona.cat\/wp-content\/uploads\/2025\/05\/54497204157_c811576e71_o-819x1024.jpg","type":"image\/jpeg"}],"author":"premsa","twitter_card":"summary_large_image","twitter_misc":{"Escrito por":"premsa","Tiempo de lectura":"1 minuto"},"schema":{"@context":"https:\/\/schema.org","@graph":[{"@type":"WebPage","@id":"https:\/\/www.unigirona.cat\/sandra-ygueravide-i-marta-canella-convocades-amb-la-seleccio-espanyola-3x3\/","url":"https:\/\/www.unigirona.cat\/sandra-ygueravide-i-marta-canella-convocades-amb-la-seleccio-espanyola-3x3\/","name":"Sandra Ygueravide y Marta Canella, convocadas con la selecci\u00f3n espa\u00f1ola 3x3 - UNI B\u00e0squet Girona","isPartOf":{"@id":"https:\/\/www.unigirona.cat\/#website"},"primaryImageOfPage":{"@id":"https:\/\/www.unigirona.cat\/sandra-ygueravide-i-marta-canella-convocades-amb-la-seleccio-espanyola-3x3\/#primaryimage"},"image":{"@id":"https:\/\/www.unigirona.cat\/sandra-ygueravide-i-marta-canella-convocades-amb-la-seleccio-espanyola-3x3\/#primaryimage"},"thumbnailUrl":"https:\/\/www.unigirona.cat\/wp-content\/uploads\/2025\/05\/54497204157_c811576e71_o.jpg","datePublished":"2025-05-13T10:25:08+00:00","dateModified":"2025-05-13T10:26:56+00:00","author":{"@id":"https:\/\/www.unigirona.cat\/#\/schema\/person\/475ba176dc25b40920d6ebae4b40d2fb"},"breadcrumb":{"@id":"https:\/\/www.unigirona.cat\/sandra-ygueravide-i-marta-canella-convocades-amb-la-seleccio-espanyola-3x3\/#breadcrumb"},"inLanguage":"es","potentialAction":[{"@type":"ReadAction","target":["https:\/\/www.unigirona.cat\/sandra-ygueravide-i-marta-canella-convocades-amb-la-seleccio-espanyola-3x3\/"]}]},{"@type":"ImageObject","inLanguage":"es","@id":"https:\/\/www.unigirona.cat\/sandra-ygueravide-i-marta-canella-convocades-amb-la-seleccio-espanyola-3x3\/#primaryimage","url":"https:\/\/www.unigirona.cat\/wp-content\/uploads\/2025\/05\/54497204157_c811576e71_o.jpg","contentUrl":"https:\/\/www.unigirona.cat\/wp-content\/uploads\/2025\/05\/54497204157_c811576e71_o.jpg","width":3094,"height":3867},{"@type":"BreadcrumbList","@id":"https:\/\/www.unigirona.cat\/sandra-ygueravide-i-marta-canella-convocades-amb-la-seleccio-espanyola-3x3\/#breadcrumb","itemListElement":[{"@type":"ListItem","position":1,"name":"Portada","item":"https:\/\/www.unigirona.cat\/"},{"@type":"ListItem","position":2,"name":"Sandra Ygueravide y Marta Canella, convocadas con la selecci\u00f3n espa\u00f1ola 3&#215;3"}]},{"@type":"WebSite","@id":"https:\/\/www.unigirona.cat\/#website","url":"https:\/\/www.unigirona.cat\/","name":"Spar Girona","description":"","potentialAction":[{"@type":"SearchAction","target":{"@type":"EntryPoint","urlTemplate":"https:\/\/www.unigirona.cat\/?s={search_term_string}"},"query-input":{"@type":"PropertyValueSpecification","valueRequired":true,"valueName":"search_term_string"}}],"inLanguage":"es"},{"@type":"Person","@id":"https:\/\/www.unigirona.cat\/#\/schema\/person\/475ba176dc25b40920d6ebae4b40d2fb","name":"premsa","image":{"@type":"ImageObject","inLanguage":"es","@id":"https:\/\/www.unigirona.cat\/#\/schema\/person\/image\/","url":"https:\/\/secure.gravatar.com\/avatar\/aaa70a46dde13fc461ebe5bc96d2c4be?s=96&d=mm&r=g","contentUrl":"https:\/\/secure.gravatar.com\/avatar\/aaa70a46dde13fc461ebe5bc96d2c4be?s=96&d=mm&r=g","caption":"premsa"},"url":"https:\/\/www.unigirona.cat\/es\/author\/premsa\/"}]}},"_links":{"self":[{"href":"https:\/\/www.unigirona.cat\/es\/wp-json\/wp\/v2\/posts\/43843"}],"collection":[{"href":"https:\/\/www.unigirona.cat\/es\/wp-json\/wp\/v2\/posts"}],"about":[{"href":"https:\/\/www.unigirona.cat\/es\/wp-json\/wp\/v2\/types\/post"}],"author":[{"embeddable":true,"href":"https:\/\/www.unigirona.cat\/es\/wp-json\/wp\/v2\/users\/2"}],"replies":[{"embeddable":true,"href":"https:\/\/www.unigirona.cat\/es\/wp-json\/wp\/v2\/comments?post=43843"}],"version-history":[{"count":1,"href":"https:\/\/www.unigirona.cat\/es\/wp-json\/wp\/v2\/posts\/43843\/revisions"}],"predecessor-version":[{"id":43844,"href":"https:\/\/www.unigirona.cat\/es\/wp-json\/wp\/v2\/posts\/43843\/revisions\/43844"}],"wp:featuredmedia":[{"embeddable":true,"href":"https:\/\/www.unigirona.cat\/es\/wp-json\/wp\/v2\/media\/43839"}],"wp:attachment":[{"href":"https:\/\/www.unigirona.cat\/es\/wp-json\/wp\/v2\/media?parent=43843"}],"wp:term":[{"taxonomy":"category","embeddable":true,"href":"https:\/\/www.unigirona.cat\/es\/wp-json\/wp\/v2\/categories?post=43843"},{"taxonomy":"post_tag","embeddable":true,"href":"https:\/\/www.unigirona.cat\/es\/wp-json\/wp\/v2\/tags?post=43843"}],"curies":[{"name":"wp","href":"https:\/\/api.w.org\/{rel}","templated":true}]}}