{"id":43853,"date":"2025-05-14T16:33:10","date_gmt":"2025-05-14T14:33:10","guid":{"rendered":"https:\/\/www.unigirona.cat\/?p=43853"},"modified":"2025-05-14T16:38:09","modified_gmt":"2025-05-14T14:38:09","slug":"carolina-guerrero-convocada-por-la-seleccion-espanola-como-jugadora-invitada","status":"publish","type":"post","link":"https:\/\/www.unigirona.cat\/es\/carolina-guerrero-convocada-por-la-seleccion-espanola-como-jugadora-invitada\/","title":{"rendered":"Carolina Guerrero, convocada por la selecci\u00f3n espa\u00f1ola como jugadora invitada"},"content":{"rendered":"<p>La jugadora de Uni Girona, Carolina Guerrero, ha sido convocada como invitada para incorporarse a la concentraci\u00f3n de la selecci\u00f3n espa\u00f1ola, mientras Raquel Carrera se recupera de un esguince de tobillo.<\/p><p>Guerrero llega a esta convocatoria tras un muy buen tramo final de temporada. En los cuatro partidos disputados durante los playoffs de la Liga Femenina, ha mejorado sus prestaciones con una media de 10 puntos por partido, un destacado 42,9 % en triples, 3,3 rebotes y 8,8 de valoraci\u00f3n.<\/p><p>Desde el club celebramos este reconocimiento y le deseamos muchos \u00e9xitos en esta nueva experiencia.<\/p>","protected":false},"excerpt":{"rendered":"<p>La jugadora de Uni Girona, Carolina Guerrero, ha sido convocada como invitada para incorporarse a la concentraci\u00f3n de la selecci\u00f3n espa\u00f1ola, mientras Raquel Carrera se recupera de un esguince de tobillo. Guerrero llega a esta convocatoria tras un muy buen tramo final de temporada. En los cuatro partidos disputados durante los playoffs de la Liga [&hellip;]<\/p>\n","protected":false},"author":2,"featured_media":43849,"comment_status":"open","ping_status":"open","sticky":false,"template":"","format":"standard","meta":{"footnotes":""},"categories":[858],"tags":[],"class_list":["post-43853","post","type-post","status-publish","format-standard","has-post-thumbnail","hentry","category-lf-endesa-es"],"yoast_head":"<!-- This site is optimized with the Yoast SEO plugin v25.1 - https:\/\/yoast.com\/wordpress\/plugins\/seo\/ -->\n<title>Carolina Guerrero, convocada por la selecci\u00f3n espa\u00f1ola como jugadora invitada - UNI B\u00e0squet Girona<\/title>\n<meta name=\"robots\" content=\"index, follow, max-snippet:-1, max-image-preview:large, max-video-preview:-1\" \/>\n<link rel=\"canonical\" href=\"https:\/\/www.unigirona.cat\/es\/carolina-guerrero-convocada-por-la-seleccion-espanola-como-jugadora-invitada\/\" \/>\n<meta property=\"og:locale\" content=\"es_ES\" \/>\n<meta property=\"og:type\" content=\"article\" \/>\n<meta property=\"og:title\" content=\"Carolina Guerrero, convocada por la selecci\u00f3n espa\u00f1ola como jugadora invitada - UNI B\u00e0squet Girona\" \/>\n<meta property=\"og:description\" content=\"La jugadora de Uni Girona, Carolina Guerrero, ha sido convocada como invitada para incorporarse a la concentraci\u00f3n de la selecci\u00f3n espa\u00f1ola, mientras Raquel Carrera se recupera de un esguince de tobillo. Guerrero llega a esta convocatoria tras un muy buen tramo final de temporada. En los cuatro partidos disputados durante los playoffs de la Liga [&hellip;]\" \/>\n<meta property=\"og:url\" content=\"https:\/\/www.unigirona.cat\/es\/carolina-guerrero-convocada-por-la-seleccion-espanola-como-jugadora-invitada\/\" \/>\n<meta property=\"og:site_name\" content=\"UNI B\u00e0squet Girona\" \/>\n<meta property=\"article:published_time\" content=\"2025-05-14T14:33:10+00:00\" \/>\n<meta property=\"article:modified_time\" content=\"2025-05-14T14:38:09+00:00\" \/>\n<meta property=\"og:image\" content=\"http:\/\/www.unigirona.cat\/wp-content\/uploads\/2025\/05\/54141418867_56540a1f7c_o-819x1024.jpg\" \/>\n\t<meta property=\"og:image:width\" content=\"819\" \/>\n\t<meta property=\"og:image:height\" content=\"1024\" \/>\n\t<meta property=\"og:image:type\" content=\"image\/jpeg\" \/>\n<meta name=\"author\" content=\"premsa\" \/>\n<meta name=\"twitter:card\" content=\"summary_large_image\" \/>\n<meta name=\"twitter:label1\" content=\"Escrito por\" \/>\n\t<meta name=\"twitter:data1\" content=\"premsa\" \/>\n\t<meta name=\"twitter:label2\" content=\"Tiempo de lectura\" \/>\n\t<meta name=\"twitter:data2\" content=\"1 minuto\" \/>\n<script type=\"application\/ld+json\" class=\"yoast-schema-graph\">{\"@context\":\"https:\/\/schema.org\",\"@graph\":[{\"@type\":\"WebPage\",\"@id\":\"https:\/\/www.unigirona.cat\/es\/carolina-guerrero-convocada-por-la-seleccion-espanola-como-jugadora-invitada\/\",\"url\":\"https:\/\/www.unigirona.cat\/es\/carolina-guerrero-convocada-por-la-seleccion-espanola-como-jugadora-invitada\/\",\"name\":\"Carolina Guerrero, convocada por la selecci\u00f3n espa\u00f1ola como jugadora invitada - UNI B\u00e0squet Girona\",\"isPartOf\":{\"@id\":\"https:\/\/www.unigirona.cat\/#website\"},\"primaryImageOfPage\":{\"@id\":\"https:\/\/www.unigirona.cat\/es\/carolina-guerrero-convocada-por-la-seleccion-espanola-como-jugadora-invitada\/#primaryimage\"},\"image\":{\"@id\":\"https:\/\/www.unigirona.cat\/es\/carolina-guerrero-convocada-por-la-seleccion-espanola-como-jugadora-invitada\/#primaryimage\"},\"thumbnailUrl\":\"https:\/\/www.unigirona.cat\/wp-content\/uploads\/2025\/05\/54141418867_56540a1f7c_o.jpg\",\"datePublished\":\"2025-05-14T14:33:10+00:00\",\"dateModified\":\"2025-05-14T14:38:09+00:00\",\"author\":{\"@id\":\"https:\/\/www.unigirona.cat\/#\/schema\/person\/475ba176dc25b40920d6ebae4b40d2fb\"},\"breadcrumb\":{\"@id\":\"https:\/\/www.unigirona.cat\/es\/carolina-guerrero-convocada-por-la-seleccion-espanola-como-jugadora-invitada\/#breadcrumb\"},\"inLanguage\":\"es\",\"potentialAction\":[{\"@type\":\"ReadAction\",\"target\":[\"https:\/\/www.unigirona.cat\/es\/carolina-guerrero-convocada-por-la-seleccion-espanola-como-jugadora-invitada\/\"]}]},{\"@type\":\"ImageObject\",\"inLanguage\":\"es\",\"@id\":\"https:\/\/www.unigirona.cat\/es\/carolina-guerrero-convocada-por-la-seleccion-espanola-como-jugadora-invitada\/#primaryimage\",\"url\":\"https:\/\/www.unigirona.cat\/wp-content\/uploads\/2025\/05\/54141418867_56540a1f7c_o.jpg\",\"contentUrl\":\"https:\/\/www.unigirona.cat\/wp-content\/uploads\/2025\/05\/54141418867_56540a1f7c_o.jpg\",\"width\":2969,\"height\":3711},{\"@type\":\"BreadcrumbList\",\"@id\":\"https:\/\/www.unigirona.cat\/es\/carolina-guerrero-convocada-por-la-seleccion-espanola-como-jugadora-invitada\/#breadcrumb\",\"itemListElement\":[{\"@type\":\"ListItem\",\"position\":1,\"name\":\"Portada\",\"item\":\"https:\/\/www.unigirona.cat\/\"},{\"@type\":\"ListItem\",\"position\":2,\"name\":\"Carolina Guerrero, convocada por la selecci\u00f3n espa\u00f1ola como jugadora invitada\"}]},{\"@type\":\"WebSite\",\"@id\":\"https:\/\/www.unigirona.cat\/#website\",\"url\":\"https:\/\/www.unigirona.cat\/\",\"name\":\"Spar Girona\",\"description\":\"\",\"potentialAction\":[{\"@type\":\"SearchAction\",\"target\":{\"@type\":\"EntryPoint\",\"urlTemplate\":\"https:\/\/www.unigirona.cat\/?s={search_term_string}\"},\"query-input\":{\"@type\":\"PropertyValueSpecification\",\"valueRequired\":true,\"valueName\":\"search_term_string\"}}],\"inLanguage\":\"es\"},{\"@type\":\"Person\",\"@id\":\"https:\/\/www.unigirona.cat\/#\/schema\/person\/475ba176dc25b40920d6ebae4b40d2fb\",\"name\":\"premsa\",\"image\":{\"@type\":\"ImageObject\",\"inLanguage\":\"es\",\"@id\":\"https:\/\/www.unigirona.cat\/#\/schema\/person\/image\/\",\"url\":\"https:\/\/secure.gravatar.com\/avatar\/aaa70a46dde13fc461ebe5bc96d2c4be?s=96&d=mm&r=g\",\"contentUrl\":\"https:\/\/secure.gravatar.com\/avatar\/aaa70a46dde13fc461ebe5bc96d2c4be?s=96&d=mm&r=g\",\"caption\":\"premsa\"},\"url\":\"https:\/\/www.unigirona.cat\/es\/author\/premsa\/\"}]}<\/script>\n<!-- \/ Yoast SEO plugin. -->","yoast_head_json":{"title":"Carolina Guerrero, convocada por la selecci\u00f3n espa\u00f1ola como jugadora invitada - UNI B\u00e0squet Girona","robots":{"index":"index","follow":"follow","max-snippet":"max-snippet:-1","max-image-preview":"max-image-preview:large","max-video-preview":"max-video-preview:-1"},"canonical":"https:\/\/www.unigirona.cat\/es\/carolina-guerrero-convocada-por-la-seleccion-espanola-como-jugadora-invitada\/","og_locale":"es_ES","og_type":"article","og_title":"Carolina Guerrero, convocada por la selecci\u00f3n espa\u00f1ola como jugadora invitada - UNI B\u00e0squet Girona","og_description":"La jugadora de Uni Girona, Carolina Guerrero, ha sido convocada como invitada para incorporarse a la concentraci\u00f3n de la selecci\u00f3n espa\u00f1ola, mientras Raquel Carrera se recupera de un esguince de tobillo. Guerrero llega a esta convocatoria tras un muy buen tramo final de temporada. En los cuatro partidos disputados durante los playoffs de la Liga [&hellip;]","og_url":"https:\/\/www.unigirona.cat\/es\/carolina-guerrero-convocada-por-la-seleccion-espanola-como-jugadora-invitada\/","og_site_name":"UNI B\u00e0squet Girona","article_published_time":"2025-05-14T14:33:10+00:00","article_modified_time":"2025-05-14T14:38:09+00:00","og_image":[{"width":819,"height":1024,"url":"http:\/\/www.unigirona.cat\/wp-content\/uploads\/2025\/05\/54141418867_56540a1f7c_o-819x1024.jpg","type":"image\/jpeg"}],"author":"premsa","twitter_card":"summary_large_image","twitter_misc":{"Escrito por":"premsa","Tiempo de lectura":"1 minuto"},"schema":{"@context":"https:\/\/schema.org","@graph":[{"@type":"WebPage","@id":"https:\/\/www.unigirona.cat\/es\/carolina-guerrero-convocada-por-la-seleccion-espanola-como-jugadora-invitada\/","url":"https:\/\/www.unigirona.cat\/es\/carolina-guerrero-convocada-por-la-seleccion-espanola-como-jugadora-invitada\/","name":"Carolina Guerrero, convocada por la selecci\u00f3n espa\u00f1ola como jugadora invitada - UNI B\u00e0squet Girona","isPartOf":{"@id":"https:\/\/www.unigirona.cat\/#website"},"primaryImageOfPage":{"@id":"https:\/\/www.unigirona.cat\/es\/carolina-guerrero-convocada-por-la-seleccion-espanola-como-jugadora-invitada\/#primaryimage"},"image":{"@id":"https:\/\/www.unigirona.cat\/es\/carolina-guerrero-convocada-por-la-seleccion-espanola-como-jugadora-invitada\/#primaryimage"},"thumbnailUrl":"https:\/\/www.unigirona.cat\/wp-content\/uploads\/2025\/05\/54141418867_56540a1f7c_o.jpg","datePublished":"2025-05-14T14:33:10+00:00","dateModified":"2025-05-14T14:38:09+00:00","author":{"@id":"https:\/\/www.unigirona.cat\/#\/schema\/person\/475ba176dc25b40920d6ebae4b40d2fb"},"breadcrumb":{"@id":"https:\/\/www.unigirona.cat\/es\/carolina-guerrero-convocada-por-la-seleccion-espanola-como-jugadora-invitada\/#breadcrumb"},"inLanguage":"es","potentialAction":[{"@type":"ReadAction","target":["https:\/\/www.unigirona.cat\/es\/carolina-guerrero-convocada-por-la-seleccion-espanola-como-jugadora-invitada\/"]}]},{"@type":"ImageObject","inLanguage":"es","@id":"https:\/\/www.unigirona.cat\/es\/carolina-guerrero-convocada-por-la-seleccion-espanola-como-jugadora-invitada\/#primaryimage","url":"https:\/\/www.unigirona.cat\/wp-content\/uploads\/2025\/05\/54141418867_56540a1f7c_o.jpg","contentUrl":"https:\/\/www.unigirona.cat\/wp-content\/uploads\/2025\/05\/54141418867_56540a1f7c_o.jpg","width":2969,"height":3711},{"@type":"BreadcrumbList","@id":"https:\/\/www.unigirona.cat\/es\/carolina-guerrero-convocada-por-la-seleccion-espanola-como-jugadora-invitada\/#breadcrumb","itemListElement":[{"@type":"ListItem","position":1,"name":"Portada","item":"https:\/\/www.unigirona.cat\/"},{"@type":"ListItem","position":2,"name":"Carolina Guerrero, convocada por la selecci\u00f3n espa\u00f1ola como jugadora invitada"}]},{"@type":"WebSite","@id":"https:\/\/www.unigirona.cat\/#website","url":"https:\/\/www.unigirona.cat\/","name":"Spar Girona","description":"","potentialAction":[{"@type":"SearchAction","target":{"@type":"EntryPoint","urlTemplate":"https:\/\/www.unigirona.cat\/?s={search_term_string}"},"query-input":{"@type":"PropertyValueSpecification","valueRequired":true,"valueName":"search_term_string"}}],"inLanguage":"es"},{"@type":"Person","@id":"https:\/\/www.unigirona.cat\/#\/schema\/person\/475ba176dc25b40920d6ebae4b40d2fb","name":"premsa","image":{"@type":"ImageObject","inLanguage":"es","@id":"https:\/\/www.unigirona.cat\/#\/schema\/person\/image\/","url":"https:\/\/secure.gravatar.com\/avatar\/aaa70a46dde13fc461ebe5bc96d2c4be?s=96&d=mm&r=g","contentUrl":"https:\/\/secure.gravatar.com\/avatar\/aaa70a46dde13fc461ebe5bc96d2c4be?s=96&d=mm&r=g","caption":"premsa"},"url":"https:\/\/www.unigirona.cat\/es\/author\/premsa\/"}]}},"_links":{"self":[{"href":"https:\/\/www.unigirona.cat\/es\/wp-json\/wp\/v2\/posts\/43853"}],"collection":[{"href":"https:\/\/www.unigirona.cat\/es\/wp-json\/wp\/v2\/posts"}],"about":[{"href":"https:\/\/www.unigirona.cat\/es\/wp-json\/wp\/v2\/types\/post"}],"author":[{"embeddable":true,"href":"https:\/\/www.unigirona.cat\/es\/wp-json\/wp\/v2\/users\/2"}],"replies":[{"embeddable":true,"href":"https:\/\/www.unigirona.cat\/es\/wp-json\/wp\/v2\/comments?post=43853"}],"version-history":[{"count":1,"href":"https:\/\/www.unigirona.cat\/es\/wp-json\/wp\/v2\/posts\/43853\/revisions"}],"predecessor-version":[{"id":43854,"href":"https:\/\/www.unigirona.cat\/es\/wp-json\/wp\/v2\/posts\/43853\/revisions\/43854"}],"wp:featuredmedia":[{"embeddable":true,"href":"https:\/\/www.unigirona.cat\/es\/wp-json\/wp\/v2\/media\/43849"}],"wp:attachment":[{"href":"https:\/\/www.unigirona.cat\/es\/wp-json\/wp\/v2\/media?parent=43853"}],"wp:term":[{"taxonomy":"category","embeddable":true,"href":"https:\/\/www.unigirona.cat\/es\/wp-json\/wp\/v2\/categories?post=43853"},{"taxonomy":"post_tag","embeddable":true,"href":"https:\/\/www.unigirona.cat\/es\/wp-json\/wp\/v2\/tags?post=43853"}],"curies":[{"name":"wp","href":"https:\/\/api.w.org\/{rel}","templated":true}]}}