{"id":44122,"date":"2025-06-13T13:01:20","date_gmt":"2025-06-13T11:01:20","guid":{"rendered":"https:\/\/www.unigirona.cat\/?p=44122"},"modified":"2025-06-13T13:10:03","modified_gmt":"2025-06-13T11:10:03","slug":"sandra-ygueravide-pone-punto-final-a-su-trayectoria-en-el-baloncesto-5x5","status":"publish","type":"post","link":"https:\/\/www.unigirona.cat\/es\/sandra-ygueravide-pone-punto-final-a-su-trayectoria-en-el-baloncesto-5x5\/","title":{"rendered":"Sandra Ygueravide pone punto final a su trayectoria en el baloncesto 5&#215;5"},"content":{"rendered":"<p>La salida de Ygueravide se suma a las bajas confirmadas de Vionise Pierre-Louis, Natasha Mack, Imane Tate, Migna Tour\u00e9 y Borislava Hristova.<\/p><p>Desde Spar Girona anunciamos la baja de Sandra Ygueravide para la pr\u00f3xima temporada. La base valenciana y capitana del equipo se retira del baloncesto 5&#215;5 a los 40 a\u00f1os para centrarse exclusivamente en la modalidad 3&#215;3, en la que es internacional y medallista ol\u00edmpica de plata en los Juegos de Par\u00eds.<\/p><p>Tras dos temporadas defendiendo con entrega y talento nuestra camiseta, Ygueravide ha decidido cerrar una etapa brillante en las pistas. \u201cPongo punto y final a una etapa que ha durado mucho m\u00e1s de lo que habr\u00eda imaginado. Si me lo hubieran dicho con 9 a\u00f1os, no me lo habr\u00eda cre\u00eddo. Ha sido una carrera en la que siempre he disfrutado y me llevo un pedacito de todos vosotros. Espero haber aportado tambi\u00e9n algo a vuestras vidas\u201d, ha expresado emocionada en un v\u00eddeo de despedida.<\/p><p>Con una trayectoria extensa e internacional, Sandra ha dejado huella en equipos de seis ligas diferentes: Ros Casares, Perfumer\u00edas Avenida, Arranz Jopisa de Burgos, Estudiantes, Hondarribia, Aix-en-Provence (Francia), Adana Botas, Hatay, Mersin y Besiktas de la liga turca; Santa Maria (Ecuador); CREF Hola Madrid, Wisla (Polonia), Nadezhda (Rusia), Uni Gyor (Hungr\u00eda), ESBVA (Francia), Gernika y el Uni.<\/p><p>Desde el club queremos agradecer profundamente a Sandra su profesionalidad, liderazgo y compromiso con el equipo. Gracias por todo, capi. Te deseamos mucha suerte en esta nueva etapa. Esta siempre ser\u00e1 tu casa.<\/p>","protected":false},"excerpt":{"rendered":"<p>La salida de Ygueravide se suma a las bajas confirmadas de Vionise Pierre-Louis, Natasha Mack, Imane Tate, Migna Tour\u00e9 y Borislava Hristova. Desde Spar Girona anunciamos la baja de Sandra Ygueravide para la pr\u00f3xima temporada. La base valenciana y capitana del equipo se retira del baloncesto 5&#215;5 a los 40 a\u00f1os para centrarse exclusivamente en [&hellip;]<\/p>\n","protected":false},"author":2,"featured_media":44118,"comment_status":"open","ping_status":"open","sticky":false,"template":"","format":"standard","meta":{"footnotes":""},"categories":[863],"tags":[],"class_list":["post-44122","post","type-post","status-publish","format-standard","has-post-thumbnail","hentry","category-ultima-hora-es"],"yoast_head":"<!-- This site is optimized with the Yoast SEO plugin v25.1 - https:\/\/yoast.com\/wordpress\/plugins\/seo\/ -->\n<title>Sandra Ygueravide pone punto final a su trayectoria en el baloncesto 5x5 - UNI B\u00e0squet Girona<\/title>\n<meta name=\"robots\" content=\"index, follow, max-snippet:-1, max-image-preview:large, max-video-preview:-1\" \/>\n<link rel=\"canonical\" href=\"https:\/\/www.unigirona.cat\/es\/sandra-ygueravide-pone-punto-final-a-su-trayectoria-en-el-baloncesto-5x5\/\" \/>\n<meta property=\"og:locale\" content=\"es_ES\" \/>\n<meta property=\"og:type\" content=\"article\" \/>\n<meta property=\"og:title\" content=\"Sandra Ygueravide pone punto final a su trayectoria en el baloncesto 5x5 - UNI B\u00e0squet Girona\" \/>\n<meta property=\"og:description\" content=\"La salida de Ygueravide se suma a las bajas confirmadas de Vionise Pierre-Louis, Natasha Mack, Imane Tate, Migna Tour\u00e9 y Borislava Hristova. Desde Spar Girona anunciamos la baja de Sandra Ygueravide para la pr\u00f3xima temporada. La base valenciana y capitana del equipo se retira del baloncesto 5&#215;5 a los 40 a\u00f1os para centrarse exclusivamente en [&hellip;]\" \/>\n<meta property=\"og:url\" content=\"https:\/\/www.unigirona.cat\/es\/sandra-ygueravide-pone-punto-final-a-su-trayectoria-en-el-baloncesto-5x5\/\" \/>\n<meta property=\"og:site_name\" content=\"UNI B\u00e0squet Girona\" \/>\n<meta property=\"article:published_time\" content=\"2025-06-13T11:01:20+00:00\" \/>\n<meta property=\"article:modified_time\" content=\"2025-06-13T11:10:03+00:00\" \/>\n<meta property=\"og:image\" content=\"http:\/\/www.unigirona.cat\/wp-content\/uploads\/2025\/06\/54403301214_0879c6d1bb_o-1024x683.jpg\" \/>\n\t<meta property=\"og:image:width\" content=\"1024\" \/>\n\t<meta property=\"og:image:height\" content=\"683\" \/>\n\t<meta property=\"og:image:type\" content=\"image\/jpeg\" \/>\n<meta name=\"author\" content=\"premsa\" \/>\n<meta name=\"twitter:card\" content=\"summary_large_image\" \/>\n<meta name=\"twitter:label1\" content=\"Escrito por\" \/>\n\t<meta name=\"twitter:data1\" content=\"premsa\" \/>\n\t<meta name=\"twitter:label2\" content=\"Tiempo de lectura\" \/>\n\t<meta name=\"twitter:data2\" content=\"2 minutos\" \/>\n<script type=\"application\/ld+json\" class=\"yoast-schema-graph\">{\"@context\":\"https:\/\/schema.org\",\"@graph\":[{\"@type\":\"WebPage\",\"@id\":\"https:\/\/www.unigirona.cat\/es\/sandra-ygueravide-pone-punto-final-a-su-trayectoria-en-el-baloncesto-5x5\/\",\"url\":\"https:\/\/www.unigirona.cat\/es\/sandra-ygueravide-pone-punto-final-a-su-trayectoria-en-el-baloncesto-5x5\/\",\"name\":\"Sandra Ygueravide pone punto final a su trayectoria en el baloncesto 5x5 - UNI B\u00e0squet Girona\",\"isPartOf\":{\"@id\":\"https:\/\/www.unigirona.cat\/#website\"},\"primaryImageOfPage\":{\"@id\":\"https:\/\/www.unigirona.cat\/es\/sandra-ygueravide-pone-punto-final-a-su-trayectoria-en-el-baloncesto-5x5\/#primaryimage\"},\"image\":{\"@id\":\"https:\/\/www.unigirona.cat\/es\/sandra-ygueravide-pone-punto-final-a-su-trayectoria-en-el-baloncesto-5x5\/#primaryimage\"},\"thumbnailUrl\":\"https:\/\/www.unigirona.cat\/wp-content\/uploads\/2025\/06\/54403301214_0879c6d1bb_o.jpg\",\"datePublished\":\"2025-06-13T11:01:20+00:00\",\"dateModified\":\"2025-06-13T11:10:03+00:00\",\"author\":{\"@id\":\"https:\/\/www.unigirona.cat\/#\/schema\/person\/475ba176dc25b40920d6ebae4b40d2fb\"},\"breadcrumb\":{\"@id\":\"https:\/\/www.unigirona.cat\/es\/sandra-ygueravide-pone-punto-final-a-su-trayectoria-en-el-baloncesto-5x5\/#breadcrumb\"},\"inLanguage\":\"es\",\"potentialAction\":[{\"@type\":\"ReadAction\",\"target\":[\"https:\/\/www.unigirona.cat\/es\/sandra-ygueravide-pone-punto-final-a-su-trayectoria-en-el-baloncesto-5x5\/\"]}]},{\"@type\":\"ImageObject\",\"inLanguage\":\"es\",\"@id\":\"https:\/\/www.unigirona.cat\/es\/sandra-ygueravide-pone-punto-final-a-su-trayectoria-en-el-baloncesto-5x5\/#primaryimage\",\"url\":\"https:\/\/www.unigirona.cat\/wp-content\/uploads\/2025\/06\/54403301214_0879c6d1bb_o.jpg\",\"contentUrl\":\"https:\/\/www.unigirona.cat\/wp-content\/uploads\/2025\/06\/54403301214_0879c6d1bb_o.jpg\",\"width\":4393,\"height\":2929},{\"@type\":\"BreadcrumbList\",\"@id\":\"https:\/\/www.unigirona.cat\/es\/sandra-ygueravide-pone-punto-final-a-su-trayectoria-en-el-baloncesto-5x5\/#breadcrumb\",\"itemListElement\":[{\"@type\":\"ListItem\",\"position\":1,\"name\":\"Portada\",\"item\":\"https:\/\/www.unigirona.cat\/\"},{\"@type\":\"ListItem\",\"position\":2,\"name\":\"Sandra Ygueravide pone punto final a su trayectoria en el baloncesto 5&#215;5\"}]},{\"@type\":\"WebSite\",\"@id\":\"https:\/\/www.unigirona.cat\/#website\",\"url\":\"https:\/\/www.unigirona.cat\/\",\"name\":\"Spar Girona\",\"description\":\"\",\"potentialAction\":[{\"@type\":\"SearchAction\",\"target\":{\"@type\":\"EntryPoint\",\"urlTemplate\":\"https:\/\/www.unigirona.cat\/?s={search_term_string}\"},\"query-input\":{\"@type\":\"PropertyValueSpecification\",\"valueRequired\":true,\"valueName\":\"search_term_string\"}}],\"inLanguage\":\"es\"},{\"@type\":\"Person\",\"@id\":\"https:\/\/www.unigirona.cat\/#\/schema\/person\/475ba176dc25b40920d6ebae4b40d2fb\",\"name\":\"premsa\",\"image\":{\"@type\":\"ImageObject\",\"inLanguage\":\"es\",\"@id\":\"https:\/\/www.unigirona.cat\/#\/schema\/person\/image\/\",\"url\":\"https:\/\/secure.gravatar.com\/avatar\/aaa70a46dde13fc461ebe5bc96d2c4be?s=96&d=mm&r=g\",\"contentUrl\":\"https:\/\/secure.gravatar.com\/avatar\/aaa70a46dde13fc461ebe5bc96d2c4be?s=96&d=mm&r=g\",\"caption\":\"premsa\"},\"url\":\"https:\/\/www.unigirona.cat\/es\/author\/premsa\/\"}]}<\/script>\n<!-- \/ Yoast SEO plugin. -->","yoast_head_json":{"title":"Sandra Ygueravide pone punto final a su trayectoria en el baloncesto 5x5 - UNI B\u00e0squet Girona","robots":{"index":"index","follow":"follow","max-snippet":"max-snippet:-1","max-image-preview":"max-image-preview:large","max-video-preview":"max-video-preview:-1"},"canonical":"https:\/\/www.unigirona.cat\/es\/sandra-ygueravide-pone-punto-final-a-su-trayectoria-en-el-baloncesto-5x5\/","og_locale":"es_ES","og_type":"article","og_title":"Sandra Ygueravide pone punto final a su trayectoria en el baloncesto 5x5 - UNI B\u00e0squet Girona","og_description":"La salida de Ygueravide se suma a las bajas confirmadas de Vionise Pierre-Louis, Natasha Mack, Imane Tate, Migna Tour\u00e9 y Borislava Hristova. Desde Spar Girona anunciamos la baja de Sandra Ygueravide para la pr\u00f3xima temporada. La base valenciana y capitana del equipo se retira del baloncesto 5&#215;5 a los 40 a\u00f1os para centrarse exclusivamente en [&hellip;]","og_url":"https:\/\/www.unigirona.cat\/es\/sandra-ygueravide-pone-punto-final-a-su-trayectoria-en-el-baloncesto-5x5\/","og_site_name":"UNI B\u00e0squet Girona","article_published_time":"2025-06-13T11:01:20+00:00","article_modified_time":"2025-06-13T11:10:03+00:00","og_image":[{"width":1024,"height":683,"url":"http:\/\/www.unigirona.cat\/wp-content\/uploads\/2025\/06\/54403301214_0879c6d1bb_o-1024x683.jpg","type":"image\/jpeg"}],"author":"premsa","twitter_card":"summary_large_image","twitter_misc":{"Escrito por":"premsa","Tiempo de lectura":"2 minutos"},"schema":{"@context":"https:\/\/schema.org","@graph":[{"@type":"WebPage","@id":"https:\/\/www.unigirona.cat\/es\/sandra-ygueravide-pone-punto-final-a-su-trayectoria-en-el-baloncesto-5x5\/","url":"https:\/\/www.unigirona.cat\/es\/sandra-ygueravide-pone-punto-final-a-su-trayectoria-en-el-baloncesto-5x5\/","name":"Sandra Ygueravide pone punto final a su trayectoria en el baloncesto 5x5 - UNI B\u00e0squet Girona","isPartOf":{"@id":"https:\/\/www.unigirona.cat\/#website"},"primaryImageOfPage":{"@id":"https:\/\/www.unigirona.cat\/es\/sandra-ygueravide-pone-punto-final-a-su-trayectoria-en-el-baloncesto-5x5\/#primaryimage"},"image":{"@id":"https:\/\/www.unigirona.cat\/es\/sandra-ygueravide-pone-punto-final-a-su-trayectoria-en-el-baloncesto-5x5\/#primaryimage"},"thumbnailUrl":"https:\/\/www.unigirona.cat\/wp-content\/uploads\/2025\/06\/54403301214_0879c6d1bb_o.jpg","datePublished":"2025-06-13T11:01:20+00:00","dateModified":"2025-06-13T11:10:03+00:00","author":{"@id":"https:\/\/www.unigirona.cat\/#\/schema\/person\/475ba176dc25b40920d6ebae4b40d2fb"},"breadcrumb":{"@id":"https:\/\/www.unigirona.cat\/es\/sandra-ygueravide-pone-punto-final-a-su-trayectoria-en-el-baloncesto-5x5\/#breadcrumb"},"inLanguage":"es","potentialAction":[{"@type":"ReadAction","target":["https:\/\/www.unigirona.cat\/es\/sandra-ygueravide-pone-punto-final-a-su-trayectoria-en-el-baloncesto-5x5\/"]}]},{"@type":"ImageObject","inLanguage":"es","@id":"https:\/\/www.unigirona.cat\/es\/sandra-ygueravide-pone-punto-final-a-su-trayectoria-en-el-baloncesto-5x5\/#primaryimage","url":"https:\/\/www.unigirona.cat\/wp-content\/uploads\/2025\/06\/54403301214_0879c6d1bb_o.jpg","contentUrl":"https:\/\/www.unigirona.cat\/wp-content\/uploads\/2025\/06\/54403301214_0879c6d1bb_o.jpg","width":4393,"height":2929},{"@type":"BreadcrumbList","@id":"https:\/\/www.unigirona.cat\/es\/sandra-ygueravide-pone-punto-final-a-su-trayectoria-en-el-baloncesto-5x5\/#breadcrumb","itemListElement":[{"@type":"ListItem","position":1,"name":"Portada","item":"https:\/\/www.unigirona.cat\/"},{"@type":"ListItem","position":2,"name":"Sandra Ygueravide pone punto final a su trayectoria en el baloncesto 5&#215;5"}]},{"@type":"WebSite","@id":"https:\/\/www.unigirona.cat\/#website","url":"https:\/\/www.unigirona.cat\/","name":"Spar Girona","description":"","potentialAction":[{"@type":"SearchAction","target":{"@type":"EntryPoint","urlTemplate":"https:\/\/www.unigirona.cat\/?s={search_term_string}"},"query-input":{"@type":"PropertyValueSpecification","valueRequired":true,"valueName":"search_term_string"}}],"inLanguage":"es"},{"@type":"Person","@id":"https:\/\/www.unigirona.cat\/#\/schema\/person\/475ba176dc25b40920d6ebae4b40d2fb","name":"premsa","image":{"@type":"ImageObject","inLanguage":"es","@id":"https:\/\/www.unigirona.cat\/#\/schema\/person\/image\/","url":"https:\/\/secure.gravatar.com\/avatar\/aaa70a46dde13fc461ebe5bc96d2c4be?s=96&d=mm&r=g","contentUrl":"https:\/\/secure.gravatar.com\/avatar\/aaa70a46dde13fc461ebe5bc96d2c4be?s=96&d=mm&r=g","caption":"premsa"},"url":"https:\/\/www.unigirona.cat\/es\/author\/premsa\/"}]}},"_links":{"self":[{"href":"https:\/\/www.unigirona.cat\/es\/wp-json\/wp\/v2\/posts\/44122"}],"collection":[{"href":"https:\/\/www.unigirona.cat\/es\/wp-json\/wp\/v2\/posts"}],"about":[{"href":"https:\/\/www.unigirona.cat\/es\/wp-json\/wp\/v2\/types\/post"}],"author":[{"embeddable":true,"href":"https:\/\/www.unigirona.cat\/es\/wp-json\/wp\/v2\/users\/2"}],"replies":[{"embeddable":true,"href":"https:\/\/www.unigirona.cat\/es\/wp-json\/wp\/v2\/comments?post=44122"}],"version-history":[{"count":1,"href":"https:\/\/www.unigirona.cat\/es\/wp-json\/wp\/v2\/posts\/44122\/revisions"}],"predecessor-version":[{"id":44123,"href":"https:\/\/www.unigirona.cat\/es\/wp-json\/wp\/v2\/posts\/44122\/revisions\/44123"}],"wp:featuredmedia":[{"embeddable":true,"href":"https:\/\/www.unigirona.cat\/es\/wp-json\/wp\/v2\/media\/44118"}],"wp:attachment":[{"href":"https:\/\/www.unigirona.cat\/es\/wp-json\/wp\/v2\/media?parent=44122"}],"wp:term":[{"taxonomy":"category","embeddable":true,"href":"https:\/\/www.unigirona.cat\/es\/wp-json\/wp\/v2\/categories?post=44122"},{"taxonomy":"post_tag","embeddable":true,"href":"https:\/\/www.unigirona.cat\/es\/wp-json\/wp\/v2\/tags?post=44122"}],"curies":[{"name":"wp","href":"https:\/\/api.w.org\/{rel}","templated":true}]}}