{"id":44929,"date":"2025-07-02T12:13:52","date_gmt":"2025-07-02T10:13:52","guid":{"rendered":"https:\/\/www.unigirona.cat\/?p=44929"},"modified":"2025-07-02T12:16:39","modified_gmt":"2025-07-02T10:16:39","slug":"campana-de-abonos-basquet-girona-spar-girona","status":"publish","type":"post","link":"https:\/\/www.unigirona.cat\/es\/campana-de-abonos-basquet-girona-spar-girona\/","title":{"rendered":"CAMPA\u00d1A DE ABONOS B\u00c0SQUET GIRONA &amp; SPAR GIRONA"},"content":{"rendered":"<p>La temporada 2025-2026 marca un antes y un despu\u00e9s en la trayectoria del baloncesto gerundense. Por primera vez, el B\u00e0squet Girona y el Spar Girona unen fuerzas para impulsar un proyecto conjunto, ambicioso y arraigado al territorio. Un proyecto que nace de la suma de dos historias de \u00e9xito, de valores compartidos y de un compromiso com\u00fan con la ciudad y el deporte.<\/p><p>El Spar Girona, tras una gran temporada, volver\u00e1 a competir en la EuroLeague Women, reafirmando su liderazgo dentro y fuera del pa\u00eds. Y el B\u00e0squet Girona afrontar\u00e1 su cuarta temporada consecutiva en la ACB, consolidando su presencia en la m\u00e1xima categor\u00eda estatal.<\/p><p>Este 2 de julio comienza la campa\u00f1a de abonos. A continuaci\u00f3n, te explicamos todo lo que necesitas saber, tanto si ya eres abonado\/a como si quieres sumarte.<\/p><p><strong>\u00bfQu\u00e9 incluye el abono?<\/strong><\/p><ul class=\"wp-block-list\"><li><strong>Masculino:<\/strong> 17 partidos de la temporada regular de la Liga Endesa que se disputen en el Pabell\u00f3n Municipal de Fontajau.<\/li>\n\n<li><strong>Femenino:<\/strong> 15 partidos de la temporada regular de la Liga Femenina Endesa y todos los partidos de Euroliga que se disputen en el Pabell\u00f3n Municipal de Fontajau.<\/li>\n\n<li><strong>Conjunto:<\/strong> 17 partidos masculinos de la temporada regular en Fontajau, 15 partidos de la temporada regular de la Liga Femenina Endesa y todos los partidos de Euroliga que se disputen en el Pabell\u00f3n Municipal de Fontajau.<\/li><\/ul><p><strong>Calendario de la campa\u00f1a de abonos<\/strong><\/p><p>Si el abonado\/a del B\u00e0squet Girona y del Spar Girona desea mantener el abono tal como est\u00e1, no necesita realizar ninguna gesti\u00f3n. En caso de querer modificar su localidad, cambiar el IBAN o fraccionar el pago, dispone del plazo del mi\u00e9rcoles 2 de julio al mi\u00e9rcoles 9 de julio para hacerlo.<\/p><p>Una vez finalizado el per\u00edodo de renovaciones (hasta el 9 de julio), se abrir\u00e1 un per\u00edodo exclusivo para aquellos abonados\/as del B\u00e0squet Girona y miembros de la lista de espera del club masculino que quieran disfrutar del abono del Spar Girona con un descuento exclusivo. Este nuevo per\u00edodo comenzar\u00e1 el jueves 10 de julio y finalizar\u00e1 el domingo 20 de julio.<\/p><p>Del lunes 21 al viernes 25 de julio se efectuar\u00e1 el primer giro bancario de los abonos renovados.<\/p><p>A partir del lunes 28 de julio comenzar\u00e1 el proceso de nuevas altas, en el que los miembros de la lista de espera del B\u00e0squet Girona tendr\u00e1n un orden de preferencia para conseguir un abono masculino.<\/p>","protected":false},"excerpt":{"rendered":"<p>La temporada 2025-2026 marca un antes y un despu\u00e9s en la trayectoria del baloncesto gerundense. Por primera vez, el B\u00e0squet Girona y el Spar Girona unen fuerzas para impulsar un proyecto conjunto, ambicioso y arraigado al territorio. Un proyecto que nace de la suma de dos historias de \u00e9xito, de valores compartidos y de un [&hellip;]<\/p>\n","protected":false},"author":2,"featured_media":44891,"comment_status":"open","ping_status":"open","sticky":false,"template":"","format":"standard","meta":{"footnotes":""},"categories":[542,858],"tags":[],"class_list":["post-44929","post","type-post","status-publish","format-standard","has-post-thumbnail","hentry","category-lf-endesa","category-lf-endesa-es"],"yoast_head":"<!-- This site is optimized with the Yoast SEO plugin v25.1 - https:\/\/yoast.com\/wordpress\/plugins\/seo\/ -->\n<title>CAMPA\u00d1A DE ABONOS B\u00c0SQUET GIRONA &amp; SPAR GIRONA - UNI B\u00e0squet Girona<\/title>\n<meta name=\"robots\" content=\"index, follow, max-snippet:-1, max-image-preview:large, max-video-preview:-1\" \/>\n<link rel=\"canonical\" href=\"https:\/\/www.unigirona.cat\/es\/campana-de-abonos-basquet-girona-spar-girona\/\" \/>\n<meta property=\"og:locale\" content=\"es_ES\" \/>\n<meta property=\"og:type\" content=\"article\" \/>\n<meta property=\"og:title\" content=\"CAMPA\u00d1A DE ABONOS B\u00c0SQUET GIRONA &amp; SPAR GIRONA - UNI B\u00e0squet Girona\" \/>\n<meta property=\"og:description\" content=\"La temporada 2025-2026 marca un antes y un despu\u00e9s en la trayectoria del baloncesto gerundense. Por primera vez, el B\u00e0squet Girona y el Spar Girona unen fuerzas para impulsar un proyecto conjunto, ambicioso y arraigado al territorio. Un proyecto que nace de la suma de dos historias de \u00e9xito, de valores compartidos y de un [&hellip;]\" \/>\n<meta property=\"og:url\" content=\"https:\/\/www.unigirona.cat\/es\/campana-de-abonos-basquet-girona-spar-girona\/\" \/>\n<meta property=\"og:site_name\" content=\"UNI B\u00e0squet Girona\" \/>\n<meta property=\"article:published_time\" content=\"2025-07-02T10:13:52+00:00\" \/>\n<meta property=\"article:modified_time\" content=\"2025-07-02T10:16:39+00:00\" \/>\n<meta property=\"og:image\" content=\"http:\/\/www.unigirona.cat\/wp-content\/uploads\/2025\/07\/ClubCreatiu_BasquetGirona_CampanyaAbonaments_Horitzontal_CAT_V2-1024x576.jpg\" \/>\n\t<meta property=\"og:image:width\" content=\"1024\" \/>\n\t<meta property=\"og:image:height\" content=\"576\" \/>\n\t<meta property=\"og:image:type\" content=\"image\/jpeg\" \/>\n<meta name=\"author\" content=\"premsa\" \/>\n<meta name=\"twitter:card\" content=\"summary_large_image\" \/>\n<meta name=\"twitter:label1\" content=\"Escrito por\" \/>\n\t<meta name=\"twitter:data1\" content=\"premsa\" \/>\n\t<meta name=\"twitter:label2\" content=\"Tiempo de lectura\" \/>\n\t<meta name=\"twitter:data2\" content=\"3 minutos\" \/>\n<script type=\"application\/ld+json\" class=\"yoast-schema-graph\">{\"@context\":\"https:\/\/schema.org\",\"@graph\":[{\"@type\":\"WebPage\",\"@id\":\"https:\/\/www.unigirona.cat\/es\/campana-de-abonos-basquet-girona-spar-girona\/\",\"url\":\"https:\/\/www.unigirona.cat\/es\/campana-de-abonos-basquet-girona-spar-girona\/\",\"name\":\"CAMPA\u00d1A DE ABONOS B\u00c0SQUET GIRONA &amp; SPAR GIRONA - UNI B\u00e0squet Girona\",\"isPartOf\":{\"@id\":\"https:\/\/www.unigirona.cat\/#website\"},\"primaryImageOfPage\":{\"@id\":\"https:\/\/www.unigirona.cat\/es\/campana-de-abonos-basquet-girona-spar-girona\/#primaryimage\"},\"image\":{\"@id\":\"https:\/\/www.unigirona.cat\/es\/campana-de-abonos-basquet-girona-spar-girona\/#primaryimage\"},\"thumbnailUrl\":\"https:\/\/www.unigirona.cat\/wp-content\/uploads\/2025\/07\/ClubCreatiu_BasquetGirona_CampanyaAbonaments_Horitzontal_CAT_V2.jpg\",\"datePublished\":\"2025-07-02T10:13:52+00:00\",\"dateModified\":\"2025-07-02T10:16:39+00:00\",\"author\":{\"@id\":\"https:\/\/www.unigirona.cat\/#\/schema\/person\/475ba176dc25b40920d6ebae4b40d2fb\"},\"breadcrumb\":{\"@id\":\"https:\/\/www.unigirona.cat\/es\/campana-de-abonos-basquet-girona-spar-girona\/#breadcrumb\"},\"inLanguage\":\"es\",\"potentialAction\":[{\"@type\":\"ReadAction\",\"target\":[\"https:\/\/www.unigirona.cat\/es\/campana-de-abonos-basquet-girona-spar-girona\/\"]}]},{\"@type\":\"ImageObject\",\"inLanguage\":\"es\",\"@id\":\"https:\/\/www.unigirona.cat\/es\/campana-de-abonos-basquet-girona-spar-girona\/#primaryimage\",\"url\":\"https:\/\/www.unigirona.cat\/wp-content\/uploads\/2025\/07\/ClubCreatiu_BasquetGirona_CampanyaAbonaments_Horitzontal_CAT_V2.jpg\",\"contentUrl\":\"https:\/\/www.unigirona.cat\/wp-content\/uploads\/2025\/07\/ClubCreatiu_BasquetGirona_CampanyaAbonaments_Horitzontal_CAT_V2.jpg\",\"width\":1920,\"height\":1080},{\"@type\":\"BreadcrumbList\",\"@id\":\"https:\/\/www.unigirona.cat\/es\/campana-de-abonos-basquet-girona-spar-girona\/#breadcrumb\",\"itemListElement\":[{\"@type\":\"ListItem\",\"position\":1,\"name\":\"Portada\",\"item\":\"https:\/\/www.unigirona.cat\/\"},{\"@type\":\"ListItem\",\"position\":2,\"name\":\"CAMPA\u00d1A DE ABONOS B\u00c0SQUET GIRONA &amp; SPAR GIRONA\"}]},{\"@type\":\"WebSite\",\"@id\":\"https:\/\/www.unigirona.cat\/#website\",\"url\":\"https:\/\/www.unigirona.cat\/\",\"name\":\"Spar Girona\",\"description\":\"\",\"potentialAction\":[{\"@type\":\"SearchAction\",\"target\":{\"@type\":\"EntryPoint\",\"urlTemplate\":\"https:\/\/www.unigirona.cat\/?s={search_term_string}\"},\"query-input\":{\"@type\":\"PropertyValueSpecification\",\"valueRequired\":true,\"valueName\":\"search_term_string\"}}],\"inLanguage\":\"es\"},{\"@type\":\"Person\",\"@id\":\"https:\/\/www.unigirona.cat\/#\/schema\/person\/475ba176dc25b40920d6ebae4b40d2fb\",\"name\":\"premsa\",\"image\":{\"@type\":\"ImageObject\",\"inLanguage\":\"es\",\"@id\":\"https:\/\/www.unigirona.cat\/#\/schema\/person\/image\/\",\"url\":\"https:\/\/secure.gravatar.com\/avatar\/aaa70a46dde13fc461ebe5bc96d2c4be?s=96&d=mm&r=g\",\"contentUrl\":\"https:\/\/secure.gravatar.com\/avatar\/aaa70a46dde13fc461ebe5bc96d2c4be?s=96&d=mm&r=g\",\"caption\":\"premsa\"},\"url\":\"https:\/\/www.unigirona.cat\/es\/author\/premsa\/\"}]}<\/script>\n<!-- \/ Yoast SEO plugin. -->","yoast_head_json":{"title":"CAMPA\u00d1A DE ABONOS B\u00c0SQUET GIRONA &amp; SPAR GIRONA - UNI B\u00e0squet Girona","robots":{"index":"index","follow":"follow","max-snippet":"max-snippet:-1","max-image-preview":"max-image-preview:large","max-video-preview":"max-video-preview:-1"},"canonical":"https:\/\/www.unigirona.cat\/es\/campana-de-abonos-basquet-girona-spar-girona\/","og_locale":"es_ES","og_type":"article","og_title":"CAMPA\u00d1A DE ABONOS B\u00c0SQUET GIRONA &amp; SPAR GIRONA - UNI B\u00e0squet Girona","og_description":"La temporada 2025-2026 marca un antes y un despu\u00e9s en la trayectoria del baloncesto gerundense. Por primera vez, el B\u00e0squet Girona y el Spar Girona unen fuerzas para impulsar un proyecto conjunto, ambicioso y arraigado al territorio. Un proyecto que nace de la suma de dos historias de \u00e9xito, de valores compartidos y de un [&hellip;]","og_url":"https:\/\/www.unigirona.cat\/es\/campana-de-abonos-basquet-girona-spar-girona\/","og_site_name":"UNI B\u00e0squet Girona","article_published_time":"2025-07-02T10:13:52+00:00","article_modified_time":"2025-07-02T10:16:39+00:00","og_image":[{"width":1024,"height":576,"url":"http:\/\/www.unigirona.cat\/wp-content\/uploads\/2025\/07\/ClubCreatiu_BasquetGirona_CampanyaAbonaments_Horitzontal_CAT_V2-1024x576.jpg","type":"image\/jpeg"}],"author":"premsa","twitter_card":"summary_large_image","twitter_misc":{"Escrito por":"premsa","Tiempo de lectura":"3 minutos"},"schema":{"@context":"https:\/\/schema.org","@graph":[{"@type":"WebPage","@id":"https:\/\/www.unigirona.cat\/es\/campana-de-abonos-basquet-girona-spar-girona\/","url":"https:\/\/www.unigirona.cat\/es\/campana-de-abonos-basquet-girona-spar-girona\/","name":"CAMPA\u00d1A DE ABONOS B\u00c0SQUET GIRONA &amp; SPAR GIRONA - UNI B\u00e0squet Girona","isPartOf":{"@id":"https:\/\/www.unigirona.cat\/#website"},"primaryImageOfPage":{"@id":"https:\/\/www.unigirona.cat\/es\/campana-de-abonos-basquet-girona-spar-girona\/#primaryimage"},"image":{"@id":"https:\/\/www.unigirona.cat\/es\/campana-de-abonos-basquet-girona-spar-girona\/#primaryimage"},"thumbnailUrl":"https:\/\/www.unigirona.cat\/wp-content\/uploads\/2025\/07\/ClubCreatiu_BasquetGirona_CampanyaAbonaments_Horitzontal_CAT_V2.jpg","datePublished":"2025-07-02T10:13:52+00:00","dateModified":"2025-07-02T10:16:39+00:00","author":{"@id":"https:\/\/www.unigirona.cat\/#\/schema\/person\/475ba176dc25b40920d6ebae4b40d2fb"},"breadcrumb":{"@id":"https:\/\/www.unigirona.cat\/es\/campana-de-abonos-basquet-girona-spar-girona\/#breadcrumb"},"inLanguage":"es","potentialAction":[{"@type":"ReadAction","target":["https:\/\/www.unigirona.cat\/es\/campana-de-abonos-basquet-girona-spar-girona\/"]}]},{"@type":"ImageObject","inLanguage":"es","@id":"https:\/\/www.unigirona.cat\/es\/campana-de-abonos-basquet-girona-spar-girona\/#primaryimage","url":"https:\/\/www.unigirona.cat\/wp-content\/uploads\/2025\/07\/ClubCreatiu_BasquetGirona_CampanyaAbonaments_Horitzontal_CAT_V2.jpg","contentUrl":"https:\/\/www.unigirona.cat\/wp-content\/uploads\/2025\/07\/ClubCreatiu_BasquetGirona_CampanyaAbonaments_Horitzontal_CAT_V2.jpg","width":1920,"height":1080},{"@type":"BreadcrumbList","@id":"https:\/\/www.unigirona.cat\/es\/campana-de-abonos-basquet-girona-spar-girona\/#breadcrumb","itemListElement":[{"@type":"ListItem","position":1,"name":"Portada","item":"https:\/\/www.unigirona.cat\/"},{"@type":"ListItem","position":2,"name":"CAMPA\u00d1A DE ABONOS B\u00c0SQUET GIRONA &amp; SPAR GIRONA"}]},{"@type":"WebSite","@id":"https:\/\/www.unigirona.cat\/#website","url":"https:\/\/www.unigirona.cat\/","name":"Spar Girona","description":"","potentialAction":[{"@type":"SearchAction","target":{"@type":"EntryPoint","urlTemplate":"https:\/\/www.unigirona.cat\/?s={search_term_string}"},"query-input":{"@type":"PropertyValueSpecification","valueRequired":true,"valueName":"search_term_string"}}],"inLanguage":"es"},{"@type":"Person","@id":"https:\/\/www.unigirona.cat\/#\/schema\/person\/475ba176dc25b40920d6ebae4b40d2fb","name":"premsa","image":{"@type":"ImageObject","inLanguage":"es","@id":"https:\/\/www.unigirona.cat\/#\/schema\/person\/image\/","url":"https:\/\/secure.gravatar.com\/avatar\/aaa70a46dde13fc461ebe5bc96d2c4be?s=96&d=mm&r=g","contentUrl":"https:\/\/secure.gravatar.com\/avatar\/aaa70a46dde13fc461ebe5bc96d2c4be?s=96&d=mm&r=g","caption":"premsa"},"url":"https:\/\/www.unigirona.cat\/es\/author\/premsa\/"}]}},"_links":{"self":[{"href":"https:\/\/www.unigirona.cat\/es\/wp-json\/wp\/v2\/posts\/44929"}],"collection":[{"href":"https:\/\/www.unigirona.cat\/es\/wp-json\/wp\/v2\/posts"}],"about":[{"href":"https:\/\/www.unigirona.cat\/es\/wp-json\/wp\/v2\/types\/post"}],"author":[{"embeddable":true,"href":"https:\/\/www.unigirona.cat\/es\/wp-json\/wp\/v2\/users\/2"}],"replies":[{"embeddable":true,"href":"https:\/\/www.unigirona.cat\/es\/wp-json\/wp\/v2\/comments?post=44929"}],"version-history":[{"count":1,"href":"https:\/\/www.unigirona.cat\/es\/wp-json\/wp\/v2\/posts\/44929\/revisions"}],"predecessor-version":[{"id":44930,"href":"https:\/\/www.unigirona.cat\/es\/wp-json\/wp\/v2\/posts\/44929\/revisions\/44930"}],"wp:featuredmedia":[{"embeddable":true,"href":"https:\/\/www.unigirona.cat\/es\/wp-json\/wp\/v2\/media\/44891"}],"wp:attachment":[{"href":"https:\/\/www.unigirona.cat\/es\/wp-json\/wp\/v2\/media?parent=44929"}],"wp:term":[{"taxonomy":"category","embeddable":true,"href":"https:\/\/www.unigirona.cat\/es\/wp-json\/wp\/v2\/categories?post=44929"},{"taxonomy":"post_tag","embeddable":true,"href":"https:\/\/www.unigirona.cat\/es\/wp-json\/wp\/v2\/tags?post=44929"}],"curies":[{"name":"wp","href":"https:\/\/api.w.org\/{rel}","templated":true}]}}