{"id":44993,"date":"2025-07-07T18:38:22","date_gmt":"2025-07-07T16:38:22","guid":{"rendered":"https:\/\/www.unigirona.cat\/?p=44993"},"modified":"2025-07-08T10:29:45","modified_gmt":"2025-07-08T08:29:45","slug":"basquet-girona-se-reune-con-los-abonados-para-explicar-los-cambios-de-la-temporada-y-reafirmar-el-compromiso-con-la-sostenibilidad-del-proyecto","status":"publish","type":"post","link":"https:\/\/www.unigirona.cat\/es\/basquet-girona-se-reune-con-los-abonados-para-explicar-los-cambios-de-la-temporada-y-reafirmar-el-compromiso-con-la-sostenibilidad-del-proyecto\/","title":{"rendered":"B\u00e0squet Girona se re\u00fane con los abonados para explicar los cambios de la temporada y reafirmar el compromiso con la sostenibilidad del proyecto"},"content":{"rendered":"<p>Este lunes 7 de julio, el B\u00e0squet Girona ha celebrado un encuentro abierto con sus abonados y abonadas en el pabell\u00f3n de Fontajau con el objetivo de explicar los cambios introducidos para la nueva campa\u00f1a de abonos y resolver las principales dudas. La sesi\u00f3n \u2013conducida por Stefi Batlle, CEO del club, acompa\u00f1ada por el responsable de ticketing Pau Recarens, as\u00ed como Laia Parareda y Mariona Rodr\u00edguez del equipo comercial\u2013 se ha centrado en el nuevo modelo de abonos, la voluntad de profesionalizaci\u00f3n y el compromiso con una gesti\u00f3n econ\u00f3mica sostenible.<\/p><p>\u201cQueremos que sea un modelo sostenible. Dentro de la exigencia deportiva, debemos tener sentido com\u00fan y un modelo s\u00f3lido que nos permita competir con el resto de clubes, teniendo en cuenta nuestras diferencias\u201d, ha destacado Batlle.<\/p><p><strong>Un modelo pensado para crecer con solidez<\/strong><br>Durante su intervenci\u00f3n, Batlle ha insistido en la necesidad de consolidar un proyecto a largo plazo que d\u00e9 estabilidad al club y al baloncesto femenino de primer nivel. Ha detallado que los ingresos del club se basan principalmente en tres \u00e1mbitos: patrocinadores, tienda y ticketing, y ha remarcado la importancia de ofrecer una mejor experiencia y servicios tanto para los equipos como para los aficionados.<\/p><p>Una de las principales novedades expuestas durante la sesi\u00f3n ha sido el nuevo modelo tarifario, que elimina la segmentaci\u00f3n por edades para pasar a una distribuci\u00f3n basada en la ubicaci\u00f3n de los asientos. Seg\u00fan Pau Recarens, esta simplificaci\u00f3n busca evitar desigualdades y facilitar la gesti\u00f3n.<\/p><p>\u201cHemos unificado todos los precios. Los abonos van de los 120\u20ac a los 180\u20ac, e incluyen toda la LF Endesa y la EuroLeague Women. Esto significa que, en el mejor de los casos, el coste por partido puede estar entre los 4 y 5 euros\u201d, ha explicado Recarens. Adem\u00e1s, \u201ccon la segmentaci\u00f3n por edades, solo se pod\u00eda ceder el carnet dentro del mismo tramo. Ahora es mucho m\u00e1s abierto y accesible\u201d, ha a\u00f1adido el responsable de ticketing.<\/p><p>El club ha querido poner en valor el abono como una herramienta con servicios a\u00f1adidos: carnet digital, fraccionamiento de pagos sin intereses y la posibilidad de liberar el asiento para obtener beneficios econ\u00f3micos futuros. \u201cNo nos apoyamos en ninguna entidad bancaria. Nosotros mismos hacemos de banco para facilitar el pago, porque somos conscientes del cambio que representa\u201d, ha puntualizado Recarens.<\/p><p>Tambi\u00e9n se ha presentado la nueva Grada Familiar, que sustituye las antiguas tarifas infantiles y permite acceder a una zona pensada para familias con mejor visibilidad y experiencia de partido.<\/p><p><strong>La voluntad de escuchar<\/strong><br>B\u00e0squet Girona ha cerrado la sesi\u00f3n con un turno abierto de preguntas y ha reiterado que seguir\u00e1 trabajando codo a codo con su afici\u00f3n para ofrecer el mejor baloncesto. \u201cLucharemos para crecer. Nuestro principal objetivo es que venga gente. Queremos que disfruten de un espect\u00e1culo, igual o mejor que el masculino. Esto tiene un precio. Que generemos m\u00e1s venta y que la gente entienda que el baloncesto femenino tiene un valor. Adem\u00e1s, tenemos la EuroLeague Women. Uno de los mejores equipos de Espa\u00f1a y Europa juega en Fontajau. Queremos dar un servicio igual o mejor al que estamos dando\u201d, ha concluido Batlle.<\/p><p>Una de las cuestiones que m\u00e1s inter\u00e9s ha generado entre los asistentes ha sido la inclusi\u00f3n de los Playoffs dentro del precio del abono. Esta decisi\u00f3n, inicialmente no prevista, se ha acabado implementando como respuesta directa a las inquietudes recibidas durante los primeros d\u00edas de campa\u00f1a.<\/p><p>\u201cQueremos transmitir cercan\u00eda y estamos a disposici\u00f3n de los abonados. La inclusi\u00f3n de los Playoffs es una muestra de confianza y una forma de agradecer el apoyo de nuestra afici\u00f3n\u201d, ha valorado Batlle.<\/p><p>Adem\u00e1s, Pere Puig, Laia Palau y Alfons Arcas, tres de las caras m\u00e1s reconocidas de la estructura del Uni, han participado en la conversaci\u00f3n con los aficionados, pidiendo un \u201cvoto de confianza\u201d a todos los asistentes y seguidores del UNI. \u201cTenemos gente en el B\u00e0squet Girona que siente pasi\u00f3n por el Uni. Buscar\u00e1n lo mejor para el baloncesto femenino en la ciudad\u201d, ha se\u00f1alado Palau.<\/p><p>Alfons Arcas, miembro de la junta y patrocinador del Uni, ha analizado el futuro del club. \u201cSi hemos llegado hasta aqu\u00ed y queremos seguir disfrutando del primer nivel, tiene un coste y las exigencias son mayores. El modelo del Uni estaba obsoleto. Si se ha hecho la unificaci\u00f3n es para buscar que el proyecto sea sostenible. Podr\u00edamos haber renunciado a la Euroleague, pero el presupuesto habr\u00eda sido el mismo\u201d.<\/p><p>El director deportivo del Uni, Pere Puig, tambi\u00e9n ha intervenido para aportar una visi\u00f3n realista sobre la asistencia al pabell\u00f3n: \u201cMe gusta ver a tanta chavaler\u00eda en Fontajau, pero no podemos idealizarlo. Es importante, pero no es un modelo sostenible para el club a nivel econ\u00f3mico\u201d. Con estas palabras, Puig ha querido valorar al p\u00fablico familiar pero tambi\u00e9n se\u00f1alar la necesidad de consolidar una base de abonados estable y comprometida que permita sostener el proyecto a largo plazo.<\/p><p>Laia Palau se ha sumado a las intervenciones de la reuni\u00f3n y ha pedido a la gente un \u201cvoto de confianza. Tenemos gente en el B\u00e0squet Girona muy capacitada, que siente pasi\u00f3n por el proyecto, es gente que, creedme, quiere lo mejor para el baloncesto femenino de la ciudad\u201d.<\/p><p>A pesar de mostrarse inicialmente cr\u00edtico en sus primeras intervenciones, Salvatore \u2018Tato\u2019 Laccarino, representante de los girUNIns y asistente al acto, ha agradecido las intervenciones de los representantes del club, aportando adem\u00e1s su nuevo punto de vista y se ha marchado afirmando: \u201cCambiamos el plan porque queremos valorizar el producto. Como aficionado del Uni, esto te crea un v\u00ednculo con el nuevo proyecto. Ahora se entiende que estamos siendo parte de un proceso\u201d.<\/p>","protected":false},"excerpt":{"rendered":"<p>Este lunes 7 de julio, el B\u00e0squet Girona ha celebrado un encuentro abierto con sus abonados y abonadas en el pabell\u00f3n de Fontajau con el objetivo de explicar los cambios introducidos para la nueva campa\u00f1a de abonos y resolver las principales dudas. La sesi\u00f3n \u2013conducida por Stefi Batlle, CEO del club, acompa\u00f1ada por el responsable [&hellip;]<\/p>\n","protected":false},"author":2,"featured_media":44991,"comment_status":"open","ping_status":"open","sticky":false,"template":"","format":"standard","meta":{"footnotes":""},"categories":[542,841],"tags":[],"class_list":["post-44993","post","type-post","status-publish","format-standard","has-post-thumbnail","hentry","category-lf-endesa","category-ultima-hora"],"yoast_head":"<!-- This site is optimized with the Yoast SEO plugin v25.1 - https:\/\/yoast.com\/wordpress\/plugins\/seo\/ -->\n<title>B\u00e0squet Girona se re\u00fane con los abonados para explicar los cambios de la temporada y reafirmar el compromiso con la sostenibilidad del proyecto - UNI B\u00e0squet Girona<\/title>\n<meta name=\"robots\" content=\"index, follow, max-snippet:-1, max-image-preview:large, max-video-preview:-1\" \/>\n<link rel=\"canonical\" href=\"https:\/\/www.unigirona.cat\/es\/basquet-girona-se-reune-con-los-abonados-para-explicar-los-cambios-de-la-temporada-y-reafirmar-el-compromiso-con-la-sostenibilidad-del-proyecto\/\" \/>\n<meta property=\"og:locale\" content=\"es_ES\" \/>\n<meta property=\"og:type\" content=\"article\" \/>\n<meta property=\"og:title\" content=\"B\u00e0squet Girona se re\u00fane con los abonados para explicar los cambios de la temporada y reafirmar el compromiso con la sostenibilidad del proyecto - UNI B\u00e0squet Girona\" \/>\n<meta property=\"og:description\" content=\"Este lunes 7 de julio, el B\u00e0squet Girona ha celebrado un encuentro abierto con sus abonados y abonadas en el pabell\u00f3n de Fontajau con el objetivo de explicar los cambios introducidos para la nueva campa\u00f1a de abonos y resolver las principales dudas. La sesi\u00f3n \u2013conducida por Stefi Batlle, CEO del club, acompa\u00f1ada por el responsable [&hellip;]\" \/>\n<meta property=\"og:url\" content=\"https:\/\/www.unigirona.cat\/es\/basquet-girona-se-reune-con-los-abonados-para-explicar-los-cambios-de-la-temporada-y-reafirmar-el-compromiso-con-la-sostenibilidad-del-proyecto\/\" \/>\n<meta property=\"og:site_name\" content=\"UNI B\u00e0squet Girona\" \/>\n<meta property=\"article:published_time\" content=\"2025-07-07T16:38:22+00:00\" \/>\n<meta property=\"article:modified_time\" content=\"2025-07-08T08:29:45+00:00\" \/>\n<meta property=\"og:image\" content=\"http:\/\/www.unigirona.cat\/wp-content\/uploads\/2025\/07\/IMG_3218-1024x768.jpg\" \/>\n\t<meta property=\"og:image:width\" content=\"1024\" \/>\n\t<meta property=\"og:image:height\" content=\"768\" \/>\n\t<meta property=\"og:image:type\" content=\"image\/jpeg\" \/>\n<meta name=\"author\" content=\"premsa\" \/>\n<meta name=\"twitter:card\" content=\"summary_large_image\" \/>\n<meta name=\"twitter:label1\" content=\"Escrito por\" \/>\n\t<meta name=\"twitter:data1\" content=\"premsa\" \/>\n\t<meta name=\"twitter:label2\" content=\"Tiempo de lectura\" \/>\n\t<meta name=\"twitter:data2\" content=\"6 minutos\" \/>\n<script type=\"application\/ld+json\" class=\"yoast-schema-graph\">{\"@context\":\"https:\/\/schema.org\",\"@graph\":[{\"@type\":\"WebPage\",\"@id\":\"https:\/\/www.unigirona.cat\/es\/basquet-girona-se-reune-con-los-abonados-para-explicar-los-cambios-de-la-temporada-y-reafirmar-el-compromiso-con-la-sostenibilidad-del-proyecto\/\",\"url\":\"https:\/\/www.unigirona.cat\/es\/basquet-girona-se-reune-con-los-abonados-para-explicar-los-cambios-de-la-temporada-y-reafirmar-el-compromiso-con-la-sostenibilidad-del-proyecto\/\",\"name\":\"B\u00e0squet Girona se re\u00fane con los abonados para explicar los cambios de la temporada y reafirmar el compromiso con la sostenibilidad del proyecto - UNI B\u00e0squet Girona\",\"isPartOf\":{\"@id\":\"https:\/\/www.unigirona.cat\/#website\"},\"primaryImageOfPage\":{\"@id\":\"https:\/\/www.unigirona.cat\/es\/basquet-girona-se-reune-con-los-abonados-para-explicar-los-cambios-de-la-temporada-y-reafirmar-el-compromiso-con-la-sostenibilidad-del-proyecto\/#primaryimage\"},\"image\":{\"@id\":\"https:\/\/www.unigirona.cat\/es\/basquet-girona-se-reune-con-los-abonados-para-explicar-los-cambios-de-la-temporada-y-reafirmar-el-compromiso-con-la-sostenibilidad-del-proyecto\/#primaryimage\"},\"thumbnailUrl\":\"https:\/\/www.unigirona.cat\/wp-content\/uploads\/2025\/07\/IMG_3218.jpg\",\"datePublished\":\"2025-07-07T16:38:22+00:00\",\"dateModified\":\"2025-07-08T08:29:45+00:00\",\"author\":{\"@id\":\"https:\/\/www.unigirona.cat\/#\/schema\/person\/475ba176dc25b40920d6ebae4b40d2fb\"},\"breadcrumb\":{\"@id\":\"https:\/\/www.unigirona.cat\/es\/basquet-girona-se-reune-con-los-abonados-para-explicar-los-cambios-de-la-temporada-y-reafirmar-el-compromiso-con-la-sostenibilidad-del-proyecto\/#breadcrumb\"},\"inLanguage\":\"es\",\"potentialAction\":[{\"@type\":\"ReadAction\",\"target\":[\"https:\/\/www.unigirona.cat\/es\/basquet-girona-se-reune-con-los-abonados-para-explicar-los-cambios-de-la-temporada-y-reafirmar-el-compromiso-con-la-sostenibilidad-del-proyecto\/\"]}]},{\"@type\":\"ImageObject\",\"inLanguage\":\"es\",\"@id\":\"https:\/\/www.unigirona.cat\/es\/basquet-girona-se-reune-con-los-abonados-para-explicar-los-cambios-de-la-temporada-y-reafirmar-el-compromiso-con-la-sostenibilidad-del-proyecto\/#primaryimage\",\"url\":\"https:\/\/www.unigirona.cat\/wp-content\/uploads\/2025\/07\/IMG_3218.jpg\",\"contentUrl\":\"https:\/\/www.unigirona.cat\/wp-content\/uploads\/2025\/07\/IMG_3218.jpg\",\"width\":4032,\"height\":3024},{\"@type\":\"BreadcrumbList\",\"@id\":\"https:\/\/www.unigirona.cat\/es\/basquet-girona-se-reune-con-los-abonados-para-explicar-los-cambios-de-la-temporada-y-reafirmar-el-compromiso-con-la-sostenibilidad-del-proyecto\/#breadcrumb\",\"itemListElement\":[{\"@type\":\"ListItem\",\"position\":1,\"name\":\"Portada\",\"item\":\"https:\/\/www.unigirona.cat\/\"},{\"@type\":\"ListItem\",\"position\":2,\"name\":\"B\u00e0squet Girona se re\u00fane con los abonados para explicar los cambios de la temporada y reafirmar el compromiso con la sostenibilidad del proyecto\"}]},{\"@type\":\"WebSite\",\"@id\":\"https:\/\/www.unigirona.cat\/#website\",\"url\":\"https:\/\/www.unigirona.cat\/\",\"name\":\"Spar Girona\",\"description\":\"\",\"potentialAction\":[{\"@type\":\"SearchAction\",\"target\":{\"@type\":\"EntryPoint\",\"urlTemplate\":\"https:\/\/www.unigirona.cat\/?s={search_term_string}\"},\"query-input\":{\"@type\":\"PropertyValueSpecification\",\"valueRequired\":true,\"valueName\":\"search_term_string\"}}],\"inLanguage\":\"es\"},{\"@type\":\"Person\",\"@id\":\"https:\/\/www.unigirona.cat\/#\/schema\/person\/475ba176dc25b40920d6ebae4b40d2fb\",\"name\":\"premsa\",\"image\":{\"@type\":\"ImageObject\",\"inLanguage\":\"es\",\"@id\":\"https:\/\/www.unigirona.cat\/#\/schema\/person\/image\/\",\"url\":\"https:\/\/secure.gravatar.com\/avatar\/aaa70a46dde13fc461ebe5bc96d2c4be?s=96&d=mm&r=g\",\"contentUrl\":\"https:\/\/secure.gravatar.com\/avatar\/aaa70a46dde13fc461ebe5bc96d2c4be?s=96&d=mm&r=g\",\"caption\":\"premsa\"},\"url\":\"https:\/\/www.unigirona.cat\/es\/author\/premsa\/\"}]}<\/script>\n<!-- \/ Yoast SEO plugin. -->","yoast_head_json":{"title":"B\u00e0squet Girona se re\u00fane con los abonados para explicar los cambios de la temporada y reafirmar el compromiso con la sostenibilidad del proyecto - UNI B\u00e0squet Girona","robots":{"index":"index","follow":"follow","max-snippet":"max-snippet:-1","max-image-preview":"max-image-preview:large","max-video-preview":"max-video-preview:-1"},"canonical":"https:\/\/www.unigirona.cat\/es\/basquet-girona-se-reune-con-los-abonados-para-explicar-los-cambios-de-la-temporada-y-reafirmar-el-compromiso-con-la-sostenibilidad-del-proyecto\/","og_locale":"es_ES","og_type":"article","og_title":"B\u00e0squet Girona se re\u00fane con los abonados para explicar los cambios de la temporada y reafirmar el compromiso con la sostenibilidad del proyecto - UNI B\u00e0squet Girona","og_description":"Este lunes 7 de julio, el B\u00e0squet Girona ha celebrado un encuentro abierto con sus abonados y abonadas en el pabell\u00f3n de Fontajau con el objetivo de explicar los cambios introducidos para la nueva campa\u00f1a de abonos y resolver las principales dudas. La sesi\u00f3n \u2013conducida por Stefi Batlle, CEO del club, acompa\u00f1ada por el responsable [&hellip;]","og_url":"https:\/\/www.unigirona.cat\/es\/basquet-girona-se-reune-con-los-abonados-para-explicar-los-cambios-de-la-temporada-y-reafirmar-el-compromiso-con-la-sostenibilidad-del-proyecto\/","og_site_name":"UNI B\u00e0squet Girona","article_published_time":"2025-07-07T16:38:22+00:00","article_modified_time":"2025-07-08T08:29:45+00:00","og_image":[{"width":1024,"height":768,"url":"http:\/\/www.unigirona.cat\/wp-content\/uploads\/2025\/07\/IMG_3218-1024x768.jpg","type":"image\/jpeg"}],"author":"premsa","twitter_card":"summary_large_image","twitter_misc":{"Escrito por":"premsa","Tiempo de lectura":"6 minutos"},"schema":{"@context":"https:\/\/schema.org","@graph":[{"@type":"WebPage","@id":"https:\/\/www.unigirona.cat\/es\/basquet-girona-se-reune-con-los-abonados-para-explicar-los-cambios-de-la-temporada-y-reafirmar-el-compromiso-con-la-sostenibilidad-del-proyecto\/","url":"https:\/\/www.unigirona.cat\/es\/basquet-girona-se-reune-con-los-abonados-para-explicar-los-cambios-de-la-temporada-y-reafirmar-el-compromiso-con-la-sostenibilidad-del-proyecto\/","name":"B\u00e0squet Girona se re\u00fane con los abonados para explicar los cambios de la temporada y reafirmar el compromiso con la sostenibilidad del proyecto - UNI B\u00e0squet Girona","isPartOf":{"@id":"https:\/\/www.unigirona.cat\/#website"},"primaryImageOfPage":{"@id":"https:\/\/www.unigirona.cat\/es\/basquet-girona-se-reune-con-los-abonados-para-explicar-los-cambios-de-la-temporada-y-reafirmar-el-compromiso-con-la-sostenibilidad-del-proyecto\/#primaryimage"},"image":{"@id":"https:\/\/www.unigirona.cat\/es\/basquet-girona-se-reune-con-los-abonados-para-explicar-los-cambios-de-la-temporada-y-reafirmar-el-compromiso-con-la-sostenibilidad-del-proyecto\/#primaryimage"},"thumbnailUrl":"https:\/\/www.unigirona.cat\/wp-content\/uploads\/2025\/07\/IMG_3218.jpg","datePublished":"2025-07-07T16:38:22+00:00","dateModified":"2025-07-08T08:29:45+00:00","author":{"@id":"https:\/\/www.unigirona.cat\/#\/schema\/person\/475ba176dc25b40920d6ebae4b40d2fb"},"breadcrumb":{"@id":"https:\/\/www.unigirona.cat\/es\/basquet-girona-se-reune-con-los-abonados-para-explicar-los-cambios-de-la-temporada-y-reafirmar-el-compromiso-con-la-sostenibilidad-del-proyecto\/#breadcrumb"},"inLanguage":"es","potentialAction":[{"@type":"ReadAction","target":["https:\/\/www.unigirona.cat\/es\/basquet-girona-se-reune-con-los-abonados-para-explicar-los-cambios-de-la-temporada-y-reafirmar-el-compromiso-con-la-sostenibilidad-del-proyecto\/"]}]},{"@type":"ImageObject","inLanguage":"es","@id":"https:\/\/www.unigirona.cat\/es\/basquet-girona-se-reune-con-los-abonados-para-explicar-los-cambios-de-la-temporada-y-reafirmar-el-compromiso-con-la-sostenibilidad-del-proyecto\/#primaryimage","url":"https:\/\/www.unigirona.cat\/wp-content\/uploads\/2025\/07\/IMG_3218.jpg","contentUrl":"https:\/\/www.unigirona.cat\/wp-content\/uploads\/2025\/07\/IMG_3218.jpg","width":4032,"height":3024},{"@type":"BreadcrumbList","@id":"https:\/\/www.unigirona.cat\/es\/basquet-girona-se-reune-con-los-abonados-para-explicar-los-cambios-de-la-temporada-y-reafirmar-el-compromiso-con-la-sostenibilidad-del-proyecto\/#breadcrumb","itemListElement":[{"@type":"ListItem","position":1,"name":"Portada","item":"https:\/\/www.unigirona.cat\/"},{"@type":"ListItem","position":2,"name":"B\u00e0squet Girona se re\u00fane con los abonados para explicar los cambios de la temporada y reafirmar el compromiso con la sostenibilidad del proyecto"}]},{"@type":"WebSite","@id":"https:\/\/www.unigirona.cat\/#website","url":"https:\/\/www.unigirona.cat\/","name":"Spar Girona","description":"","potentialAction":[{"@type":"SearchAction","target":{"@type":"EntryPoint","urlTemplate":"https:\/\/www.unigirona.cat\/?s={search_term_string}"},"query-input":{"@type":"PropertyValueSpecification","valueRequired":true,"valueName":"search_term_string"}}],"inLanguage":"es"},{"@type":"Person","@id":"https:\/\/www.unigirona.cat\/#\/schema\/person\/475ba176dc25b40920d6ebae4b40d2fb","name":"premsa","image":{"@type":"ImageObject","inLanguage":"es","@id":"https:\/\/www.unigirona.cat\/#\/schema\/person\/image\/","url":"https:\/\/secure.gravatar.com\/avatar\/aaa70a46dde13fc461ebe5bc96d2c4be?s=96&d=mm&r=g","contentUrl":"https:\/\/secure.gravatar.com\/avatar\/aaa70a46dde13fc461ebe5bc96d2c4be?s=96&d=mm&r=g","caption":"premsa"},"url":"https:\/\/www.unigirona.cat\/es\/author\/premsa\/"}]}},"_links":{"self":[{"href":"https:\/\/www.unigirona.cat\/es\/wp-json\/wp\/v2\/posts\/44993"}],"collection":[{"href":"https:\/\/www.unigirona.cat\/es\/wp-json\/wp\/v2\/posts"}],"about":[{"href":"https:\/\/www.unigirona.cat\/es\/wp-json\/wp\/v2\/types\/post"}],"author":[{"embeddable":true,"href":"https:\/\/www.unigirona.cat\/es\/wp-json\/wp\/v2\/users\/2"}],"replies":[{"embeddable":true,"href":"https:\/\/www.unigirona.cat\/es\/wp-json\/wp\/v2\/comments?post=44993"}],"version-history":[{"count":1,"href":"https:\/\/www.unigirona.cat\/es\/wp-json\/wp\/v2\/posts\/44993\/revisions"}],"predecessor-version":[{"id":44994,"href":"https:\/\/www.unigirona.cat\/es\/wp-json\/wp\/v2\/posts\/44993\/revisions\/44994"}],"wp:featuredmedia":[{"embeddable":true,"href":"https:\/\/www.unigirona.cat\/es\/wp-json\/wp\/v2\/media\/44991"}],"wp:attachment":[{"href":"https:\/\/www.unigirona.cat\/es\/wp-json\/wp\/v2\/media?parent=44993"}],"wp:term":[{"taxonomy":"category","embeddable":true,"href":"https:\/\/www.unigirona.cat\/es\/wp-json\/wp\/v2\/categories?post=44993"},{"taxonomy":"post_tag","embeddable":true,"href":"https:\/\/www.unigirona.cat\/es\/wp-json\/wp\/v2\/tags?post=44993"}],"curies":[{"name":"wp","href":"https:\/\/api.w.org\/{rel}","templated":true}]}}