{"id":45038,"date":"2025-07-15T14:03:55","date_gmt":"2025-07-15T12:03:55","guid":{"rendered":"https:\/\/www.unigirona.cat\/?p=45038"},"modified":"2025-07-15T14:14:51","modified_gmt":"2025-07-15T12:14:51","slug":"definido-el-calendario-de-la-lf-endesa-2025-26","status":"publish","type":"post","link":"https:\/\/www.unigirona.cat\/es\/definido-el-calendario-de-la-lf-endesa-2025-26\/","title":{"rendered":"Definido el calendario de la LF Endesa 2025\/26"},"content":{"rendered":"<p>El primer partido en Fontajau ser\u00e1 contra el Baxi Ferrol el fin de semana del 11-12 de octubre.<\/p><p>La LF Endesa 2025\/26 ya tiene calendario oficial. El Spar Girona comenzar\u00e1 la competici\u00f3n regular el fin de semana del 4 y 5 de octubre, visitando la pista del CAB Estepona, uno de los equipos reci\u00e9n ascendidos a la m\u00e1xima categor\u00eda. La fase regular constar\u00e1 de 30 jornadas y finalizar\u00e1 el 25 y 26 de abril, con el conjunto gerundense cerrando la liga en Fontajau frente al IDK Euskotren.<\/p><p>Aunque el estreno oficial de la temporada llegar\u00e1 antes con la Lliga Catalana, el calendario de la LF Endesa permite empezar a trazar el camino de una temporada llena de retos, que incluir\u00e1 tambi\u00e9n el regreso a la EuroLeague Women.<\/p><h3 class=\"wp-block-heading\">Grandes duelos en Fontajau<\/h3><p>Fontajau volver\u00e1 a ser escenario de grandes citas con la visita de los equipos m\u00e1s potentes del panorama estatal y europeo. Los encuentros contra el Valencia Basket (vigente campe\u00f3n de liga y equipo de EuroLeague Women), el Casademont Zaragoza (tambi\u00e9n participante en la EuroLeague Women) y el Perfumer\u00edas Avenida (rival hist\u00f3rico en la competici\u00f3n) se disputar\u00e1n en las siguientes fechas:<\/p><ul class=\"wp-block-list\"><li>Spar Girona \u2013 Valencia Basket: 20-21 de diciembre de 2025<\/li>\n\n<li>Spar Girona \u2013 Perfumer\u00edas Avenida: 4 de enero de 2026<\/li>\n\n<li>Spar Girona \u2013 Casademont Zaragoza: 6 de marzo de 2026<\/li><\/ul><h3 class=\"wp-block-heading\">Derbis catalanes<\/h3><p>Los enfrentamientos contra los otros equipos catalanes de la liga, Cad\u00ed La Seu y Joventut de Badalona, vuelven a ser fechas se\u00f1aladas en el calendario:<\/p><ul class=\"wp-block-list\"><li>Joventut Badalona \u2013 Spar Girona: 18-19 de octubre de 2025<\/li>\n\n<li>Cad\u00ed La Seu \u2013 Spar Girona: 28 de diciembre de 2025<\/li>\n\n<li>Spar Girona \u2013 Joventut Badalona: 10-11 de enero de 2026<\/li>\n\n<li>Spar Girona \u2013 Cad\u00ed La Seu: 14-15 de febrero de 2026<\/li><\/ul><h3 class=\"wp-block-heading\">Copa de la Reina y Playoffs<\/h3><p>La Copa de la Reina se celebrar\u00e1 del 26 al 29 de marzo en Tarragona, y los playoffs comenzar\u00e1n una vez finalice la fase regular:<\/p><ul class=\"wp-block-list\"><li>Cuartos de final: 30 de abril y 3 de mayo<\/li>\n\n<li>Semifinales: 7 y 10 de mayo<\/li>\n\n<li>Final (al mejor de 3 partidos): 14, 17 y 23 de mayo<\/li><\/ul><p>Con un calendario exigente y repleto de grandes citas, el Spar Girona se prepara para una temporada con la ambici\u00f3n de seguir creciendo tanto en la LF Endesa como en Europa.<\/p><p>PDF: Calendario completo LF Endesa 2025\/26<\/p>","protected":false},"excerpt":{"rendered":"<p>El primer partido en Fontajau ser\u00e1 contra el Baxi Ferrol el fin de semana del 11-12 de octubre. La LF Endesa 2025\/26 ya tiene calendario oficial. El Spar Girona comenzar\u00e1 la competici\u00f3n regular el fin de semana del 4 y 5 de octubre, visitando la pista del CAB Estepona, uno de los equipos reci\u00e9n ascendidos [&hellip;]<\/p>\n","protected":false},"author":2,"featured_media":45032,"comment_status":"open","ping_status":"open","sticky":false,"template":"","format":"standard","meta":{"footnotes":""},"categories":[858],"tags":[],"class_list":["post-45038","post","type-post","status-publish","format-standard","has-post-thumbnail","hentry","category-lf-endesa-es"],"yoast_head":"<!-- This site is optimized with the Yoast SEO plugin v25.1 - https:\/\/yoast.com\/wordpress\/plugins\/seo\/ -->\n<title>Definido el calendario de la LF Endesa 2025\/26 - UNI B\u00e0squet Girona<\/title>\n<meta name=\"robots\" content=\"index, follow, max-snippet:-1, max-image-preview:large, max-video-preview:-1\" \/>\n<link rel=\"canonical\" href=\"https:\/\/www.unigirona.cat\/es\/definido-el-calendario-de-la-lf-endesa-2025-26\/\" \/>\n<meta property=\"og:locale\" content=\"es_ES\" \/>\n<meta property=\"og:type\" content=\"article\" \/>\n<meta property=\"og:title\" content=\"Definido el calendario de la LF Endesa 2025\/26 - UNI B\u00e0squet Girona\" \/>\n<meta property=\"og:description\" content=\"El primer partido en Fontajau ser\u00e1 contra el Baxi Ferrol el fin de semana del 11-12 de octubre. La LF Endesa 2025\/26 ya tiene calendario oficial. El Spar Girona comenzar\u00e1 la competici\u00f3n regular el fin de semana del 4 y 5 de octubre, visitando la pista del CAB Estepona, uno de los equipos reci\u00e9n ascendidos [&hellip;]\" \/>\n<meta property=\"og:url\" content=\"https:\/\/www.unigirona.cat\/es\/definido-el-calendario-de-la-lf-endesa-2025-26\/\" \/>\n<meta property=\"og:site_name\" content=\"UNI B\u00e0squet Girona\" \/>\n<meta property=\"article:published_time\" content=\"2025-07-15T12:03:55+00:00\" \/>\n<meta property=\"article:modified_time\" content=\"2025-07-15T12:14:51+00:00\" \/>\n<meta property=\"og:image\" content=\"http:\/\/www.unigirona.cat\/wp-content\/uploads\/2025\/07\/web.png\" \/>\n\t<meta property=\"og:image:width\" content=\"1080\" \/>\n\t<meta property=\"og:image:height\" content=\"864\" \/>\n\t<meta property=\"og:image:type\" content=\"image\/png\" \/>\n<meta name=\"author\" content=\"premsa\" \/>\n<meta name=\"twitter:card\" content=\"summary_large_image\" \/>\n<meta name=\"twitter:label1\" content=\"Escrito por\" \/>\n\t<meta name=\"twitter:data1\" content=\"premsa\" \/>\n\t<meta name=\"twitter:label2\" content=\"Tiempo de lectura\" \/>\n\t<meta name=\"twitter:data2\" content=\"3 minutos\" \/>\n<script type=\"application\/ld+json\" class=\"yoast-schema-graph\">{\"@context\":\"https:\/\/schema.org\",\"@graph\":[{\"@type\":\"WebPage\",\"@id\":\"https:\/\/www.unigirona.cat\/es\/definido-el-calendario-de-la-lf-endesa-2025-26\/\",\"url\":\"https:\/\/www.unigirona.cat\/es\/definido-el-calendario-de-la-lf-endesa-2025-26\/\",\"name\":\"Definido el calendario de la LF Endesa 2025\/26 - UNI B\u00e0squet Girona\",\"isPartOf\":{\"@id\":\"https:\/\/www.unigirona.cat\/#website\"},\"primaryImageOfPage\":{\"@id\":\"https:\/\/www.unigirona.cat\/es\/definido-el-calendario-de-la-lf-endesa-2025-26\/#primaryimage\"},\"image\":{\"@id\":\"https:\/\/www.unigirona.cat\/es\/definido-el-calendario-de-la-lf-endesa-2025-26\/#primaryimage\"},\"thumbnailUrl\":\"https:\/\/www.unigirona.cat\/wp-content\/uploads\/2025\/07\/web.png\",\"datePublished\":\"2025-07-15T12:03:55+00:00\",\"dateModified\":\"2025-07-15T12:14:51+00:00\",\"author\":{\"@id\":\"https:\/\/www.unigirona.cat\/#\/schema\/person\/475ba176dc25b40920d6ebae4b40d2fb\"},\"breadcrumb\":{\"@id\":\"https:\/\/www.unigirona.cat\/es\/definido-el-calendario-de-la-lf-endesa-2025-26\/#breadcrumb\"},\"inLanguage\":\"es\",\"potentialAction\":[{\"@type\":\"ReadAction\",\"target\":[\"https:\/\/www.unigirona.cat\/es\/definido-el-calendario-de-la-lf-endesa-2025-26\/\"]}]},{\"@type\":\"ImageObject\",\"inLanguage\":\"es\",\"@id\":\"https:\/\/www.unigirona.cat\/es\/definido-el-calendario-de-la-lf-endesa-2025-26\/#primaryimage\",\"url\":\"https:\/\/www.unigirona.cat\/wp-content\/uploads\/2025\/07\/web.png\",\"contentUrl\":\"https:\/\/www.unigirona.cat\/wp-content\/uploads\/2025\/07\/web.png\",\"width\":1080,\"height\":864},{\"@type\":\"BreadcrumbList\",\"@id\":\"https:\/\/www.unigirona.cat\/es\/definido-el-calendario-de-la-lf-endesa-2025-26\/#breadcrumb\",\"itemListElement\":[{\"@type\":\"ListItem\",\"position\":1,\"name\":\"Portada\",\"item\":\"https:\/\/www.unigirona.cat\/\"},{\"@type\":\"ListItem\",\"position\":2,\"name\":\"Definido el calendario de la LF Endesa 2025\/26\"}]},{\"@type\":\"WebSite\",\"@id\":\"https:\/\/www.unigirona.cat\/#website\",\"url\":\"https:\/\/www.unigirona.cat\/\",\"name\":\"Spar Girona\",\"description\":\"\",\"potentialAction\":[{\"@type\":\"SearchAction\",\"target\":{\"@type\":\"EntryPoint\",\"urlTemplate\":\"https:\/\/www.unigirona.cat\/?s={search_term_string}\"},\"query-input\":{\"@type\":\"PropertyValueSpecification\",\"valueRequired\":true,\"valueName\":\"search_term_string\"}}],\"inLanguage\":\"es\"},{\"@type\":\"Person\",\"@id\":\"https:\/\/www.unigirona.cat\/#\/schema\/person\/475ba176dc25b40920d6ebae4b40d2fb\",\"name\":\"premsa\",\"image\":{\"@type\":\"ImageObject\",\"inLanguage\":\"es\",\"@id\":\"https:\/\/www.unigirona.cat\/#\/schema\/person\/image\/\",\"url\":\"https:\/\/secure.gravatar.com\/avatar\/aaa70a46dde13fc461ebe5bc96d2c4be?s=96&d=mm&r=g\",\"contentUrl\":\"https:\/\/secure.gravatar.com\/avatar\/aaa70a46dde13fc461ebe5bc96d2c4be?s=96&d=mm&r=g\",\"caption\":\"premsa\"},\"url\":\"https:\/\/www.unigirona.cat\/es\/author\/premsa\/\"}]}<\/script>\n<!-- \/ Yoast SEO plugin. -->","yoast_head_json":{"title":"Definido el calendario de la LF Endesa 2025\/26 - UNI B\u00e0squet Girona","robots":{"index":"index","follow":"follow","max-snippet":"max-snippet:-1","max-image-preview":"max-image-preview:large","max-video-preview":"max-video-preview:-1"},"canonical":"https:\/\/www.unigirona.cat\/es\/definido-el-calendario-de-la-lf-endesa-2025-26\/","og_locale":"es_ES","og_type":"article","og_title":"Definido el calendario de la LF Endesa 2025\/26 - UNI B\u00e0squet Girona","og_description":"El primer partido en Fontajau ser\u00e1 contra el Baxi Ferrol el fin de semana del 11-12 de octubre. La LF Endesa 2025\/26 ya tiene calendario oficial. El Spar Girona comenzar\u00e1 la competici\u00f3n regular el fin de semana del 4 y 5 de octubre, visitando la pista del CAB Estepona, uno de los equipos reci\u00e9n ascendidos [&hellip;]","og_url":"https:\/\/www.unigirona.cat\/es\/definido-el-calendario-de-la-lf-endesa-2025-26\/","og_site_name":"UNI B\u00e0squet Girona","article_published_time":"2025-07-15T12:03:55+00:00","article_modified_time":"2025-07-15T12:14:51+00:00","og_image":[{"width":1080,"height":864,"url":"http:\/\/www.unigirona.cat\/wp-content\/uploads\/2025\/07\/web.png","type":"image\/png"}],"author":"premsa","twitter_card":"summary_large_image","twitter_misc":{"Escrito por":"premsa","Tiempo de lectura":"3 minutos"},"schema":{"@context":"https:\/\/schema.org","@graph":[{"@type":"WebPage","@id":"https:\/\/www.unigirona.cat\/es\/definido-el-calendario-de-la-lf-endesa-2025-26\/","url":"https:\/\/www.unigirona.cat\/es\/definido-el-calendario-de-la-lf-endesa-2025-26\/","name":"Definido el calendario de la LF Endesa 2025\/26 - UNI B\u00e0squet Girona","isPartOf":{"@id":"https:\/\/www.unigirona.cat\/#website"},"primaryImageOfPage":{"@id":"https:\/\/www.unigirona.cat\/es\/definido-el-calendario-de-la-lf-endesa-2025-26\/#primaryimage"},"image":{"@id":"https:\/\/www.unigirona.cat\/es\/definido-el-calendario-de-la-lf-endesa-2025-26\/#primaryimage"},"thumbnailUrl":"https:\/\/www.unigirona.cat\/wp-content\/uploads\/2025\/07\/web.png","datePublished":"2025-07-15T12:03:55+00:00","dateModified":"2025-07-15T12:14:51+00:00","author":{"@id":"https:\/\/www.unigirona.cat\/#\/schema\/person\/475ba176dc25b40920d6ebae4b40d2fb"},"breadcrumb":{"@id":"https:\/\/www.unigirona.cat\/es\/definido-el-calendario-de-la-lf-endesa-2025-26\/#breadcrumb"},"inLanguage":"es","potentialAction":[{"@type":"ReadAction","target":["https:\/\/www.unigirona.cat\/es\/definido-el-calendario-de-la-lf-endesa-2025-26\/"]}]},{"@type":"ImageObject","inLanguage":"es","@id":"https:\/\/www.unigirona.cat\/es\/definido-el-calendario-de-la-lf-endesa-2025-26\/#primaryimage","url":"https:\/\/www.unigirona.cat\/wp-content\/uploads\/2025\/07\/web.png","contentUrl":"https:\/\/www.unigirona.cat\/wp-content\/uploads\/2025\/07\/web.png","width":1080,"height":864},{"@type":"BreadcrumbList","@id":"https:\/\/www.unigirona.cat\/es\/definido-el-calendario-de-la-lf-endesa-2025-26\/#breadcrumb","itemListElement":[{"@type":"ListItem","position":1,"name":"Portada","item":"https:\/\/www.unigirona.cat\/"},{"@type":"ListItem","position":2,"name":"Definido el calendario de la LF Endesa 2025\/26"}]},{"@type":"WebSite","@id":"https:\/\/www.unigirona.cat\/#website","url":"https:\/\/www.unigirona.cat\/","name":"Spar Girona","description":"","potentialAction":[{"@type":"SearchAction","target":{"@type":"EntryPoint","urlTemplate":"https:\/\/www.unigirona.cat\/?s={search_term_string}"},"query-input":{"@type":"PropertyValueSpecification","valueRequired":true,"valueName":"search_term_string"}}],"inLanguage":"es"},{"@type":"Person","@id":"https:\/\/www.unigirona.cat\/#\/schema\/person\/475ba176dc25b40920d6ebae4b40d2fb","name":"premsa","image":{"@type":"ImageObject","inLanguage":"es","@id":"https:\/\/www.unigirona.cat\/#\/schema\/person\/image\/","url":"https:\/\/secure.gravatar.com\/avatar\/aaa70a46dde13fc461ebe5bc96d2c4be?s=96&d=mm&r=g","contentUrl":"https:\/\/secure.gravatar.com\/avatar\/aaa70a46dde13fc461ebe5bc96d2c4be?s=96&d=mm&r=g","caption":"premsa"},"url":"https:\/\/www.unigirona.cat\/es\/author\/premsa\/"}]}},"_links":{"self":[{"href":"https:\/\/www.unigirona.cat\/es\/wp-json\/wp\/v2\/posts\/45038"}],"collection":[{"href":"https:\/\/www.unigirona.cat\/es\/wp-json\/wp\/v2\/posts"}],"about":[{"href":"https:\/\/www.unigirona.cat\/es\/wp-json\/wp\/v2\/types\/post"}],"author":[{"embeddable":true,"href":"https:\/\/www.unigirona.cat\/es\/wp-json\/wp\/v2\/users\/2"}],"replies":[{"embeddable":true,"href":"https:\/\/www.unigirona.cat\/es\/wp-json\/wp\/v2\/comments?post=45038"}],"version-history":[{"count":1,"href":"https:\/\/www.unigirona.cat\/es\/wp-json\/wp\/v2\/posts\/45038\/revisions"}],"predecessor-version":[{"id":45039,"href":"https:\/\/www.unigirona.cat\/es\/wp-json\/wp\/v2\/posts\/45038\/revisions\/45039"}],"wp:featuredmedia":[{"embeddable":true,"href":"https:\/\/www.unigirona.cat\/es\/wp-json\/wp\/v2\/media\/45032"}],"wp:attachment":[{"href":"https:\/\/www.unigirona.cat\/es\/wp-json\/wp\/v2\/media?parent=45038"}],"wp:term":[{"taxonomy":"category","embeddable":true,"href":"https:\/\/www.unigirona.cat\/es\/wp-json\/wp\/v2\/categories?post=45038"},{"taxonomy":"post_tag","embeddable":true,"href":"https:\/\/www.unigirona.cat\/es\/wp-json\/wp\/v2\/tags?post=45038"}],"curies":[{"name":"wp","href":"https:\/\/api.w.org\/{rel}","templated":true}]}}