{"id":45068,"date":"2025-07-17T17:09:19","date_gmt":"2025-07-17T15:09:19","guid":{"rendered":"https:\/\/www.unigirona.cat\/?p=45068"},"modified":"2025-07-23T12:09:11","modified_gmt":"2025-07-23T10:09:11","slug":"lola-pendande-fitxa-pel-basquet-girona","status":"publish","type":"post","link":"https:\/\/www.unigirona.cat\/es\/lola-pendande-fitxa-pel-basquet-girona\/","title":{"rendered":"Lola Pendande fitxa pel B\u00e0squet Girona"},"content":{"rendered":"<p><em>\u00c9s el segon nom confirmat de l\u2019Spar Girona per a la temporada 25\/26.<\/em><\/p><p>Lola Pendande (Roquetas de Mar, 29\/03\/2000) \u00e9s nova jugadora de l\u2019Spar Girona per a la propera temporada. La pivot, de 190 cm i 25 anys, arriba procedent de l\u2019IDK Euskotren, on ha disputat la LF Endesa i l\u2019EuroCup Women.<\/p><p>Pendande va debutar a la Lliga Femenina 2 amb l\u2019Spar Gran Canaria i, m\u00e9s endavant, va jugar al Club B\u00e0squet Santfeliuenc (2018-19). Despr\u00e9s d\u2019aquesta etapa, va fer el salt als Estats Units per competir a la NCAA, primer amb Utah Utes (2019-2021) i posteriorment amb Miami Hurricanes (2021-2023). El maig de 2023 va tornar a les competicions estatals fitxant pel Bar\u00e7a CBS.&nbsp;<\/p><p>En la darrera temporada, la jugadora ha competit amb l\u2019IDK Euskotren, equip amb el qual ha disputat la LF Endesa i on ha assolit una mitjana de 10,1 punts amb un 41,9% en T2 i 79,1 % en TL, 5,3 rebots i una valoraci\u00f3 de 11,6 per partit. Amb el mateix conjunt basc tamb\u00e9 ha participat a la competici\u00f3 europea EuroCup Women, firmant 9,9 punts, 6,8 rebots i 12,5 de valoraci\u00f3 en els 10 partits disputats.<\/p><p>Lola Pendande sempre ha sigut una de les fixes en les categories inferiors de la selecci\u00f3 espanyola, aconseguint la medalla d\u2019or en l\u2019Europeu U16 (2016), la medalla de plata en l\u2019Europeu U18 (2018), l\u2019or Europeu U20 (2018) i el bronze a la Copa del M\u00f3n U19 (2019). La jugadora tamb\u00e9 ha format part de la selecci\u00f3 espanyola absoluta, amb la qual va participar en el Campionat d\u2019Europa de 2023, en qu\u00e8 l\u2019equip es va proclamar subcampi\u00f3 continental.<\/p><p>Amb aquest moviment, el B\u00e0squet Girona continua definint el seu projecte esportiu femen\u00ed, amb Pendande com a segona jugadora confirmada de la plantilla despr\u00e9s de la renovaci\u00f3 d\u2019Ainhoa L\u00f3pez.<\/p><p><strong>Declaracions de Pere Puig, director esportiu:<\/strong><strong><br><\/strong>\u201cA la incorporaci\u00f3 de Lola Pendande, el que cerquem \u00e9s una jugadora f\u00edsica. Una jugadora que ens ajudar\u00e0 en qualsevol de les dues posicions interiors. Ser\u00e0 un complement amb la resta d\u2019interiors que tenim. Molt diferent. Jugadora en constant progressi\u00f3. Cada temporada que fa \u00e9s millor que l\u2019anterior. Ha millorat molt el seu tir de mitja i llarga dist\u00e0ncia. Estem molt contents i esperem que ens pugui ajudar\u201d.<\/p><p><\/p>","protected":false},"excerpt":{"rendered":"<p>\u00c9s el segon nom confirmat de l\u2019Spar Girona per a la temporada 25\/26. Lola Pendande (Roquetas de Mar, 29\/03\/2000) \u00e9s nova jugadora de l\u2019Spar Girona per a la propera temporada. La pivot, de 190 cm i 25 anys, arriba procedent de l\u2019IDK Euskotren, on ha disputat la LF Endesa i l\u2019EuroCup Women. Pendande va debutar [&hellip;]<\/p>\n","protected":false},"author":2,"featured_media":45077,"comment_status":"open","ping_status":"open","sticky":false,"template":"","format":"standard","meta":{"footnotes":""},"categories":[542],"tags":[],"class_list":["post-45068","post","type-post","status-publish","format-standard","has-post-thumbnail","hentry","category-lf-endesa"],"yoast_head":"<!-- This site is optimized with the Yoast SEO plugin v25.1 - https:\/\/yoast.com\/wordpress\/plugins\/seo\/ -->\n<title>Lola Pendande fitxa pel B\u00e0squet Girona - UNI B\u00e0squet Girona<\/title>\n<meta name=\"robots\" content=\"index, follow, max-snippet:-1, max-image-preview:large, max-video-preview:-1\" \/>\n<link rel=\"canonical\" href=\"https:\/\/www.unigirona.cat\/lola-pendande-fitxa-pel-basquet-girona\/\" \/>\n<meta property=\"og:locale\" content=\"es_ES\" \/>\n<meta property=\"og:type\" content=\"article\" \/>\n<meta property=\"og:title\" content=\"Lola Pendande fitxa pel B\u00e0squet Girona - UNI B\u00e0squet Girona\" \/>\n<meta property=\"og:description\" content=\"\u00c9s el segon nom confirmat de l\u2019Spar Girona per a la temporada 25\/26. Lola Pendande (Roquetas de Mar, 29\/03\/2000) \u00e9s nova jugadora de l\u2019Spar Girona per a la propera temporada. La pivot, de 190 cm i 25 anys, arriba procedent de l\u2019IDK Euskotren, on ha disputat la LF Endesa i l\u2019EuroCup Women. Pendande va debutar [&hellip;]\" \/>\n<meta property=\"og:url\" content=\"https:\/\/www.unigirona.cat\/lola-pendande-fitxa-pel-basquet-girona\/\" \/>\n<meta property=\"og:site_name\" content=\"UNI B\u00e0squet Girona\" \/>\n<meta property=\"article:published_time\" content=\"2025-07-17T15:09:19+00:00\" \/>\n<meta property=\"article:modified_time\" content=\"2025-07-23T10:09:11+00:00\" \/>\n<meta property=\"og:image\" content=\"http:\/\/www.unigirona.cat\/wp-content\/uploads\/2025\/07\/Demo-Fitxatge-Uni-1-1.png\" \/>\n\t<meta property=\"og:image:width\" content=\"1080\" \/>\n\t<meta property=\"og:image:height\" content=\"720\" \/>\n\t<meta property=\"og:image:type\" content=\"image\/png\" \/>\n<meta name=\"author\" content=\"premsa\" \/>\n<meta name=\"twitter:card\" content=\"summary_large_image\" \/>\n<meta name=\"twitter:label1\" content=\"Escrito por\" \/>\n\t<meta name=\"twitter:data1\" content=\"premsa\" \/>\n\t<meta name=\"twitter:label2\" content=\"Tiempo de lectura\" \/>\n\t<meta name=\"twitter:data2\" content=\"3 minutos\" \/>\n<script type=\"application\/ld+json\" class=\"yoast-schema-graph\">{\"@context\":\"https:\/\/schema.org\",\"@graph\":[{\"@type\":\"WebPage\",\"@id\":\"https:\/\/www.unigirona.cat\/lola-pendande-fitxa-pel-basquet-girona\/\",\"url\":\"https:\/\/www.unigirona.cat\/lola-pendande-fitxa-pel-basquet-girona\/\",\"name\":\"Lola Pendande fitxa pel B\u00e0squet Girona - UNI B\u00e0squet Girona\",\"isPartOf\":{\"@id\":\"https:\/\/www.unigirona.cat\/#website\"},\"primaryImageOfPage\":{\"@id\":\"https:\/\/www.unigirona.cat\/lola-pendande-fitxa-pel-basquet-girona\/#primaryimage\"},\"image\":{\"@id\":\"https:\/\/www.unigirona.cat\/lola-pendande-fitxa-pel-basquet-girona\/#primaryimage\"},\"thumbnailUrl\":\"https:\/\/www.unigirona.cat\/wp-content\/uploads\/2025\/07\/Demo-Fitxatge-Uni-1-1.png\",\"datePublished\":\"2025-07-17T15:09:19+00:00\",\"dateModified\":\"2025-07-23T10:09:11+00:00\",\"author\":{\"@id\":\"https:\/\/www.unigirona.cat\/#\/schema\/person\/475ba176dc25b40920d6ebae4b40d2fb\"},\"breadcrumb\":{\"@id\":\"https:\/\/www.unigirona.cat\/lola-pendande-fitxa-pel-basquet-girona\/#breadcrumb\"},\"inLanguage\":\"es\",\"potentialAction\":[{\"@type\":\"ReadAction\",\"target\":[\"https:\/\/www.unigirona.cat\/lola-pendande-fitxa-pel-basquet-girona\/\"]}]},{\"@type\":\"ImageObject\",\"inLanguage\":\"es\",\"@id\":\"https:\/\/www.unigirona.cat\/lola-pendande-fitxa-pel-basquet-girona\/#primaryimage\",\"url\":\"https:\/\/www.unigirona.cat\/wp-content\/uploads\/2025\/07\/Demo-Fitxatge-Uni-1-1.png\",\"contentUrl\":\"https:\/\/www.unigirona.cat\/wp-content\/uploads\/2025\/07\/Demo-Fitxatge-Uni-1-1.png\",\"width\":1080,\"height\":720},{\"@type\":\"BreadcrumbList\",\"@id\":\"https:\/\/www.unigirona.cat\/lola-pendande-fitxa-pel-basquet-girona\/#breadcrumb\",\"itemListElement\":[{\"@type\":\"ListItem\",\"position\":1,\"name\":\"Portada\",\"item\":\"https:\/\/www.unigirona.cat\/\"},{\"@type\":\"ListItem\",\"position\":2,\"name\":\"Lola Pendande fitxa pel B\u00e0squet Girona\"}]},{\"@type\":\"WebSite\",\"@id\":\"https:\/\/www.unigirona.cat\/#website\",\"url\":\"https:\/\/www.unigirona.cat\/\",\"name\":\"Spar Girona\",\"description\":\"\",\"potentialAction\":[{\"@type\":\"SearchAction\",\"target\":{\"@type\":\"EntryPoint\",\"urlTemplate\":\"https:\/\/www.unigirona.cat\/?s={search_term_string}\"},\"query-input\":{\"@type\":\"PropertyValueSpecification\",\"valueRequired\":true,\"valueName\":\"search_term_string\"}}],\"inLanguage\":\"es\"},{\"@type\":\"Person\",\"@id\":\"https:\/\/www.unigirona.cat\/#\/schema\/person\/475ba176dc25b40920d6ebae4b40d2fb\",\"name\":\"premsa\",\"image\":{\"@type\":\"ImageObject\",\"inLanguage\":\"es\",\"@id\":\"https:\/\/www.unigirona.cat\/#\/schema\/person\/image\/\",\"url\":\"https:\/\/secure.gravatar.com\/avatar\/aaa70a46dde13fc461ebe5bc96d2c4be?s=96&d=mm&r=g\",\"contentUrl\":\"https:\/\/secure.gravatar.com\/avatar\/aaa70a46dde13fc461ebe5bc96d2c4be?s=96&d=mm&r=g\",\"caption\":\"premsa\"},\"url\":\"https:\/\/www.unigirona.cat\/es\/author\/premsa\/\"}]}<\/script>\n<!-- \/ Yoast SEO plugin. -->","yoast_head_json":{"title":"Lola Pendande fitxa pel B\u00e0squet Girona - UNI B\u00e0squet Girona","robots":{"index":"index","follow":"follow","max-snippet":"max-snippet:-1","max-image-preview":"max-image-preview:large","max-video-preview":"max-video-preview:-1"},"canonical":"https:\/\/www.unigirona.cat\/lola-pendande-fitxa-pel-basquet-girona\/","og_locale":"es_ES","og_type":"article","og_title":"Lola Pendande fitxa pel B\u00e0squet Girona - UNI B\u00e0squet Girona","og_description":"\u00c9s el segon nom confirmat de l\u2019Spar Girona per a la temporada 25\/26. Lola Pendande (Roquetas de Mar, 29\/03\/2000) \u00e9s nova jugadora de l\u2019Spar Girona per a la propera temporada. La pivot, de 190 cm i 25 anys, arriba procedent de l\u2019IDK Euskotren, on ha disputat la LF Endesa i l\u2019EuroCup Women. Pendande va debutar [&hellip;]","og_url":"https:\/\/www.unigirona.cat\/lola-pendande-fitxa-pel-basquet-girona\/","og_site_name":"UNI B\u00e0squet Girona","article_published_time":"2025-07-17T15:09:19+00:00","article_modified_time":"2025-07-23T10:09:11+00:00","og_image":[{"width":1080,"height":720,"url":"http:\/\/www.unigirona.cat\/wp-content\/uploads\/2025\/07\/Demo-Fitxatge-Uni-1-1.png","type":"image\/png"}],"author":"premsa","twitter_card":"summary_large_image","twitter_misc":{"Escrito por":"premsa","Tiempo de lectura":"3 minutos"},"schema":{"@context":"https:\/\/schema.org","@graph":[{"@type":"WebPage","@id":"https:\/\/www.unigirona.cat\/lola-pendande-fitxa-pel-basquet-girona\/","url":"https:\/\/www.unigirona.cat\/lola-pendande-fitxa-pel-basquet-girona\/","name":"Lola Pendande fitxa pel B\u00e0squet Girona - UNI B\u00e0squet Girona","isPartOf":{"@id":"https:\/\/www.unigirona.cat\/#website"},"primaryImageOfPage":{"@id":"https:\/\/www.unigirona.cat\/lola-pendande-fitxa-pel-basquet-girona\/#primaryimage"},"image":{"@id":"https:\/\/www.unigirona.cat\/lola-pendande-fitxa-pel-basquet-girona\/#primaryimage"},"thumbnailUrl":"https:\/\/www.unigirona.cat\/wp-content\/uploads\/2025\/07\/Demo-Fitxatge-Uni-1-1.png","datePublished":"2025-07-17T15:09:19+00:00","dateModified":"2025-07-23T10:09:11+00:00","author":{"@id":"https:\/\/www.unigirona.cat\/#\/schema\/person\/475ba176dc25b40920d6ebae4b40d2fb"},"breadcrumb":{"@id":"https:\/\/www.unigirona.cat\/lola-pendande-fitxa-pel-basquet-girona\/#breadcrumb"},"inLanguage":"es","potentialAction":[{"@type":"ReadAction","target":["https:\/\/www.unigirona.cat\/lola-pendande-fitxa-pel-basquet-girona\/"]}]},{"@type":"ImageObject","inLanguage":"es","@id":"https:\/\/www.unigirona.cat\/lola-pendande-fitxa-pel-basquet-girona\/#primaryimage","url":"https:\/\/www.unigirona.cat\/wp-content\/uploads\/2025\/07\/Demo-Fitxatge-Uni-1-1.png","contentUrl":"https:\/\/www.unigirona.cat\/wp-content\/uploads\/2025\/07\/Demo-Fitxatge-Uni-1-1.png","width":1080,"height":720},{"@type":"BreadcrumbList","@id":"https:\/\/www.unigirona.cat\/lola-pendande-fitxa-pel-basquet-girona\/#breadcrumb","itemListElement":[{"@type":"ListItem","position":1,"name":"Portada","item":"https:\/\/www.unigirona.cat\/"},{"@type":"ListItem","position":2,"name":"Lola Pendande fitxa pel B\u00e0squet Girona"}]},{"@type":"WebSite","@id":"https:\/\/www.unigirona.cat\/#website","url":"https:\/\/www.unigirona.cat\/","name":"Spar Girona","description":"","potentialAction":[{"@type":"SearchAction","target":{"@type":"EntryPoint","urlTemplate":"https:\/\/www.unigirona.cat\/?s={search_term_string}"},"query-input":{"@type":"PropertyValueSpecification","valueRequired":true,"valueName":"search_term_string"}}],"inLanguage":"es"},{"@type":"Person","@id":"https:\/\/www.unigirona.cat\/#\/schema\/person\/475ba176dc25b40920d6ebae4b40d2fb","name":"premsa","image":{"@type":"ImageObject","inLanguage":"es","@id":"https:\/\/www.unigirona.cat\/#\/schema\/person\/image\/","url":"https:\/\/secure.gravatar.com\/avatar\/aaa70a46dde13fc461ebe5bc96d2c4be?s=96&d=mm&r=g","contentUrl":"https:\/\/secure.gravatar.com\/avatar\/aaa70a46dde13fc461ebe5bc96d2c4be?s=96&d=mm&r=g","caption":"premsa"},"url":"https:\/\/www.unigirona.cat\/es\/author\/premsa\/"}]}},"_links":{"self":[{"href":"https:\/\/www.unigirona.cat\/es\/wp-json\/wp\/v2\/posts\/45068"}],"collection":[{"href":"https:\/\/www.unigirona.cat\/es\/wp-json\/wp\/v2\/posts"}],"about":[{"href":"https:\/\/www.unigirona.cat\/es\/wp-json\/wp\/v2\/types\/post"}],"author":[{"embeddable":true,"href":"https:\/\/www.unigirona.cat\/es\/wp-json\/wp\/v2\/users\/2"}],"replies":[{"embeddable":true,"href":"https:\/\/www.unigirona.cat\/es\/wp-json\/wp\/v2\/comments?post=45068"}],"version-history":[{"count":1,"href":"https:\/\/www.unigirona.cat\/es\/wp-json\/wp\/v2\/posts\/45068\/revisions"}],"predecessor-version":[{"id":45073,"href":"https:\/\/www.unigirona.cat\/es\/wp-json\/wp\/v2\/posts\/45068\/revisions\/45073"}],"wp:featuredmedia":[{"embeddable":true,"href":"https:\/\/www.unigirona.cat\/es\/wp-json\/wp\/v2\/media\/45077"}],"wp:attachment":[{"href":"https:\/\/www.unigirona.cat\/es\/wp-json\/wp\/v2\/media?parent=45068"}],"wp:term":[{"taxonomy":"category","embeddable":true,"href":"https:\/\/www.unigirona.cat\/es\/wp-json\/wp\/v2\/categories?post=45068"},{"taxonomy":"post_tag","embeddable":true,"href":"https:\/\/www.unigirona.cat\/es\/wp-json\/wp\/v2\/tags?post=45068"}],"curies":[{"name":"wp","href":"https:\/\/api.w.org\/{rel}","templated":true}]}}