{"id":45141,"date":"2025-07-23T12:02:41","date_gmt":"2025-07-23T10:02:41","guid":{"rendered":"https:\/\/www.unigirona.cat\/?p=45141"},"modified":"2025-07-23T15:16:41","modified_gmt":"2025-07-23T13:16:41","slug":"el-spar-girona-ya-conoce-a-sus-rivales-en-la-euroleague-women-2025-26","status":"publish","type":"post","link":"https:\/\/www.unigirona.cat\/es\/el-spar-girona-ya-conoce-a-sus-rivales-en-la-euroleague-women-2025-26\/","title":{"rendered":"El Spar Girona ya conoce a sus rivales en la EuroLeague Women 2025-26"},"content":{"rendered":"<p>El Spar Girona ha quedado encuadrado en el <strong>Grupo A<\/strong> de la fase regular de la EuroLeague Women 2025-26, tras el sorteo celebrado este mi\u00e9rcoles 23 de julio en M\u00fanich (Alemania). La m\u00e1xima competici\u00f3n continental arrancar\u00e1 el pr\u00f3ximo mes de octubre con un total de 16 equipos repartidos en dos grupos.<\/p><p>Despu\u00e9s de quedar incluido en el Bombo 2, el conjunto gerundense se enfrentar\u00e1 al vigente campe\u00f3n, el ZVVZ USK Praha; al VBW Gdynia polaco, y al ganador de la eliminatoria previa entre el Tango Bourges franc\u00e9s y el Kibirkstis lituano.<\/p><p>Los tres primeros clasificados de cada grupo avanzar\u00e1n a la siguiente ronda, mientras que el \u00faltimo de cada grupo disputar\u00e1 los dieciseisavos de final de la EuroCup Women.<\/p><blockquote class=\"wp-block-quote is-layout-flow wp-block-quote-is-layout-flow\"><p><strong>Declaraciones de Pere Puig, director deportivo del Spar Girona:<\/strong><br>\u00abLa satisfacci\u00f3n despu\u00e9s del sorteo no viene tanto por el grupo o los equipos que nos han tocado, sino por volver a ver el nombre del Spar Girona en una nueva edici\u00f3n de la EuroLeague Women.<\/p>\n\n<p>Si tuviera que definir el grupo, no lo har\u00eda tanto por las plantillas, que todav\u00eda se est\u00e1n confeccionando, sino por el peso hist\u00f3rico de los clubes. El ZVVZ USK Praha es el vigente campe\u00f3n y ya suma dos Euroligas. El VBW Gdynia regresa a la competici\u00f3n tras varios a\u00f1os, pero es un equipo con dos subcampeonatos. Y el Bourges es un cl\u00e1sico del baloncesto franc\u00e9s, con tres t\u00edtulos de EuroLeague.<\/p>\n\n<p>Tambi\u00e9n nos har\u00eda especial ilusi\u00f3n enfrentarnos al Kibirkstis, ya que all\u00ed juega Labuckiene, y ser\u00eda muy bonito volver a verla en Fontajau.\u00bb<\/p><\/blockquote>","protected":false},"excerpt":{"rendered":"<p>El Spar Girona ha quedado encuadrado en el Grupo A de la fase regular de la EuroLeague Women 2025-26, tras el sorteo celebrado este mi\u00e9rcoles 23 de julio en M\u00fanich (Alemania). La m\u00e1xima competici\u00f3n continental arrancar\u00e1 el pr\u00f3ximo mes de octubre con un total de 16 equipos repartidos en dos grupos. Despu\u00e9s de quedar incluido [&hellip;]<\/p>\n","protected":false},"author":2,"featured_media":45133,"comment_status":"open","ping_status":"open","sticky":false,"template":"","format":"standard","meta":{"footnotes":""},"categories":[858],"tags":[],"class_list":["post-45141","post","type-post","status-publish","format-standard","has-post-thumbnail","hentry","category-lf-endesa-es"],"yoast_head":"<!-- This site is optimized with the Yoast SEO plugin v25.1 - https:\/\/yoast.com\/wordpress\/plugins\/seo\/ -->\n<title>El Spar Girona ya conoce a sus rivales en la EuroLeague Women 2025-26 - UNI B\u00e0squet Girona<\/title>\n<meta name=\"robots\" content=\"index, follow, max-snippet:-1, max-image-preview:large, max-video-preview:-1\" \/>\n<link rel=\"canonical\" href=\"https:\/\/www.unigirona.cat\/es\/el-spar-girona-ya-conoce-a-sus-rivales-en-la-euroleague-women-2025-26\/\" \/>\n<meta property=\"og:locale\" content=\"es_ES\" \/>\n<meta property=\"og:type\" content=\"article\" \/>\n<meta property=\"og:title\" content=\"El Spar Girona ya conoce a sus rivales en la EuroLeague Women 2025-26 - UNI B\u00e0squet Girona\" \/>\n<meta property=\"og:description\" content=\"El Spar Girona ha quedado encuadrado en el Grupo A de la fase regular de la EuroLeague Women 2025-26, tras el sorteo celebrado este mi\u00e9rcoles 23 de julio en M\u00fanich (Alemania). La m\u00e1xima competici\u00f3n continental arrancar\u00e1 el pr\u00f3ximo mes de octubre con un total de 16 equipos repartidos en dos grupos. Despu\u00e9s de quedar incluido [&hellip;]\" \/>\n<meta property=\"og:url\" content=\"https:\/\/www.unigirona.cat\/es\/el-spar-girona-ya-conoce-a-sus-rivales-en-la-euroleague-women-2025-26\/\" \/>\n<meta property=\"og:site_name\" content=\"UNI B\u00e0squet Girona\" \/>\n<meta property=\"article:published_time\" content=\"2025-07-23T10:02:41+00:00\" \/>\n<meta property=\"article:modified_time\" content=\"2025-07-23T13:16:41+00:00\" \/>\n<meta property=\"og:image\" content=\"http:\/\/www.unigirona.cat\/wp-content\/uploads\/2025\/07\/fase-de-grups.jpg\" \/>\n\t<meta property=\"og:image:width\" content=\"1920\" \/>\n\t<meta property=\"og:image:height\" content=\"1080\" \/>\n\t<meta property=\"og:image:type\" content=\"image\/jpeg\" \/>\n<meta name=\"author\" content=\"premsa\" \/>\n<meta name=\"twitter:card\" content=\"summary_large_image\" \/>\n<meta name=\"twitter:label1\" content=\"Escrito por\" \/>\n\t<meta name=\"twitter:data1\" content=\"premsa\" \/>\n\t<meta name=\"twitter:label2\" content=\"Tiempo de lectura\" \/>\n\t<meta name=\"twitter:data2\" content=\"1 minuto\" \/>\n<script type=\"application\/ld+json\" class=\"yoast-schema-graph\">{\"@context\":\"https:\/\/schema.org\",\"@graph\":[{\"@type\":\"WebPage\",\"@id\":\"https:\/\/www.unigirona.cat\/es\/el-spar-girona-ya-conoce-a-sus-rivales-en-la-euroleague-women-2025-26\/\",\"url\":\"https:\/\/www.unigirona.cat\/es\/el-spar-girona-ya-conoce-a-sus-rivales-en-la-euroleague-women-2025-26\/\",\"name\":\"El Spar Girona ya conoce a sus rivales en la EuroLeague Women 2025-26 - UNI B\u00e0squet Girona\",\"isPartOf\":{\"@id\":\"https:\/\/www.unigirona.cat\/#website\"},\"primaryImageOfPage\":{\"@id\":\"https:\/\/www.unigirona.cat\/es\/el-spar-girona-ya-conoce-a-sus-rivales-en-la-euroleague-women-2025-26\/#primaryimage\"},\"image\":{\"@id\":\"https:\/\/www.unigirona.cat\/es\/el-spar-girona-ya-conoce-a-sus-rivales-en-la-euroleague-women-2025-26\/#primaryimage\"},\"thumbnailUrl\":\"https:\/\/www.unigirona.cat\/wp-content\/uploads\/2025\/07\/fase-de-grups.jpg\",\"datePublished\":\"2025-07-23T10:02:41+00:00\",\"dateModified\":\"2025-07-23T13:16:41+00:00\",\"author\":{\"@id\":\"https:\/\/www.unigirona.cat\/#\/schema\/person\/475ba176dc25b40920d6ebae4b40d2fb\"},\"breadcrumb\":{\"@id\":\"https:\/\/www.unigirona.cat\/es\/el-spar-girona-ya-conoce-a-sus-rivales-en-la-euroleague-women-2025-26\/#breadcrumb\"},\"inLanguage\":\"es\",\"potentialAction\":[{\"@type\":\"ReadAction\",\"target\":[\"https:\/\/www.unigirona.cat\/es\/el-spar-girona-ya-conoce-a-sus-rivales-en-la-euroleague-women-2025-26\/\"]}]},{\"@type\":\"ImageObject\",\"inLanguage\":\"es\",\"@id\":\"https:\/\/www.unigirona.cat\/es\/el-spar-girona-ya-conoce-a-sus-rivales-en-la-euroleague-women-2025-26\/#primaryimage\",\"url\":\"https:\/\/www.unigirona.cat\/wp-content\/uploads\/2025\/07\/fase-de-grups.jpg\",\"contentUrl\":\"https:\/\/www.unigirona.cat\/wp-content\/uploads\/2025\/07\/fase-de-grups.jpg\",\"width\":1920,\"height\":1080},{\"@type\":\"BreadcrumbList\",\"@id\":\"https:\/\/www.unigirona.cat\/es\/el-spar-girona-ya-conoce-a-sus-rivales-en-la-euroleague-women-2025-26\/#breadcrumb\",\"itemListElement\":[{\"@type\":\"ListItem\",\"position\":1,\"name\":\"Portada\",\"item\":\"https:\/\/www.unigirona.cat\/\"},{\"@type\":\"ListItem\",\"position\":2,\"name\":\"El Spar Girona ya conoce a sus rivales en la EuroLeague Women 2025-26\"}]},{\"@type\":\"WebSite\",\"@id\":\"https:\/\/www.unigirona.cat\/#website\",\"url\":\"https:\/\/www.unigirona.cat\/\",\"name\":\"Spar Girona\",\"description\":\"\",\"potentialAction\":[{\"@type\":\"SearchAction\",\"target\":{\"@type\":\"EntryPoint\",\"urlTemplate\":\"https:\/\/www.unigirona.cat\/?s={search_term_string}\"},\"query-input\":{\"@type\":\"PropertyValueSpecification\",\"valueRequired\":true,\"valueName\":\"search_term_string\"}}],\"inLanguage\":\"es\"},{\"@type\":\"Person\",\"@id\":\"https:\/\/www.unigirona.cat\/#\/schema\/person\/475ba176dc25b40920d6ebae4b40d2fb\",\"name\":\"premsa\",\"image\":{\"@type\":\"ImageObject\",\"inLanguage\":\"es\",\"@id\":\"https:\/\/www.unigirona.cat\/#\/schema\/person\/image\/\",\"url\":\"https:\/\/secure.gravatar.com\/avatar\/aaa70a46dde13fc461ebe5bc96d2c4be?s=96&d=mm&r=g\",\"contentUrl\":\"https:\/\/secure.gravatar.com\/avatar\/aaa70a46dde13fc461ebe5bc96d2c4be?s=96&d=mm&r=g\",\"caption\":\"premsa\"},\"url\":\"https:\/\/www.unigirona.cat\/es\/author\/premsa\/\"}]}<\/script>\n<!-- \/ Yoast SEO plugin. -->","yoast_head_json":{"title":"El Spar Girona ya conoce a sus rivales en la EuroLeague Women 2025-26 - UNI B\u00e0squet Girona","robots":{"index":"index","follow":"follow","max-snippet":"max-snippet:-1","max-image-preview":"max-image-preview:large","max-video-preview":"max-video-preview:-1"},"canonical":"https:\/\/www.unigirona.cat\/es\/el-spar-girona-ya-conoce-a-sus-rivales-en-la-euroleague-women-2025-26\/","og_locale":"es_ES","og_type":"article","og_title":"El Spar Girona ya conoce a sus rivales en la EuroLeague Women 2025-26 - UNI B\u00e0squet Girona","og_description":"El Spar Girona ha quedado encuadrado en el Grupo A de la fase regular de la EuroLeague Women 2025-26, tras el sorteo celebrado este mi\u00e9rcoles 23 de julio en M\u00fanich (Alemania). La m\u00e1xima competici\u00f3n continental arrancar\u00e1 el pr\u00f3ximo mes de octubre con un total de 16 equipos repartidos en dos grupos. Despu\u00e9s de quedar incluido [&hellip;]","og_url":"https:\/\/www.unigirona.cat\/es\/el-spar-girona-ya-conoce-a-sus-rivales-en-la-euroleague-women-2025-26\/","og_site_name":"UNI B\u00e0squet Girona","article_published_time":"2025-07-23T10:02:41+00:00","article_modified_time":"2025-07-23T13:16:41+00:00","og_image":[{"width":1920,"height":1080,"url":"http:\/\/www.unigirona.cat\/wp-content\/uploads\/2025\/07\/fase-de-grups.jpg","type":"image\/jpeg"}],"author":"premsa","twitter_card":"summary_large_image","twitter_misc":{"Escrito por":"premsa","Tiempo de lectura":"1 minuto"},"schema":{"@context":"https:\/\/schema.org","@graph":[{"@type":"WebPage","@id":"https:\/\/www.unigirona.cat\/es\/el-spar-girona-ya-conoce-a-sus-rivales-en-la-euroleague-women-2025-26\/","url":"https:\/\/www.unigirona.cat\/es\/el-spar-girona-ya-conoce-a-sus-rivales-en-la-euroleague-women-2025-26\/","name":"El Spar Girona ya conoce a sus rivales en la EuroLeague Women 2025-26 - UNI B\u00e0squet Girona","isPartOf":{"@id":"https:\/\/www.unigirona.cat\/#website"},"primaryImageOfPage":{"@id":"https:\/\/www.unigirona.cat\/es\/el-spar-girona-ya-conoce-a-sus-rivales-en-la-euroleague-women-2025-26\/#primaryimage"},"image":{"@id":"https:\/\/www.unigirona.cat\/es\/el-spar-girona-ya-conoce-a-sus-rivales-en-la-euroleague-women-2025-26\/#primaryimage"},"thumbnailUrl":"https:\/\/www.unigirona.cat\/wp-content\/uploads\/2025\/07\/fase-de-grups.jpg","datePublished":"2025-07-23T10:02:41+00:00","dateModified":"2025-07-23T13:16:41+00:00","author":{"@id":"https:\/\/www.unigirona.cat\/#\/schema\/person\/475ba176dc25b40920d6ebae4b40d2fb"},"breadcrumb":{"@id":"https:\/\/www.unigirona.cat\/es\/el-spar-girona-ya-conoce-a-sus-rivales-en-la-euroleague-women-2025-26\/#breadcrumb"},"inLanguage":"es","potentialAction":[{"@type":"ReadAction","target":["https:\/\/www.unigirona.cat\/es\/el-spar-girona-ya-conoce-a-sus-rivales-en-la-euroleague-women-2025-26\/"]}]},{"@type":"ImageObject","inLanguage":"es","@id":"https:\/\/www.unigirona.cat\/es\/el-spar-girona-ya-conoce-a-sus-rivales-en-la-euroleague-women-2025-26\/#primaryimage","url":"https:\/\/www.unigirona.cat\/wp-content\/uploads\/2025\/07\/fase-de-grups.jpg","contentUrl":"https:\/\/www.unigirona.cat\/wp-content\/uploads\/2025\/07\/fase-de-grups.jpg","width":1920,"height":1080},{"@type":"BreadcrumbList","@id":"https:\/\/www.unigirona.cat\/es\/el-spar-girona-ya-conoce-a-sus-rivales-en-la-euroleague-women-2025-26\/#breadcrumb","itemListElement":[{"@type":"ListItem","position":1,"name":"Portada","item":"https:\/\/www.unigirona.cat\/"},{"@type":"ListItem","position":2,"name":"El Spar Girona ya conoce a sus rivales en la EuroLeague Women 2025-26"}]},{"@type":"WebSite","@id":"https:\/\/www.unigirona.cat\/#website","url":"https:\/\/www.unigirona.cat\/","name":"Spar Girona","description":"","potentialAction":[{"@type":"SearchAction","target":{"@type":"EntryPoint","urlTemplate":"https:\/\/www.unigirona.cat\/?s={search_term_string}"},"query-input":{"@type":"PropertyValueSpecification","valueRequired":true,"valueName":"search_term_string"}}],"inLanguage":"es"},{"@type":"Person","@id":"https:\/\/www.unigirona.cat\/#\/schema\/person\/475ba176dc25b40920d6ebae4b40d2fb","name":"premsa","image":{"@type":"ImageObject","inLanguage":"es","@id":"https:\/\/www.unigirona.cat\/#\/schema\/person\/image\/","url":"https:\/\/secure.gravatar.com\/avatar\/aaa70a46dde13fc461ebe5bc96d2c4be?s=96&d=mm&r=g","contentUrl":"https:\/\/secure.gravatar.com\/avatar\/aaa70a46dde13fc461ebe5bc96d2c4be?s=96&d=mm&r=g","caption":"premsa"},"url":"https:\/\/www.unigirona.cat\/es\/author\/premsa\/"}]}},"_links":{"self":[{"href":"https:\/\/www.unigirona.cat\/es\/wp-json\/wp\/v2\/posts\/45141"}],"collection":[{"href":"https:\/\/www.unigirona.cat\/es\/wp-json\/wp\/v2\/posts"}],"about":[{"href":"https:\/\/www.unigirona.cat\/es\/wp-json\/wp\/v2\/types\/post"}],"author":[{"embeddable":true,"href":"https:\/\/www.unigirona.cat\/es\/wp-json\/wp\/v2\/users\/2"}],"replies":[{"embeddable":true,"href":"https:\/\/www.unigirona.cat\/es\/wp-json\/wp\/v2\/comments?post=45141"}],"version-history":[{"count":1,"href":"https:\/\/www.unigirona.cat\/es\/wp-json\/wp\/v2\/posts\/45141\/revisions"}],"predecessor-version":[{"id":45142,"href":"https:\/\/www.unigirona.cat\/es\/wp-json\/wp\/v2\/posts\/45141\/revisions\/45142"}],"wp:featuredmedia":[{"embeddable":true,"href":"https:\/\/www.unigirona.cat\/es\/wp-json\/wp\/v2\/media\/45133"}],"wp:attachment":[{"href":"https:\/\/www.unigirona.cat\/es\/wp-json\/wp\/v2\/media?parent=45141"}],"wp:term":[{"taxonomy":"category","embeddable":true,"href":"https:\/\/www.unigirona.cat\/es\/wp-json\/wp\/v2\/categories?post=45141"},{"taxonomy":"post_tag","embeddable":true,"href":"https:\/\/www.unigirona.cat\/es\/wp-json\/wp\/v2\/tags?post=45141"}],"curies":[{"name":"wp","href":"https:\/\/api.w.org\/{rel}","templated":true}]}}