{"id":45192,"date":"2025-08-12T13:06:45","date_gmt":"2025-08-12T11:06:45","guid":{"rendered":"https:\/\/www.unigirona.cat\/?p=45192"},"modified":"2025-08-12T13:06:49","modified_gmt":"2025-08-12T11:06:49","slug":"lspar-girona-i-chloe-bibby-junts-una-temporada-mes","status":"publish","type":"post","link":"https:\/\/www.unigirona.cat\/es\/lspar-girona-i-chloe-bibby-junts-una-temporada-mes\/","title":{"rendered":"L\u2019Spar Girona i Chloe Bibby, junts una temporada m\u00e9s"},"content":{"rendered":"<p><em>La MVP de la LF Endesa seguir\u00e0 a Girona<\/em><\/p><p>El B\u00e0squet Girona ha tancat la renovaci\u00f3 de Chloe Bibby per a l\u2019equip Spar Girona. L\u2019ala-pivot australiana, de 27 anys i 185 cm, continuar\u00e0 formant part del primer equip femen\u00ed i encadenar\u00e0 aix\u00ed la seva segona temporada consecutiva des que va arribar a Fontajau l\u2019estiu de 2024.<\/p><p>En la seva primera temporada amb l\u2019Spar Girona, Bibby ha estat una pe\u00e7a fonamental en l\u2019esquema de l\u2019equip i una de les grans refer\u00e8ncies ofensives de la LF Endesa. Ha estat escollida <strong>MVP de la lliga<\/strong> despr\u00e9s de signar una mitjana de <strong>17,8 punts, 4,9 rebots i 19,2 de valoraci\u00f3<\/strong>, amb un encert del 52% en tirs de dos, 45,4% en triples i 82,8% des del tir lliure. A l\u2019EuroCup Women, tamb\u00e9 ha brillat amb <strong>17,1 punts, 5,7 rebots, 3,3 assist\u00e8ncies i 18,7 de valoraci\u00f3 per partit<\/strong>.<\/p><p>L\u2019excel\u00b7lent temporada de Bibby amb el conjunt giron\u00ed ha tingut continu\u00eftat aquest estiu. Ha debutat a la WNBA amb els <strong>Golden State Valkyries<\/strong> i, despr\u00e9s de ser acomiadada, ha fitxat fins a final de temporada amb les <strong>Indiana Fever<\/strong>. Amb la selecci\u00f3 australiana, s\u2019ha proclamat <strong>campiona de la FIBA Women\u2019s Asia Cup 2025<\/strong>, consolidant-se com una de les jugadores m\u00e9s destacades del panorama internacional.<\/p><p>Amb la renovaci\u00f3 de Bibby, el B\u00e0squet Girona assegura la continu\u00eftat d\u2019una jugadora clau en el projecte esportiu per a la temporada 2025\u201326. L\u2019australiana es converteix en la setena jugadora confirmada per a la plantilla de l\u2019Spar Girona.<\/p><p><strong>Declaracions de Pere Puig, director esportiu<\/strong>: \u201cLa Chloe Bibby \u00e9s una jugadora que deixa empremta all\u00e0 on va: una gran anotadora, una gran competidora, i sobretot, una jugadora per seguir gaudint a Girona.\u201d<br><\/p>","protected":false},"excerpt":{"rendered":"<p>La MVP de la LF Endesa seguir\u00e0 a Girona El B\u00e0squet Girona ha tancat la renovaci\u00f3 de Chloe Bibby per a l\u2019equip Spar Girona. L\u2019ala-pivot australiana, de 27 anys i 185 cm, continuar\u00e0 formant part del primer equip femen\u00ed i encadenar\u00e0 aix\u00ed la seva segona temporada consecutiva des que va arribar a Fontajau l\u2019estiu de [&hellip;]<\/p>\n","protected":false},"author":88,"featured_media":45193,"comment_status":"open","ping_status":"open","sticky":false,"template":"","format":"standard","meta":{"footnotes":""},"categories":[1],"tags":[],"class_list":["post-45192","post","type-post","status-publish","format-standard","has-post-thumbnail","hentry","category-uncategorized-ca"],"yoast_head":"<!-- This site is optimized with the Yoast SEO plugin v25.1 - https:\/\/yoast.com\/wordpress\/plugins\/seo\/ -->\n<title>L\u2019Spar Girona i Chloe Bibby, junts una temporada m\u00e9s - UNI B\u00e0squet Girona<\/title>\n<meta name=\"robots\" content=\"index, follow, max-snippet:-1, max-image-preview:large, max-video-preview:-1\" \/>\n<link rel=\"canonical\" href=\"https:\/\/www.unigirona.cat\/lspar-girona-i-chloe-bibby-junts-una-temporada-mes\/\" \/>\n<meta property=\"og:locale\" content=\"es_ES\" \/>\n<meta property=\"og:type\" content=\"article\" \/>\n<meta property=\"og:title\" content=\"L\u2019Spar Girona i Chloe Bibby, junts una temporada m\u00e9s - UNI B\u00e0squet Girona\" \/>\n<meta property=\"og:description\" content=\"La MVP de la LF Endesa seguir\u00e0 a Girona El B\u00e0squet Girona ha tancat la renovaci\u00f3 de Chloe Bibby per a l\u2019equip Spar Girona. L\u2019ala-pivot australiana, de 27 anys i 185 cm, continuar\u00e0 formant part del primer equip femen\u00ed i encadenar\u00e0 aix\u00ed la seva segona temporada consecutiva des que va arribar a Fontajau l\u2019estiu de [&hellip;]\" \/>\n<meta property=\"og:url\" content=\"https:\/\/www.unigirona.cat\/lspar-girona-i-chloe-bibby-junts-una-temporada-mes\/\" \/>\n<meta property=\"og:site_name\" content=\"UNI B\u00e0squet Girona\" \/>\n<meta property=\"article:published_time\" content=\"2025-08-12T11:06:45+00:00\" \/>\n<meta property=\"article:modified_time\" content=\"2025-08-12T11:06:49+00:00\" \/>\n<meta property=\"og:image\" content=\"http:\/\/www.unigirona.cat\/wp-content\/uploads\/2025\/08\/renovacio-bibby-1.jpg\" \/>\n\t<meta property=\"og:image:width\" content=\"1080\" \/>\n\t<meta property=\"og:image:height\" content=\"648\" \/>\n\t<meta property=\"og:image:type\" content=\"image\/jpeg\" \/>\n<meta name=\"author\" content=\"Pau de Castro\" \/>\n<meta name=\"twitter:card\" content=\"summary_large_image\" \/>\n<meta name=\"twitter:label1\" content=\"Escrito por\" \/>\n\t<meta name=\"twitter:data1\" content=\"Pau de Castro\" \/>\n\t<meta name=\"twitter:label2\" content=\"Tiempo de lectura\" \/>\n\t<meta name=\"twitter:data2\" content=\"2 minutos\" \/>\n<script type=\"application\/ld+json\" class=\"yoast-schema-graph\">{\"@context\":\"https:\/\/schema.org\",\"@graph\":[{\"@type\":\"WebPage\",\"@id\":\"https:\/\/www.unigirona.cat\/lspar-girona-i-chloe-bibby-junts-una-temporada-mes\/\",\"url\":\"https:\/\/www.unigirona.cat\/lspar-girona-i-chloe-bibby-junts-una-temporada-mes\/\",\"name\":\"L\u2019Spar Girona i Chloe Bibby, junts una temporada m\u00e9s - UNI B\u00e0squet Girona\",\"isPartOf\":{\"@id\":\"https:\/\/www.unigirona.cat\/#website\"},\"primaryImageOfPage\":{\"@id\":\"https:\/\/www.unigirona.cat\/lspar-girona-i-chloe-bibby-junts-una-temporada-mes\/#primaryimage\"},\"image\":{\"@id\":\"https:\/\/www.unigirona.cat\/lspar-girona-i-chloe-bibby-junts-una-temporada-mes\/#primaryimage\"},\"thumbnailUrl\":\"https:\/\/www.unigirona.cat\/wp-content\/uploads\/2025\/08\/renovacio-bibby-1.jpg\",\"datePublished\":\"2025-08-12T11:06:45+00:00\",\"dateModified\":\"2025-08-12T11:06:49+00:00\",\"author\":{\"@id\":\"https:\/\/www.unigirona.cat\/#\/schema\/person\/c2df01cafbe9225096411c565ba0ebc5\"},\"breadcrumb\":{\"@id\":\"https:\/\/www.unigirona.cat\/lspar-girona-i-chloe-bibby-junts-una-temporada-mes\/#breadcrumb\"},\"inLanguage\":\"es\",\"potentialAction\":[{\"@type\":\"ReadAction\",\"target\":[\"https:\/\/www.unigirona.cat\/lspar-girona-i-chloe-bibby-junts-una-temporada-mes\/\"]}]},{\"@type\":\"ImageObject\",\"inLanguage\":\"es\",\"@id\":\"https:\/\/www.unigirona.cat\/lspar-girona-i-chloe-bibby-junts-una-temporada-mes\/#primaryimage\",\"url\":\"https:\/\/www.unigirona.cat\/wp-content\/uploads\/2025\/08\/renovacio-bibby-1.jpg\",\"contentUrl\":\"https:\/\/www.unigirona.cat\/wp-content\/uploads\/2025\/08\/renovacio-bibby-1.jpg\",\"width\":1080,\"height\":648},{\"@type\":\"BreadcrumbList\",\"@id\":\"https:\/\/www.unigirona.cat\/lspar-girona-i-chloe-bibby-junts-una-temporada-mes\/#breadcrumb\",\"itemListElement\":[{\"@type\":\"ListItem\",\"position\":1,\"name\":\"Portada\",\"item\":\"https:\/\/www.unigirona.cat\/\"},{\"@type\":\"ListItem\",\"position\":2,\"name\":\"L\u2019Spar Girona i Chloe Bibby, junts una temporada m\u00e9s\"}]},{\"@type\":\"WebSite\",\"@id\":\"https:\/\/www.unigirona.cat\/#website\",\"url\":\"https:\/\/www.unigirona.cat\/\",\"name\":\"Spar Girona\",\"description\":\"\",\"potentialAction\":[{\"@type\":\"SearchAction\",\"target\":{\"@type\":\"EntryPoint\",\"urlTemplate\":\"https:\/\/www.unigirona.cat\/?s={search_term_string}\"},\"query-input\":{\"@type\":\"PropertyValueSpecification\",\"valueRequired\":true,\"valueName\":\"search_term_string\"}}],\"inLanguage\":\"es\"},{\"@type\":\"Person\",\"@id\":\"https:\/\/www.unigirona.cat\/#\/schema\/person\/c2df01cafbe9225096411c565ba0ebc5\",\"name\":\"Pau de Castro\",\"image\":{\"@type\":\"ImageObject\",\"inLanguage\":\"es\",\"@id\":\"https:\/\/www.unigirona.cat\/#\/schema\/person\/image\/\",\"url\":\"https:\/\/secure.gravatar.com\/avatar\/3df3fcf9d1ab7f3bf0296672d3a5a9fb?s=96&d=mm&r=g\",\"contentUrl\":\"https:\/\/secure.gravatar.com\/avatar\/3df3fcf9d1ab7f3bf0296672d3a5a9fb?s=96&d=mm&r=g\",\"caption\":\"Pau de Castro\"},\"url\":\"https:\/\/www.unigirona.cat\/es\/author\/pau-de-castro\/\"}]}<\/script>\n<!-- \/ Yoast SEO plugin. -->","yoast_head_json":{"title":"L\u2019Spar Girona i Chloe Bibby, junts una temporada m\u00e9s - UNI B\u00e0squet Girona","robots":{"index":"index","follow":"follow","max-snippet":"max-snippet:-1","max-image-preview":"max-image-preview:large","max-video-preview":"max-video-preview:-1"},"canonical":"https:\/\/www.unigirona.cat\/lspar-girona-i-chloe-bibby-junts-una-temporada-mes\/","og_locale":"es_ES","og_type":"article","og_title":"L\u2019Spar Girona i Chloe Bibby, junts una temporada m\u00e9s - UNI B\u00e0squet Girona","og_description":"La MVP de la LF Endesa seguir\u00e0 a Girona El B\u00e0squet Girona ha tancat la renovaci\u00f3 de Chloe Bibby per a l\u2019equip Spar Girona. L\u2019ala-pivot australiana, de 27 anys i 185 cm, continuar\u00e0 formant part del primer equip femen\u00ed i encadenar\u00e0 aix\u00ed la seva segona temporada consecutiva des que va arribar a Fontajau l\u2019estiu de [&hellip;]","og_url":"https:\/\/www.unigirona.cat\/lspar-girona-i-chloe-bibby-junts-una-temporada-mes\/","og_site_name":"UNI B\u00e0squet Girona","article_published_time":"2025-08-12T11:06:45+00:00","article_modified_time":"2025-08-12T11:06:49+00:00","og_image":[{"width":1080,"height":648,"url":"http:\/\/www.unigirona.cat\/wp-content\/uploads\/2025\/08\/renovacio-bibby-1.jpg","type":"image\/jpeg"}],"author":"Pau de Castro","twitter_card":"summary_large_image","twitter_misc":{"Escrito por":"Pau de Castro","Tiempo de lectura":"2 minutos"},"schema":{"@context":"https:\/\/schema.org","@graph":[{"@type":"WebPage","@id":"https:\/\/www.unigirona.cat\/lspar-girona-i-chloe-bibby-junts-una-temporada-mes\/","url":"https:\/\/www.unigirona.cat\/lspar-girona-i-chloe-bibby-junts-una-temporada-mes\/","name":"L\u2019Spar Girona i Chloe Bibby, junts una temporada m\u00e9s - UNI B\u00e0squet Girona","isPartOf":{"@id":"https:\/\/www.unigirona.cat\/#website"},"primaryImageOfPage":{"@id":"https:\/\/www.unigirona.cat\/lspar-girona-i-chloe-bibby-junts-una-temporada-mes\/#primaryimage"},"image":{"@id":"https:\/\/www.unigirona.cat\/lspar-girona-i-chloe-bibby-junts-una-temporada-mes\/#primaryimage"},"thumbnailUrl":"https:\/\/www.unigirona.cat\/wp-content\/uploads\/2025\/08\/renovacio-bibby-1.jpg","datePublished":"2025-08-12T11:06:45+00:00","dateModified":"2025-08-12T11:06:49+00:00","author":{"@id":"https:\/\/www.unigirona.cat\/#\/schema\/person\/c2df01cafbe9225096411c565ba0ebc5"},"breadcrumb":{"@id":"https:\/\/www.unigirona.cat\/lspar-girona-i-chloe-bibby-junts-una-temporada-mes\/#breadcrumb"},"inLanguage":"es","potentialAction":[{"@type":"ReadAction","target":["https:\/\/www.unigirona.cat\/lspar-girona-i-chloe-bibby-junts-una-temporada-mes\/"]}]},{"@type":"ImageObject","inLanguage":"es","@id":"https:\/\/www.unigirona.cat\/lspar-girona-i-chloe-bibby-junts-una-temporada-mes\/#primaryimage","url":"https:\/\/www.unigirona.cat\/wp-content\/uploads\/2025\/08\/renovacio-bibby-1.jpg","contentUrl":"https:\/\/www.unigirona.cat\/wp-content\/uploads\/2025\/08\/renovacio-bibby-1.jpg","width":1080,"height":648},{"@type":"BreadcrumbList","@id":"https:\/\/www.unigirona.cat\/lspar-girona-i-chloe-bibby-junts-una-temporada-mes\/#breadcrumb","itemListElement":[{"@type":"ListItem","position":1,"name":"Portada","item":"https:\/\/www.unigirona.cat\/"},{"@type":"ListItem","position":2,"name":"L\u2019Spar Girona i Chloe Bibby, junts una temporada m\u00e9s"}]},{"@type":"WebSite","@id":"https:\/\/www.unigirona.cat\/#website","url":"https:\/\/www.unigirona.cat\/","name":"Spar Girona","description":"","potentialAction":[{"@type":"SearchAction","target":{"@type":"EntryPoint","urlTemplate":"https:\/\/www.unigirona.cat\/?s={search_term_string}"},"query-input":{"@type":"PropertyValueSpecification","valueRequired":true,"valueName":"search_term_string"}}],"inLanguage":"es"},{"@type":"Person","@id":"https:\/\/www.unigirona.cat\/#\/schema\/person\/c2df01cafbe9225096411c565ba0ebc5","name":"Pau de Castro","image":{"@type":"ImageObject","inLanguage":"es","@id":"https:\/\/www.unigirona.cat\/#\/schema\/person\/image\/","url":"https:\/\/secure.gravatar.com\/avatar\/3df3fcf9d1ab7f3bf0296672d3a5a9fb?s=96&d=mm&r=g","contentUrl":"https:\/\/secure.gravatar.com\/avatar\/3df3fcf9d1ab7f3bf0296672d3a5a9fb?s=96&d=mm&r=g","caption":"Pau de Castro"},"url":"https:\/\/www.unigirona.cat\/es\/author\/pau-de-castro\/"}]}},"_links":{"self":[{"href":"https:\/\/www.unigirona.cat\/es\/wp-json\/wp\/v2\/posts\/45192"}],"collection":[{"href":"https:\/\/www.unigirona.cat\/es\/wp-json\/wp\/v2\/posts"}],"about":[{"href":"https:\/\/www.unigirona.cat\/es\/wp-json\/wp\/v2\/types\/post"}],"author":[{"embeddable":true,"href":"https:\/\/www.unigirona.cat\/es\/wp-json\/wp\/v2\/users\/88"}],"replies":[{"embeddable":true,"href":"https:\/\/www.unigirona.cat\/es\/wp-json\/wp\/v2\/comments?post=45192"}],"version-history":[{"count":1,"href":"https:\/\/www.unigirona.cat\/es\/wp-json\/wp\/v2\/posts\/45192\/revisions"}],"predecessor-version":[{"id":45196,"href":"https:\/\/www.unigirona.cat\/es\/wp-json\/wp\/v2\/posts\/45192\/revisions\/45196"}],"wp:featuredmedia":[{"embeddable":true,"href":"https:\/\/www.unigirona.cat\/es\/wp-json\/wp\/v2\/media\/45193"}],"wp:attachment":[{"href":"https:\/\/www.unigirona.cat\/es\/wp-json\/wp\/v2\/media?parent=45192"}],"wp:term":[{"taxonomy":"category","embeddable":true,"href":"https:\/\/www.unigirona.cat\/es\/wp-json\/wp\/v2\/categories?post=45192"},{"taxonomy":"post_tag","embeddable":true,"href":"https:\/\/www.unigirona.cat\/es\/wp-json\/wp\/v2\/tags?post=45192"}],"curies":[{"name":"wp","href":"https:\/\/api.w.org\/{rel}","templated":true}]}}