{"id":45247,"date":"2025-08-19T11:00:13","date_gmt":"2025-08-19T09:00:13","guid":{"rendered":"https:\/\/www.unigirona.cat\/?p=45247"},"modified":"2025-08-19T11:13:57","modified_gmt":"2025-08-19T09:13:57","slug":"mariam-coulibaly-potencia-interior-para-el-basquet-girona","status":"publish","type":"post","link":"https:\/\/www.unigirona.cat\/es\/mariam-coulibaly-potencia-interior-para-el-basquet-girona\/","title":{"rendered":"Mariam Coulibaly, potencia interior para el B\u00e0squet Girona"},"content":{"rendered":"<p><strong>Mariam Coulibaly<\/strong> (Bamako, Mali; 07\/10\/1997) es nueva jugadora del Spar Girona para la pr\u00f3xima temporada. La p\u00edvot, de 192 cm y 27 a\u00f1os, llega procedente del Club Joventut Badalona, donde firm\u00f3 una de las temporadas m\u00e1s dominantes de su carrera.<\/p><p>Coulibaly se form\u00f3 en el <strong>CB Islas Canarias<\/strong>, donde debut\u00f3 en Liga Femenina la temporada 2015-16. Posteriormente, fich\u00f3 por el <strong>Snatt\u2019s Femen\u00ed Sant Adri\u00e0<\/strong>, con quien disput\u00f3 dos temporadas en la <strong>LF Endesa<\/strong>, consolid\u00e1ndose como una de las j\u00f3venes interiores con m\u00e1s proyecci\u00f3n del campeonato. En 2019 dio el salto a Francia para jugar en el <strong>Landerneau<\/strong>, y un a\u00f1o despu\u00e9s regres\u00f3 a la m\u00e1xima categor\u00eda espa\u00f1ola con el <strong>IDK Euskotren<\/strong>, donde jug\u00f3 durante cuatro temporadas antes de fichar, el pasado verano, por <strong>La Penya<\/strong>.<\/p><p>La temporada 2024-25, con el <strong>Club Joventut Badalona<\/strong>, fue la mejor de su carrera a nivel estad\u00edstico e individual: <strong>22 puntos por partido con un 61,6 % en tiros de dos, 10,8 rebotes y una valoraci\u00f3n media de 29<\/strong>, liderando la liga en esta categor\u00eda. Fue elegida <strong>MVP de la jornada en 12 ocasiones<\/strong>, form\u00f3 parte del <strong>mejor quinteto ideal de la LF Endesa<\/strong> y compiti\u00f3 con Bibby por el MVP final de la competici\u00f3n.<\/p><p>Con este movimiento, el club sigue dando forma al nuevo proyecto deportivo del <strong>B\u00e0squet Girona<\/strong> para la temporada 2025\u201326, con Mariam Coulibaly como <strong>d\u00e9cima jugadora confirmada del Spar Girona<\/strong>.<\/p><p><strong>Declaraciones de Pere Puig, director deportivo:<\/strong><br>\u00abCon el fichaje de Coulibaly busc\u00e1bamos una p\u00edvot cl\u00e1sica, con presencia en la pintura. Adem\u00e1s, tiene una muy buena mano, lo que la hace a\u00fan m\u00e1s valiosa. Es una jugadora experimentada en nuestra liga, aunque debutar\u00e1 en la EuroLeague Women, pero estamos convencidos de que lo har\u00e1 muy bien. Su presencia nos ayudar\u00e1 a que nuestras exteriores tengan m\u00e1s espacios, lo que con el juego alegre que busca Roberto les permitir\u00e1 ser m\u00e1s eficientes.\u201d<\/p>","protected":false},"excerpt":{"rendered":"<p>Mariam Coulibaly (Bamako, Mali; 07\/10\/1997) es nueva jugadora del Spar Girona para la pr\u00f3xima temporada. La p\u00edvot, de 192 cm y 27 a\u00f1os, llega procedente del Club Joventut Badalona, donde firm\u00f3 una de las temporadas m\u00e1s dominantes de su carrera. Coulibaly se form\u00f3 en el CB Islas Canarias, donde debut\u00f3 en Liga Femenina la temporada [&hellip;]<\/p>\n","protected":false},"author":2,"featured_media":45242,"comment_status":"open","ping_status":"open","sticky":false,"template":"","format":"standard","meta":{"footnotes":""},"categories":[542],"tags":[],"class_list":["post-45247","post","type-post","status-publish","format-standard","has-post-thumbnail","hentry","category-lf-endesa"],"yoast_head":"<!-- This site is optimized with the Yoast SEO plugin v25.1 - https:\/\/yoast.com\/wordpress\/plugins\/seo\/ -->\n<title>Mariam Coulibaly, potencia interior para el B\u00e0squet Girona - UNI B\u00e0squet Girona<\/title>\n<meta name=\"robots\" content=\"index, follow, max-snippet:-1, max-image-preview:large, max-video-preview:-1\" \/>\n<link rel=\"canonical\" href=\"https:\/\/www.unigirona.cat\/mariam-coulibaly-potencia-interior-pel-basquet-girona\/\" \/>\n<meta property=\"og:locale\" content=\"es_ES\" \/>\n<meta property=\"og:type\" content=\"article\" \/>\n<meta property=\"og:title\" content=\"Mariam Coulibaly, potencia interior para el B\u00e0squet Girona - UNI B\u00e0squet Girona\" \/>\n<meta property=\"og:description\" content=\"Mariam Coulibaly (Bamako, Mali; 07\/10\/1997) es nueva jugadora del Spar Girona para la pr\u00f3xima temporada. La p\u00edvot, de 192 cm y 27 a\u00f1os, llega procedente del Club Joventut Badalona, donde firm\u00f3 una de las temporadas m\u00e1s dominantes de su carrera. Coulibaly se form\u00f3 en el CB Islas Canarias, donde debut\u00f3 en Liga Femenina la temporada [&hellip;]\" \/>\n<meta property=\"og:url\" content=\"https:\/\/www.unigirona.cat\/mariam-coulibaly-potencia-interior-pel-basquet-girona\/\" \/>\n<meta property=\"og:site_name\" content=\"UNI B\u00e0squet Girona\" \/>\n<meta property=\"article:published_time\" content=\"2025-08-19T09:00:13+00:00\" \/>\n<meta property=\"article:modified_time\" content=\"2025-08-19T09:13:57+00:00\" \/>\n<meta property=\"og:image\" content=\"http:\/\/www.unigirona.cat\/wp-content\/uploads\/2025\/08\/Captura-de-pantalla-2025-08-19-092915.png\" \/>\n\t<meta property=\"og:image:width\" content=\"1431\" \/>\n\t<meta property=\"og:image:height\" content=\"873\" \/>\n\t<meta property=\"og:image:type\" content=\"image\/png\" \/>\n<meta name=\"author\" content=\"premsa\" \/>\n<meta name=\"twitter:card\" content=\"summary_large_image\" \/>\n<meta name=\"twitter:label1\" content=\"Escrito por\" \/>\n\t<meta name=\"twitter:data1\" content=\"premsa\" \/>\n\t<meta name=\"twitter:label2\" content=\"Tiempo de lectura\" \/>\n\t<meta name=\"twitter:data2\" content=\"2 minutos\" \/>\n<script type=\"application\/ld+json\" class=\"yoast-schema-graph\">{\"@context\":\"https:\/\/schema.org\",\"@graph\":[{\"@type\":\"WebPage\",\"@id\":\"https:\/\/www.unigirona.cat\/mariam-coulibaly-potencia-interior-pel-basquet-girona\/\",\"url\":\"https:\/\/www.unigirona.cat\/mariam-coulibaly-potencia-interior-pel-basquet-girona\/\",\"name\":\"Mariam Coulibaly, potencia interior para el B\u00e0squet Girona - UNI B\u00e0squet Girona\",\"isPartOf\":{\"@id\":\"https:\/\/www.unigirona.cat\/#website\"},\"primaryImageOfPage\":{\"@id\":\"https:\/\/www.unigirona.cat\/mariam-coulibaly-potencia-interior-pel-basquet-girona\/#primaryimage\"},\"image\":{\"@id\":\"https:\/\/www.unigirona.cat\/mariam-coulibaly-potencia-interior-pel-basquet-girona\/#primaryimage\"},\"thumbnailUrl\":\"https:\/\/www.unigirona.cat\/wp-content\/uploads\/2025\/08\/Captura-de-pantalla-2025-08-19-092915.png\",\"datePublished\":\"2025-08-19T09:00:13+00:00\",\"dateModified\":\"2025-08-19T09:13:57+00:00\",\"author\":{\"@id\":\"https:\/\/www.unigirona.cat\/#\/schema\/person\/475ba176dc25b40920d6ebae4b40d2fb\"},\"breadcrumb\":{\"@id\":\"https:\/\/www.unigirona.cat\/mariam-coulibaly-potencia-interior-pel-basquet-girona\/#breadcrumb\"},\"inLanguage\":\"es\",\"potentialAction\":[{\"@type\":\"ReadAction\",\"target\":[\"https:\/\/www.unigirona.cat\/mariam-coulibaly-potencia-interior-pel-basquet-girona\/\"]}]},{\"@type\":\"ImageObject\",\"inLanguage\":\"es\",\"@id\":\"https:\/\/www.unigirona.cat\/mariam-coulibaly-potencia-interior-pel-basquet-girona\/#primaryimage\",\"url\":\"https:\/\/www.unigirona.cat\/wp-content\/uploads\/2025\/08\/Captura-de-pantalla-2025-08-19-092915.png\",\"contentUrl\":\"https:\/\/www.unigirona.cat\/wp-content\/uploads\/2025\/08\/Captura-de-pantalla-2025-08-19-092915.png\",\"width\":1431,\"height\":873},{\"@type\":\"BreadcrumbList\",\"@id\":\"https:\/\/www.unigirona.cat\/mariam-coulibaly-potencia-interior-pel-basquet-girona\/#breadcrumb\",\"itemListElement\":[{\"@type\":\"ListItem\",\"position\":1,\"name\":\"Portada\",\"item\":\"https:\/\/www.unigirona.cat\/\"},{\"@type\":\"ListItem\",\"position\":2,\"name\":\"Mariam Coulibaly, potencia interior para el B\u00e0squet Girona\"}]},{\"@type\":\"WebSite\",\"@id\":\"https:\/\/www.unigirona.cat\/#website\",\"url\":\"https:\/\/www.unigirona.cat\/\",\"name\":\"Spar Girona\",\"description\":\"\",\"potentialAction\":[{\"@type\":\"SearchAction\",\"target\":{\"@type\":\"EntryPoint\",\"urlTemplate\":\"https:\/\/www.unigirona.cat\/?s={search_term_string}\"},\"query-input\":{\"@type\":\"PropertyValueSpecification\",\"valueRequired\":true,\"valueName\":\"search_term_string\"}}],\"inLanguage\":\"es\"},{\"@type\":\"Person\",\"@id\":\"https:\/\/www.unigirona.cat\/#\/schema\/person\/475ba176dc25b40920d6ebae4b40d2fb\",\"name\":\"premsa\",\"image\":{\"@type\":\"ImageObject\",\"inLanguage\":\"es\",\"@id\":\"https:\/\/www.unigirona.cat\/#\/schema\/person\/image\/\",\"url\":\"https:\/\/secure.gravatar.com\/avatar\/aaa70a46dde13fc461ebe5bc96d2c4be?s=96&d=mm&r=g\",\"contentUrl\":\"https:\/\/secure.gravatar.com\/avatar\/aaa70a46dde13fc461ebe5bc96d2c4be?s=96&d=mm&r=g\",\"caption\":\"premsa\"},\"url\":\"https:\/\/www.unigirona.cat\/es\/author\/premsa\/\"}]}<\/script>\n<!-- \/ Yoast SEO plugin. -->","yoast_head_json":{"title":"Mariam Coulibaly, potencia interior para el B\u00e0squet Girona - UNI B\u00e0squet Girona","robots":{"index":"index","follow":"follow","max-snippet":"max-snippet:-1","max-image-preview":"max-image-preview:large","max-video-preview":"max-video-preview:-1"},"canonical":"https:\/\/www.unigirona.cat\/mariam-coulibaly-potencia-interior-pel-basquet-girona\/","og_locale":"es_ES","og_type":"article","og_title":"Mariam Coulibaly, potencia interior para el B\u00e0squet Girona - UNI B\u00e0squet Girona","og_description":"Mariam Coulibaly (Bamako, Mali; 07\/10\/1997) es nueva jugadora del Spar Girona para la pr\u00f3xima temporada. La p\u00edvot, de 192 cm y 27 a\u00f1os, llega procedente del Club Joventut Badalona, donde firm\u00f3 una de las temporadas m\u00e1s dominantes de su carrera. Coulibaly se form\u00f3 en el CB Islas Canarias, donde debut\u00f3 en Liga Femenina la temporada [&hellip;]","og_url":"https:\/\/www.unigirona.cat\/mariam-coulibaly-potencia-interior-pel-basquet-girona\/","og_site_name":"UNI B\u00e0squet Girona","article_published_time":"2025-08-19T09:00:13+00:00","article_modified_time":"2025-08-19T09:13:57+00:00","og_image":[{"width":1431,"height":873,"url":"http:\/\/www.unigirona.cat\/wp-content\/uploads\/2025\/08\/Captura-de-pantalla-2025-08-19-092915.png","type":"image\/png"}],"author":"premsa","twitter_card":"summary_large_image","twitter_misc":{"Escrito por":"premsa","Tiempo de lectura":"2 minutos"},"schema":{"@context":"https:\/\/schema.org","@graph":[{"@type":"WebPage","@id":"https:\/\/www.unigirona.cat\/mariam-coulibaly-potencia-interior-pel-basquet-girona\/","url":"https:\/\/www.unigirona.cat\/mariam-coulibaly-potencia-interior-pel-basquet-girona\/","name":"Mariam Coulibaly, potencia interior para el B\u00e0squet Girona - UNI B\u00e0squet Girona","isPartOf":{"@id":"https:\/\/www.unigirona.cat\/#website"},"primaryImageOfPage":{"@id":"https:\/\/www.unigirona.cat\/mariam-coulibaly-potencia-interior-pel-basquet-girona\/#primaryimage"},"image":{"@id":"https:\/\/www.unigirona.cat\/mariam-coulibaly-potencia-interior-pel-basquet-girona\/#primaryimage"},"thumbnailUrl":"https:\/\/www.unigirona.cat\/wp-content\/uploads\/2025\/08\/Captura-de-pantalla-2025-08-19-092915.png","datePublished":"2025-08-19T09:00:13+00:00","dateModified":"2025-08-19T09:13:57+00:00","author":{"@id":"https:\/\/www.unigirona.cat\/#\/schema\/person\/475ba176dc25b40920d6ebae4b40d2fb"},"breadcrumb":{"@id":"https:\/\/www.unigirona.cat\/mariam-coulibaly-potencia-interior-pel-basquet-girona\/#breadcrumb"},"inLanguage":"es","potentialAction":[{"@type":"ReadAction","target":["https:\/\/www.unigirona.cat\/mariam-coulibaly-potencia-interior-pel-basquet-girona\/"]}]},{"@type":"ImageObject","inLanguage":"es","@id":"https:\/\/www.unigirona.cat\/mariam-coulibaly-potencia-interior-pel-basquet-girona\/#primaryimage","url":"https:\/\/www.unigirona.cat\/wp-content\/uploads\/2025\/08\/Captura-de-pantalla-2025-08-19-092915.png","contentUrl":"https:\/\/www.unigirona.cat\/wp-content\/uploads\/2025\/08\/Captura-de-pantalla-2025-08-19-092915.png","width":1431,"height":873},{"@type":"BreadcrumbList","@id":"https:\/\/www.unigirona.cat\/mariam-coulibaly-potencia-interior-pel-basquet-girona\/#breadcrumb","itemListElement":[{"@type":"ListItem","position":1,"name":"Portada","item":"https:\/\/www.unigirona.cat\/"},{"@type":"ListItem","position":2,"name":"Mariam Coulibaly, potencia interior para el B\u00e0squet Girona"}]},{"@type":"WebSite","@id":"https:\/\/www.unigirona.cat\/#website","url":"https:\/\/www.unigirona.cat\/","name":"Spar Girona","description":"","potentialAction":[{"@type":"SearchAction","target":{"@type":"EntryPoint","urlTemplate":"https:\/\/www.unigirona.cat\/?s={search_term_string}"},"query-input":{"@type":"PropertyValueSpecification","valueRequired":true,"valueName":"search_term_string"}}],"inLanguage":"es"},{"@type":"Person","@id":"https:\/\/www.unigirona.cat\/#\/schema\/person\/475ba176dc25b40920d6ebae4b40d2fb","name":"premsa","image":{"@type":"ImageObject","inLanguage":"es","@id":"https:\/\/www.unigirona.cat\/#\/schema\/person\/image\/","url":"https:\/\/secure.gravatar.com\/avatar\/aaa70a46dde13fc461ebe5bc96d2c4be?s=96&d=mm&r=g","contentUrl":"https:\/\/secure.gravatar.com\/avatar\/aaa70a46dde13fc461ebe5bc96d2c4be?s=96&d=mm&r=g","caption":"premsa"},"url":"https:\/\/www.unigirona.cat\/es\/author\/premsa\/"}]}},"_links":{"self":[{"href":"https:\/\/www.unigirona.cat\/es\/wp-json\/wp\/v2\/posts\/45247"}],"collection":[{"href":"https:\/\/www.unigirona.cat\/es\/wp-json\/wp\/v2\/posts"}],"about":[{"href":"https:\/\/www.unigirona.cat\/es\/wp-json\/wp\/v2\/types\/post"}],"author":[{"embeddable":true,"href":"https:\/\/www.unigirona.cat\/es\/wp-json\/wp\/v2\/users\/2"}],"replies":[{"embeddable":true,"href":"https:\/\/www.unigirona.cat\/es\/wp-json\/wp\/v2\/comments?post=45247"}],"version-history":[{"count":1,"href":"https:\/\/www.unigirona.cat\/es\/wp-json\/wp\/v2\/posts\/45247\/revisions"}],"predecessor-version":[{"id":45248,"href":"https:\/\/www.unigirona.cat\/es\/wp-json\/wp\/v2\/posts\/45247\/revisions\/45248"}],"wp:featuredmedia":[{"embeddable":true,"href":"https:\/\/www.unigirona.cat\/es\/wp-json\/wp\/v2\/media\/45242"}],"wp:attachment":[{"href":"https:\/\/www.unigirona.cat\/es\/wp-json\/wp\/v2\/media?parent=45247"}],"wp:term":[{"taxonomy":"category","embeddable":true,"href":"https:\/\/www.unigirona.cat\/es\/wp-json\/wp\/v2\/categories?post=45247"},{"taxonomy":"post_tag","embeddable":true,"href":"https:\/\/www.unigirona.cat\/es\/wp-json\/wp\/v2\/tags?post=45247"}],"curies":[{"name":"wp","href":"https:\/\/api.w.org\/{rel}","templated":true}]}}