{"id":45279,"date":"2025-08-21T11:00:16","date_gmt":"2025-08-21T09:00:16","guid":{"rendered":"https:\/\/www.unigirona.cat\/?p=45279"},"modified":"2025-08-21T11:06:35","modified_gmt":"2025-08-21T09:06:35","slug":"arica-carter-nueva-incorporacion-exterior-para-el-basquet-girona","status":"publish","type":"post","link":"https:\/\/www.unigirona.cat\/es\/arica-carter-nueva-incorporacion-exterior-para-el-basquet-girona\/","title":{"rendered":"Arica Carter, nueva incorporaci\u00f3n exterior para el B\u00e0squet Girona"},"content":{"rendered":"<p>Arica Derris Carter (Los \u00c1ngeles, California; 19\/07\/1996) es nueva jugadora del Spar Girona para la temporada 2024\/25. La escolta, de 1,75 metros de altura y nacionalizada azerbaiyana, llega procedente del Perfumer\u00edas Avenida, con quien ha disputado la Liga Femenina Endesa y la EuroLeague Women.<\/p><p>Carter se form\u00f3 en la prestigiosa Universidad de Louisville, donde jug\u00f3 cinco temporadas (2014\u20132019) en la NCAA con las Cardinals. En 2019 fue elegida en el draft de la WNBA en la tercera ronda, en la posici\u00f3n n\u00famero 32, por las Phoenix Mercury, con quienes debut\u00f3 ese mismo a\u00f1o.<\/p><p>Su trayectoria internacional comenz\u00f3 en el Nissan CB Al-Q\u00e1zeres Extremadura (2019\u20132020) y continu\u00f3 en Movistar Estudiantes (2020\u20132022), donde destac\u00f3 hasta ser elegida mejor alero de la Liga Femenina Endesa en 2022. Posteriormente, jug\u00f3 en el Panathinaikos (2022\u20132023). La temporada 2023\/24 la inici\u00f3 en el Hozono Global Jairis y, a mitad de campa\u00f1a, fich\u00f3 por el Perfumer\u00edas Avenida, donde tambi\u00e9n complet\u00f3 la temporada 2024\/25.<\/p><p>En su \u00faltima temporada antes de llegar al Spar Girona, con el Perfumer\u00edas Avenida, disput\u00f3 27 partidos en la Liga Femenina Endesa con un promedio de 11,9 puntos (45,4 % en tiros de dos, 41,2 % en triples y 81,6 % en tiros libres), 2,5 rebotes, 3 asistencias, 1,5 recuperaciones y una valoraci\u00f3n de 11 por partido. Tambi\u00e9n jug\u00f3 12 partidos en la EuroLeague Women, con un promedio de 10,7 puntos, 3,5 asistencias y una valoraci\u00f3n de 10,3 por encuentro.<\/p><p>Con una gran fiabilidad desde el per\u00edmetro, capacidad para generar juego y solidez defensiva, Carter aportar\u00e1 experiencia y desequilibrio a la l\u00ednea exterior del Spar Girona.<\/p><p>Con este movimiento, el B\u00e0squet Girona contin\u00faa definiendo su proyecto deportivo femenino, con Carter como und\u00e9cima jugadora confirmada de la plantilla.<\/p><p><strong>Declaraciones de Pere Puig, director deportivo:<\/strong><br>\u201cCon la llegada de Carter lo que hemos buscado es un combo: una jugadora que nos ayude en la posici\u00f3n de base y escolta, una jugadora anotadora y una buena defensora. Tiene que ser una de las referentes del equipo. Tenemos muchas esperanzas en ella. Tiene mucha experiencia en la liga y est\u00e1 acostumbrada a jugarse tiros importantes\u201d.<\/p>","protected":false},"excerpt":{"rendered":"<p>Arica Derris Carter (Los \u00c1ngeles, California; 19\/07\/1996) es nueva jugadora del Spar Girona para la temporada 2024\/25. La escolta, de 1,75 metros de altura y nacionalizada azerbaiyana, llega procedente del Perfumer\u00edas Avenida, con quien ha disputado la Liga Femenina Endesa y la EuroLeague Women. Carter se form\u00f3 en la prestigiosa Universidad de Louisville, donde jug\u00f3 [&hellip;]<\/p>\n","protected":false},"author":2,"featured_media":45274,"comment_status":"open","ping_status":"open","sticky":false,"template":"","format":"standard","meta":{"footnotes":""},"categories":[858],"tags":[],"class_list":["post-45279","post","type-post","status-publish","format-standard","has-post-thumbnail","hentry","category-lf-endesa-es"],"yoast_head":"<!-- This site is optimized with the Yoast SEO plugin v25.1 - https:\/\/yoast.com\/wordpress\/plugins\/seo\/ -->\n<title>Arica Carter, nueva incorporaci\u00f3n exterior para el B\u00e0squet Girona - UNI B\u00e0squet Girona<\/title>\n<meta name=\"robots\" content=\"index, follow, max-snippet:-1, max-image-preview:large, max-video-preview:-1\" \/>\n<link rel=\"canonical\" href=\"https:\/\/www.unigirona.cat\/es\/arica-carter-nueva-incorporacion-exterior-para-el-basquet-girona\/\" \/>\n<meta property=\"og:locale\" content=\"es_ES\" \/>\n<meta property=\"og:type\" content=\"article\" \/>\n<meta property=\"og:title\" content=\"Arica Carter, nueva incorporaci\u00f3n exterior para el B\u00e0squet Girona - UNI B\u00e0squet Girona\" \/>\n<meta property=\"og:description\" content=\"Arica Derris Carter (Los \u00c1ngeles, California; 19\/07\/1996) es nueva jugadora del Spar Girona para la temporada 2024\/25. La escolta, de 1,75 metros de altura y nacionalizada azerbaiyana, llega procedente del Perfumer\u00edas Avenida, con quien ha disputado la Liga Femenina Endesa y la EuroLeague Women. Carter se form\u00f3 en la prestigiosa Universidad de Louisville, donde jug\u00f3 [&hellip;]\" \/>\n<meta property=\"og:url\" content=\"https:\/\/www.unigirona.cat\/es\/arica-carter-nueva-incorporacion-exterior-para-el-basquet-girona\/\" \/>\n<meta property=\"og:site_name\" content=\"UNI B\u00e0squet Girona\" \/>\n<meta property=\"article:published_time\" content=\"2025-08-21T09:00:16+00:00\" \/>\n<meta property=\"article:modified_time\" content=\"2025-08-21T09:06:35+00:00\" \/>\n<meta property=\"og:image\" content=\"http:\/\/www.unigirona.cat\/wp-content\/uploads\/2025\/08\/image.png\" \/>\n\t<meta property=\"og:image:width\" content=\"1298\" \/>\n\t<meta property=\"og:image:height\" content=\"763\" \/>\n\t<meta property=\"og:image:type\" content=\"image\/png\" \/>\n<meta name=\"author\" content=\"premsa\" \/>\n<meta name=\"twitter:card\" content=\"summary_large_image\" \/>\n<meta name=\"twitter:label1\" content=\"Escrito por\" \/>\n\t<meta name=\"twitter:data1\" content=\"premsa\" \/>\n\t<meta name=\"twitter:label2\" content=\"Tiempo de lectura\" \/>\n\t<meta name=\"twitter:data2\" content=\"3 minutos\" \/>\n<script type=\"application\/ld+json\" class=\"yoast-schema-graph\">{\"@context\":\"https:\/\/schema.org\",\"@graph\":[{\"@type\":\"WebPage\",\"@id\":\"https:\/\/www.unigirona.cat\/es\/arica-carter-nueva-incorporacion-exterior-para-el-basquet-girona\/\",\"url\":\"https:\/\/www.unigirona.cat\/es\/arica-carter-nueva-incorporacion-exterior-para-el-basquet-girona\/\",\"name\":\"Arica Carter, nueva incorporaci\u00f3n exterior para el B\u00e0squet Girona - UNI B\u00e0squet Girona\",\"isPartOf\":{\"@id\":\"https:\/\/www.unigirona.cat\/#website\"},\"primaryImageOfPage\":{\"@id\":\"https:\/\/www.unigirona.cat\/es\/arica-carter-nueva-incorporacion-exterior-para-el-basquet-girona\/#primaryimage\"},\"image\":{\"@id\":\"https:\/\/www.unigirona.cat\/es\/arica-carter-nueva-incorporacion-exterior-para-el-basquet-girona\/#primaryimage\"},\"thumbnailUrl\":\"https:\/\/www.unigirona.cat\/wp-content\/uploads\/2025\/08\/image.png\",\"datePublished\":\"2025-08-21T09:00:16+00:00\",\"dateModified\":\"2025-08-21T09:06:35+00:00\",\"author\":{\"@id\":\"https:\/\/www.unigirona.cat\/#\/schema\/person\/475ba176dc25b40920d6ebae4b40d2fb\"},\"breadcrumb\":{\"@id\":\"https:\/\/www.unigirona.cat\/es\/arica-carter-nueva-incorporacion-exterior-para-el-basquet-girona\/#breadcrumb\"},\"inLanguage\":\"es\",\"potentialAction\":[{\"@type\":\"ReadAction\",\"target\":[\"https:\/\/www.unigirona.cat\/es\/arica-carter-nueva-incorporacion-exterior-para-el-basquet-girona\/\"]}]},{\"@type\":\"ImageObject\",\"inLanguage\":\"es\",\"@id\":\"https:\/\/www.unigirona.cat\/es\/arica-carter-nueva-incorporacion-exterior-para-el-basquet-girona\/#primaryimage\",\"url\":\"https:\/\/www.unigirona.cat\/wp-content\/uploads\/2025\/08\/image.png\",\"contentUrl\":\"https:\/\/www.unigirona.cat\/wp-content\/uploads\/2025\/08\/image.png\",\"width\":1298,\"height\":763},{\"@type\":\"BreadcrumbList\",\"@id\":\"https:\/\/www.unigirona.cat\/es\/arica-carter-nueva-incorporacion-exterior-para-el-basquet-girona\/#breadcrumb\",\"itemListElement\":[{\"@type\":\"ListItem\",\"position\":1,\"name\":\"Portada\",\"item\":\"https:\/\/www.unigirona.cat\/\"},{\"@type\":\"ListItem\",\"position\":2,\"name\":\"Arica Carter, nueva incorporaci\u00f3n exterior para el B\u00e0squet Girona\"}]},{\"@type\":\"WebSite\",\"@id\":\"https:\/\/www.unigirona.cat\/#website\",\"url\":\"https:\/\/www.unigirona.cat\/\",\"name\":\"Spar Girona\",\"description\":\"\",\"potentialAction\":[{\"@type\":\"SearchAction\",\"target\":{\"@type\":\"EntryPoint\",\"urlTemplate\":\"https:\/\/www.unigirona.cat\/?s={search_term_string}\"},\"query-input\":{\"@type\":\"PropertyValueSpecification\",\"valueRequired\":true,\"valueName\":\"search_term_string\"}}],\"inLanguage\":\"es\"},{\"@type\":\"Person\",\"@id\":\"https:\/\/www.unigirona.cat\/#\/schema\/person\/475ba176dc25b40920d6ebae4b40d2fb\",\"name\":\"premsa\",\"image\":{\"@type\":\"ImageObject\",\"inLanguage\":\"es\",\"@id\":\"https:\/\/www.unigirona.cat\/#\/schema\/person\/image\/\",\"url\":\"https:\/\/secure.gravatar.com\/avatar\/aaa70a46dde13fc461ebe5bc96d2c4be?s=96&d=mm&r=g\",\"contentUrl\":\"https:\/\/secure.gravatar.com\/avatar\/aaa70a46dde13fc461ebe5bc96d2c4be?s=96&d=mm&r=g\",\"caption\":\"premsa\"},\"url\":\"https:\/\/www.unigirona.cat\/es\/author\/premsa\/\"}]}<\/script>\n<!-- \/ Yoast SEO plugin. -->","yoast_head_json":{"title":"Arica Carter, nueva incorporaci\u00f3n exterior para el B\u00e0squet Girona - UNI B\u00e0squet Girona","robots":{"index":"index","follow":"follow","max-snippet":"max-snippet:-1","max-image-preview":"max-image-preview:large","max-video-preview":"max-video-preview:-1"},"canonical":"https:\/\/www.unigirona.cat\/es\/arica-carter-nueva-incorporacion-exterior-para-el-basquet-girona\/","og_locale":"es_ES","og_type":"article","og_title":"Arica Carter, nueva incorporaci\u00f3n exterior para el B\u00e0squet Girona - UNI B\u00e0squet Girona","og_description":"Arica Derris Carter (Los \u00c1ngeles, California; 19\/07\/1996) es nueva jugadora del Spar Girona para la temporada 2024\/25. La escolta, de 1,75 metros de altura y nacionalizada azerbaiyana, llega procedente del Perfumer\u00edas Avenida, con quien ha disputado la Liga Femenina Endesa y la EuroLeague Women. Carter se form\u00f3 en la prestigiosa Universidad de Louisville, donde jug\u00f3 [&hellip;]","og_url":"https:\/\/www.unigirona.cat\/es\/arica-carter-nueva-incorporacion-exterior-para-el-basquet-girona\/","og_site_name":"UNI B\u00e0squet Girona","article_published_time":"2025-08-21T09:00:16+00:00","article_modified_time":"2025-08-21T09:06:35+00:00","og_image":[{"width":1298,"height":763,"url":"http:\/\/www.unigirona.cat\/wp-content\/uploads\/2025\/08\/image.png","type":"image\/png"}],"author":"premsa","twitter_card":"summary_large_image","twitter_misc":{"Escrito por":"premsa","Tiempo de lectura":"3 minutos"},"schema":{"@context":"https:\/\/schema.org","@graph":[{"@type":"WebPage","@id":"https:\/\/www.unigirona.cat\/es\/arica-carter-nueva-incorporacion-exterior-para-el-basquet-girona\/","url":"https:\/\/www.unigirona.cat\/es\/arica-carter-nueva-incorporacion-exterior-para-el-basquet-girona\/","name":"Arica Carter, nueva incorporaci\u00f3n exterior para el B\u00e0squet Girona - UNI B\u00e0squet Girona","isPartOf":{"@id":"https:\/\/www.unigirona.cat\/#website"},"primaryImageOfPage":{"@id":"https:\/\/www.unigirona.cat\/es\/arica-carter-nueva-incorporacion-exterior-para-el-basquet-girona\/#primaryimage"},"image":{"@id":"https:\/\/www.unigirona.cat\/es\/arica-carter-nueva-incorporacion-exterior-para-el-basquet-girona\/#primaryimage"},"thumbnailUrl":"https:\/\/www.unigirona.cat\/wp-content\/uploads\/2025\/08\/image.png","datePublished":"2025-08-21T09:00:16+00:00","dateModified":"2025-08-21T09:06:35+00:00","author":{"@id":"https:\/\/www.unigirona.cat\/#\/schema\/person\/475ba176dc25b40920d6ebae4b40d2fb"},"breadcrumb":{"@id":"https:\/\/www.unigirona.cat\/es\/arica-carter-nueva-incorporacion-exterior-para-el-basquet-girona\/#breadcrumb"},"inLanguage":"es","potentialAction":[{"@type":"ReadAction","target":["https:\/\/www.unigirona.cat\/es\/arica-carter-nueva-incorporacion-exterior-para-el-basquet-girona\/"]}]},{"@type":"ImageObject","inLanguage":"es","@id":"https:\/\/www.unigirona.cat\/es\/arica-carter-nueva-incorporacion-exterior-para-el-basquet-girona\/#primaryimage","url":"https:\/\/www.unigirona.cat\/wp-content\/uploads\/2025\/08\/image.png","contentUrl":"https:\/\/www.unigirona.cat\/wp-content\/uploads\/2025\/08\/image.png","width":1298,"height":763},{"@type":"BreadcrumbList","@id":"https:\/\/www.unigirona.cat\/es\/arica-carter-nueva-incorporacion-exterior-para-el-basquet-girona\/#breadcrumb","itemListElement":[{"@type":"ListItem","position":1,"name":"Portada","item":"https:\/\/www.unigirona.cat\/"},{"@type":"ListItem","position":2,"name":"Arica Carter, nueva incorporaci\u00f3n exterior para el B\u00e0squet Girona"}]},{"@type":"WebSite","@id":"https:\/\/www.unigirona.cat\/#website","url":"https:\/\/www.unigirona.cat\/","name":"Spar Girona","description":"","potentialAction":[{"@type":"SearchAction","target":{"@type":"EntryPoint","urlTemplate":"https:\/\/www.unigirona.cat\/?s={search_term_string}"},"query-input":{"@type":"PropertyValueSpecification","valueRequired":true,"valueName":"search_term_string"}}],"inLanguage":"es"},{"@type":"Person","@id":"https:\/\/www.unigirona.cat\/#\/schema\/person\/475ba176dc25b40920d6ebae4b40d2fb","name":"premsa","image":{"@type":"ImageObject","inLanguage":"es","@id":"https:\/\/www.unigirona.cat\/#\/schema\/person\/image\/","url":"https:\/\/secure.gravatar.com\/avatar\/aaa70a46dde13fc461ebe5bc96d2c4be?s=96&d=mm&r=g","contentUrl":"https:\/\/secure.gravatar.com\/avatar\/aaa70a46dde13fc461ebe5bc96d2c4be?s=96&d=mm&r=g","caption":"premsa"},"url":"https:\/\/www.unigirona.cat\/es\/author\/premsa\/"}]}},"_links":{"self":[{"href":"https:\/\/www.unigirona.cat\/es\/wp-json\/wp\/v2\/posts\/45279"}],"collection":[{"href":"https:\/\/www.unigirona.cat\/es\/wp-json\/wp\/v2\/posts"}],"about":[{"href":"https:\/\/www.unigirona.cat\/es\/wp-json\/wp\/v2\/types\/post"}],"author":[{"embeddable":true,"href":"https:\/\/www.unigirona.cat\/es\/wp-json\/wp\/v2\/users\/2"}],"replies":[{"embeddable":true,"href":"https:\/\/www.unigirona.cat\/es\/wp-json\/wp\/v2\/comments?post=45279"}],"version-history":[{"count":1,"href":"https:\/\/www.unigirona.cat\/es\/wp-json\/wp\/v2\/posts\/45279\/revisions"}],"predecessor-version":[{"id":45280,"href":"https:\/\/www.unigirona.cat\/es\/wp-json\/wp\/v2\/posts\/45279\/revisions\/45280"}],"wp:featuredmedia":[{"embeddable":true,"href":"https:\/\/www.unigirona.cat\/es\/wp-json\/wp\/v2\/media\/45274"}],"wp:attachment":[{"href":"https:\/\/www.unigirona.cat\/es\/wp-json\/wp\/v2\/media?parent=45279"}],"wp:term":[{"taxonomy":"category","embeddable":true,"href":"https:\/\/www.unigirona.cat\/es\/wp-json\/wp\/v2\/categories?post=45279"},{"taxonomy":"post_tag","embeddable":true,"href":"https:\/\/www.unigirona.cat\/es\/wp-json\/wp\/v2\/tags?post=45279"}],"curies":[{"name":"wp","href":"https:\/\/api.w.org\/{rel}","templated":true}]}}