{"id":45287,"date":"2025-08-21T13:02:19","date_gmt":"2025-08-21T11:02:19","guid":{"rendered":"https:\/\/www.unigirona.cat\/?p=45287"},"modified":"2025-08-21T13:04:03","modified_gmt":"2025-08-21T11:04:03","slug":"el-spar-girona-suma-un-nuevo-amistoso-y-debutara-en-viladecans","status":"publish","type":"post","link":"https:\/\/www.unigirona.cat\/es\/el-spar-girona-suma-un-nuevo-amistoso-y-debutara-en-viladecans\/","title":{"rendered":"EL SPAR GIRONA SUMA UN NUEVO AMISTOSO Y DEBUTAR\u00c1 EN VILADECANS"},"content":{"rendered":"<p>El Spar Girona a\u00f1ade un nuevo duelo a su pretemporada, que pasar\u00e1 a ser el primer compromiso del curso 2025\/26. El conjunto dirigido por Roberto \u00cd\u00f1iguez visitar\u00e1 al DISHELEC 65 Viladecans (LF2) el viernes 5 de septiembre a las 20 h, en el estreno del nuevo proyecto gerundense.<\/p><p>Tras el estreno en Viladecans, el equipo mantiene el resto del calendario previsto: el 10 de septiembre en Andorra contra el Toulouse (19 h) y al d\u00eda siguiente, 11 de septiembre, en el Torneo de Platja d\u2019Aro ante el CB Santfeliuenc (19 h).<\/p><p>En cuanto a la Liga Catalana Femenina, el Spar Girona disputar\u00e1 la semifinal el s\u00e1bado 20 de septiembre a las 12:30 h en Tarragona. En caso de victoria, la final tendr\u00e1 lugar el domingo 21 a las 16:30 h en el mismo escenario.<\/p><p>La preparaci\u00f3n se completar\u00e1 el 26 de septiembre en Fontajau, con la presentaci\u00f3n oficial del equipo ante la afici\u00f3n y un nuevo enfrentamiento contra el Toulouse, vigente campe\u00f3n de la LF2 francesa.<\/p>","protected":false},"excerpt":{"rendered":"<p>El Spar Girona a\u00f1ade un nuevo duelo a su pretemporada, que pasar\u00e1 a ser el primer compromiso del curso 2025\/26. El conjunto dirigido por Roberto \u00cd\u00f1iguez visitar\u00e1 al DISHELEC 65 Viladecans (LF2) el viernes 5 de septiembre a las 20 h, en el estreno del nuevo proyecto gerundense. Tras el estreno en Viladecans, el equipo [&hellip;]<\/p>\n","protected":false},"author":2,"featured_media":45285,"comment_status":"open","ping_status":"open","sticky":false,"template":"","format":"standard","meta":{"footnotes":""},"categories":[858],"tags":[],"class_list":["post-45287","post","type-post","status-publish","format-standard","has-post-thumbnail","hentry","category-lf-endesa-es"],"yoast_head":"<!-- This site is optimized with the Yoast SEO plugin v25.1 - https:\/\/yoast.com\/wordpress\/plugins\/seo\/ -->\n<title>EL SPAR GIRONA SUMA UN NUEVO AMISTOSO Y DEBUTAR\u00c1 EN VILADECANS - UNI B\u00e0squet Girona<\/title>\n<meta name=\"robots\" content=\"index, follow, max-snippet:-1, max-image-preview:large, max-video-preview:-1\" \/>\n<link rel=\"canonical\" href=\"https:\/\/www.unigirona.cat\/es\/el-spar-girona-suma-un-nuevo-amistoso-y-debutara-en-viladecans\/\" \/>\n<meta property=\"og:locale\" content=\"es_ES\" \/>\n<meta property=\"og:type\" content=\"article\" \/>\n<meta property=\"og:title\" content=\"EL SPAR GIRONA SUMA UN NUEVO AMISTOSO Y DEBUTAR\u00c1 EN VILADECANS - UNI B\u00e0squet Girona\" \/>\n<meta property=\"og:description\" content=\"El Spar Girona a\u00f1ade un nuevo duelo a su pretemporada, que pasar\u00e1 a ser el primer compromiso del curso 2025\/26. El conjunto dirigido por Roberto \u00cd\u00f1iguez visitar\u00e1 al DISHELEC 65 Viladecans (LF2) el viernes 5 de septiembre a las 20 h, en el estreno del nuevo proyecto gerundense. Tras el estreno en Viladecans, el equipo [&hellip;]\" \/>\n<meta property=\"og:url\" content=\"https:\/\/www.unigirona.cat\/es\/el-spar-girona-suma-un-nuevo-amistoso-y-debutara-en-viladecans\/\" \/>\n<meta property=\"og:site_name\" content=\"UNI B\u00e0squet Girona\" \/>\n<meta property=\"article:published_time\" content=\"2025-08-21T11:02:19+00:00\" \/>\n<meta property=\"article:modified_time\" content=\"2025-08-21T11:04:03+00:00\" \/>\n<meta property=\"og:image\" content=\"http:\/\/www.unigirona.cat\/wp-content\/uploads\/2025\/08\/Calendari-Pretemporada-2526-1.jpg\" \/>\n\t<meta property=\"og:image:width\" content=\"1024\" \/>\n\t<meta property=\"og:image:height\" content=\"1280\" \/>\n\t<meta property=\"og:image:type\" content=\"image\/jpeg\" \/>\n<meta name=\"author\" content=\"premsa\" \/>\n<meta name=\"twitter:card\" content=\"summary_large_image\" \/>\n<meta name=\"twitter:label1\" content=\"Escrito por\" \/>\n\t<meta name=\"twitter:data1\" content=\"premsa\" \/>\n\t<meta name=\"twitter:label2\" content=\"Tiempo de lectura\" \/>\n\t<meta name=\"twitter:data2\" content=\"2 minutos\" \/>\n<script type=\"application\/ld+json\" class=\"yoast-schema-graph\">{\"@context\":\"https:\/\/schema.org\",\"@graph\":[{\"@type\":\"WebPage\",\"@id\":\"https:\/\/www.unigirona.cat\/es\/el-spar-girona-suma-un-nuevo-amistoso-y-debutara-en-viladecans\/\",\"url\":\"https:\/\/www.unigirona.cat\/es\/el-spar-girona-suma-un-nuevo-amistoso-y-debutara-en-viladecans\/\",\"name\":\"EL SPAR GIRONA SUMA UN NUEVO AMISTOSO Y DEBUTAR\u00c1 EN VILADECANS - UNI B\u00e0squet Girona\",\"isPartOf\":{\"@id\":\"https:\/\/www.unigirona.cat\/#website\"},\"primaryImageOfPage\":{\"@id\":\"https:\/\/www.unigirona.cat\/es\/el-spar-girona-suma-un-nuevo-amistoso-y-debutara-en-viladecans\/#primaryimage\"},\"image\":{\"@id\":\"https:\/\/www.unigirona.cat\/es\/el-spar-girona-suma-un-nuevo-amistoso-y-debutara-en-viladecans\/#primaryimage\"},\"thumbnailUrl\":\"https:\/\/www.unigirona.cat\/wp-content\/uploads\/2025\/08\/Calendari-Pretemporada-2526-1.jpg\",\"datePublished\":\"2025-08-21T11:02:19+00:00\",\"dateModified\":\"2025-08-21T11:04:03+00:00\",\"author\":{\"@id\":\"https:\/\/www.unigirona.cat\/#\/schema\/person\/475ba176dc25b40920d6ebae4b40d2fb\"},\"breadcrumb\":{\"@id\":\"https:\/\/www.unigirona.cat\/es\/el-spar-girona-suma-un-nuevo-amistoso-y-debutara-en-viladecans\/#breadcrumb\"},\"inLanguage\":\"es\",\"potentialAction\":[{\"@type\":\"ReadAction\",\"target\":[\"https:\/\/www.unigirona.cat\/es\/el-spar-girona-suma-un-nuevo-amistoso-y-debutara-en-viladecans\/\"]}]},{\"@type\":\"ImageObject\",\"inLanguage\":\"es\",\"@id\":\"https:\/\/www.unigirona.cat\/es\/el-spar-girona-suma-un-nuevo-amistoso-y-debutara-en-viladecans\/#primaryimage\",\"url\":\"https:\/\/www.unigirona.cat\/wp-content\/uploads\/2025\/08\/Calendari-Pretemporada-2526-1.jpg\",\"contentUrl\":\"https:\/\/www.unigirona.cat\/wp-content\/uploads\/2025\/08\/Calendari-Pretemporada-2526-1.jpg\",\"width\":1024,\"height\":1280},{\"@type\":\"BreadcrumbList\",\"@id\":\"https:\/\/www.unigirona.cat\/es\/el-spar-girona-suma-un-nuevo-amistoso-y-debutara-en-viladecans\/#breadcrumb\",\"itemListElement\":[{\"@type\":\"ListItem\",\"position\":1,\"name\":\"Portada\",\"item\":\"https:\/\/www.unigirona.cat\/\"},{\"@type\":\"ListItem\",\"position\":2,\"name\":\"EL SPAR GIRONA SUMA UN NUEVO AMISTOSO Y DEBUTAR\u00c1 EN VILADECANS\"}]},{\"@type\":\"WebSite\",\"@id\":\"https:\/\/www.unigirona.cat\/#website\",\"url\":\"https:\/\/www.unigirona.cat\/\",\"name\":\"Spar Girona\",\"description\":\"\",\"potentialAction\":[{\"@type\":\"SearchAction\",\"target\":{\"@type\":\"EntryPoint\",\"urlTemplate\":\"https:\/\/www.unigirona.cat\/?s={search_term_string}\"},\"query-input\":{\"@type\":\"PropertyValueSpecification\",\"valueRequired\":true,\"valueName\":\"search_term_string\"}}],\"inLanguage\":\"es\"},{\"@type\":\"Person\",\"@id\":\"https:\/\/www.unigirona.cat\/#\/schema\/person\/475ba176dc25b40920d6ebae4b40d2fb\",\"name\":\"premsa\",\"image\":{\"@type\":\"ImageObject\",\"inLanguage\":\"es\",\"@id\":\"https:\/\/www.unigirona.cat\/#\/schema\/person\/image\/\",\"url\":\"https:\/\/secure.gravatar.com\/avatar\/aaa70a46dde13fc461ebe5bc96d2c4be?s=96&d=mm&r=g\",\"contentUrl\":\"https:\/\/secure.gravatar.com\/avatar\/aaa70a46dde13fc461ebe5bc96d2c4be?s=96&d=mm&r=g\",\"caption\":\"premsa\"},\"url\":\"https:\/\/www.unigirona.cat\/es\/author\/premsa\/\"}]}<\/script>\n<!-- \/ Yoast SEO plugin. -->","yoast_head_json":{"title":"EL SPAR GIRONA SUMA UN NUEVO AMISTOSO Y DEBUTAR\u00c1 EN VILADECANS - UNI B\u00e0squet Girona","robots":{"index":"index","follow":"follow","max-snippet":"max-snippet:-1","max-image-preview":"max-image-preview:large","max-video-preview":"max-video-preview:-1"},"canonical":"https:\/\/www.unigirona.cat\/es\/el-spar-girona-suma-un-nuevo-amistoso-y-debutara-en-viladecans\/","og_locale":"es_ES","og_type":"article","og_title":"EL SPAR GIRONA SUMA UN NUEVO AMISTOSO Y DEBUTAR\u00c1 EN VILADECANS - UNI B\u00e0squet Girona","og_description":"El Spar Girona a\u00f1ade un nuevo duelo a su pretemporada, que pasar\u00e1 a ser el primer compromiso del curso 2025\/26. El conjunto dirigido por Roberto \u00cd\u00f1iguez visitar\u00e1 al DISHELEC 65 Viladecans (LF2) el viernes 5 de septiembre a las 20 h, en el estreno del nuevo proyecto gerundense. Tras el estreno en Viladecans, el equipo [&hellip;]","og_url":"https:\/\/www.unigirona.cat\/es\/el-spar-girona-suma-un-nuevo-amistoso-y-debutara-en-viladecans\/","og_site_name":"UNI B\u00e0squet Girona","article_published_time":"2025-08-21T11:02:19+00:00","article_modified_time":"2025-08-21T11:04:03+00:00","og_image":[{"width":1024,"height":1280,"url":"http:\/\/www.unigirona.cat\/wp-content\/uploads\/2025\/08\/Calendari-Pretemporada-2526-1.jpg","type":"image\/jpeg"}],"author":"premsa","twitter_card":"summary_large_image","twitter_misc":{"Escrito por":"premsa","Tiempo de lectura":"2 minutos"},"schema":{"@context":"https:\/\/schema.org","@graph":[{"@type":"WebPage","@id":"https:\/\/www.unigirona.cat\/es\/el-spar-girona-suma-un-nuevo-amistoso-y-debutara-en-viladecans\/","url":"https:\/\/www.unigirona.cat\/es\/el-spar-girona-suma-un-nuevo-amistoso-y-debutara-en-viladecans\/","name":"EL SPAR GIRONA SUMA UN NUEVO AMISTOSO Y DEBUTAR\u00c1 EN VILADECANS - UNI B\u00e0squet Girona","isPartOf":{"@id":"https:\/\/www.unigirona.cat\/#website"},"primaryImageOfPage":{"@id":"https:\/\/www.unigirona.cat\/es\/el-spar-girona-suma-un-nuevo-amistoso-y-debutara-en-viladecans\/#primaryimage"},"image":{"@id":"https:\/\/www.unigirona.cat\/es\/el-spar-girona-suma-un-nuevo-amistoso-y-debutara-en-viladecans\/#primaryimage"},"thumbnailUrl":"https:\/\/www.unigirona.cat\/wp-content\/uploads\/2025\/08\/Calendari-Pretemporada-2526-1.jpg","datePublished":"2025-08-21T11:02:19+00:00","dateModified":"2025-08-21T11:04:03+00:00","author":{"@id":"https:\/\/www.unigirona.cat\/#\/schema\/person\/475ba176dc25b40920d6ebae4b40d2fb"},"breadcrumb":{"@id":"https:\/\/www.unigirona.cat\/es\/el-spar-girona-suma-un-nuevo-amistoso-y-debutara-en-viladecans\/#breadcrumb"},"inLanguage":"es","potentialAction":[{"@type":"ReadAction","target":["https:\/\/www.unigirona.cat\/es\/el-spar-girona-suma-un-nuevo-amistoso-y-debutara-en-viladecans\/"]}]},{"@type":"ImageObject","inLanguage":"es","@id":"https:\/\/www.unigirona.cat\/es\/el-spar-girona-suma-un-nuevo-amistoso-y-debutara-en-viladecans\/#primaryimage","url":"https:\/\/www.unigirona.cat\/wp-content\/uploads\/2025\/08\/Calendari-Pretemporada-2526-1.jpg","contentUrl":"https:\/\/www.unigirona.cat\/wp-content\/uploads\/2025\/08\/Calendari-Pretemporada-2526-1.jpg","width":1024,"height":1280},{"@type":"BreadcrumbList","@id":"https:\/\/www.unigirona.cat\/es\/el-spar-girona-suma-un-nuevo-amistoso-y-debutara-en-viladecans\/#breadcrumb","itemListElement":[{"@type":"ListItem","position":1,"name":"Portada","item":"https:\/\/www.unigirona.cat\/"},{"@type":"ListItem","position":2,"name":"EL SPAR GIRONA SUMA UN NUEVO AMISTOSO Y DEBUTAR\u00c1 EN VILADECANS"}]},{"@type":"WebSite","@id":"https:\/\/www.unigirona.cat\/#website","url":"https:\/\/www.unigirona.cat\/","name":"Spar Girona","description":"","potentialAction":[{"@type":"SearchAction","target":{"@type":"EntryPoint","urlTemplate":"https:\/\/www.unigirona.cat\/?s={search_term_string}"},"query-input":{"@type":"PropertyValueSpecification","valueRequired":true,"valueName":"search_term_string"}}],"inLanguage":"es"},{"@type":"Person","@id":"https:\/\/www.unigirona.cat\/#\/schema\/person\/475ba176dc25b40920d6ebae4b40d2fb","name":"premsa","image":{"@type":"ImageObject","inLanguage":"es","@id":"https:\/\/www.unigirona.cat\/#\/schema\/person\/image\/","url":"https:\/\/secure.gravatar.com\/avatar\/aaa70a46dde13fc461ebe5bc96d2c4be?s=96&d=mm&r=g","contentUrl":"https:\/\/secure.gravatar.com\/avatar\/aaa70a46dde13fc461ebe5bc96d2c4be?s=96&d=mm&r=g","caption":"premsa"},"url":"https:\/\/www.unigirona.cat\/es\/author\/premsa\/"}]}},"_links":{"self":[{"href":"https:\/\/www.unigirona.cat\/es\/wp-json\/wp\/v2\/posts\/45287"}],"collection":[{"href":"https:\/\/www.unigirona.cat\/es\/wp-json\/wp\/v2\/posts"}],"about":[{"href":"https:\/\/www.unigirona.cat\/es\/wp-json\/wp\/v2\/types\/post"}],"author":[{"embeddable":true,"href":"https:\/\/www.unigirona.cat\/es\/wp-json\/wp\/v2\/users\/2"}],"replies":[{"embeddable":true,"href":"https:\/\/www.unigirona.cat\/es\/wp-json\/wp\/v2\/comments?post=45287"}],"version-history":[{"count":1,"href":"https:\/\/www.unigirona.cat\/es\/wp-json\/wp\/v2\/posts\/45287\/revisions"}],"predecessor-version":[{"id":45288,"href":"https:\/\/www.unigirona.cat\/es\/wp-json\/wp\/v2\/posts\/45287\/revisions\/45288"}],"wp:featuredmedia":[{"embeddable":true,"href":"https:\/\/www.unigirona.cat\/es\/wp-json\/wp\/v2\/media\/45285"}],"wp:attachment":[{"href":"https:\/\/www.unigirona.cat\/es\/wp-json\/wp\/v2\/media?parent=45287"}],"wp:term":[{"taxonomy":"category","embeddable":true,"href":"https:\/\/www.unigirona.cat\/es\/wp-json\/wp\/v2\/categories?post=45287"},{"taxonomy":"post_tag","embeddable":true,"href":"https:\/\/www.unigirona.cat\/es\/wp-json\/wp\/v2\/tags?post=45287"}],"curies":[{"name":"wp","href":"https:\/\/api.w.org\/{rel}","templated":true}]}}