{"id":45355,"date":"2025-08-23T11:00:10","date_gmt":"2025-08-23T09:00:10","guid":{"rendered":"https:\/\/www.unigirona.cat\/?p=45355"},"modified":"2025-08-23T11:14:09","modified_gmt":"2025-08-23T09:14:09","slug":"el-basquet-girona-completa-el-equipo-con-el-fichaje-de-anna-badosa","status":"publish","type":"post","link":"https:\/\/www.unigirona.cat\/es\/el-basquet-girona-completa-el-equipo-con-el-fichaje-de-anna-badosa\/","title":{"rendered":"El B\u00e0squet Girona completa el equipo con el fichaje de Anna Badosa"},"content":{"rendered":"<p><em>Badosa estar\u00e1 vinculada esta temporada al BC Fontajau, equipo de Copa Catalunya Femenina.<\/em><\/p><p>Girona, 23 de agosto de 2025.- Anna Badosa (Girona; 10\/08\/2002) es nueva jugadora del Spar Girona para la temporada 2025\/26. La base, de 172 cm y 22 a\u00f1os, llega procedente de Liberty University, donde ha jugado el \u00faltimo curso en la NCAA Divisi\u00f3n I.<\/p><p>Formada en el GEiEG, Badosa inici\u00f3 su trayectoria en Girona antes de trasladarse con su familia a M\u00e9xico, donde compiti\u00f3 con la selecci\u00f3n de Jalisco y en la liga semiprofesional LIMEBA con las Estrellas de Jalisco. Posteriormente, dio el salto a Estados Unidos, donde complet\u00f3 cuatro temporadas en Franklin Pierce University (NCAA Divisi\u00f3n II), consolid\u00e1ndose como una de las jugadoras m\u00e1s destacadas de la conferencia. Su rendimiento le abri\u00f3 las puertas de Liberty University (NCAA Divisi\u00f3n I), donde este \u00faltimo curso disput\u00f3 la Conference USA y el prestigioso torneo de March Madness.<\/p><p><strong>Nuevo acuerdo de vinculaci\u00f3n con el BC Fontajau<\/strong><br>Badosa estar\u00e1 vinculada esta temporada al BC Fontajau, equipo de Copa Catalunya Femenina, fruto del acuerdo de colaboraci\u00f3n entre el B\u00e0squet Girona y el club gerundense. Esta vinculaci\u00f3n le permitir\u00e1 combinar din\u00e1micas y continuar con su crecimiento dentro de la estructura del nuevo proyecto deportivo.<\/p><p>Con este movimiento, el B\u00e0squet Girona da por cerrada la plantilla de su primer equipo femenino, con Badosa como duod\u00e9cima jugadora confirmada.<\/p><p><strong>Declaraciones de Pere Puig, director deportivo:<\/strong><br>\u201cLa llegada de Anna supone una incorporaci\u00f3n para ayudarnos a ser m\u00e1s competitivos, para entrenar y para ser un equipo m\u00e1s largo. Es una jugadora joven y ser\u00e1 su primera experiencia profesional. Llega con mucha hambre, con ganas de ara\u00f1ar el m\u00e1ximo de minutos posibles para seguir creciendo como jugadora\u201d.<\/p>","protected":false},"excerpt":{"rendered":"<p>Badosa estar\u00e1 vinculada esta temporada al BC Fontajau, equipo de Copa Catalunya Femenina. Girona, 23 de agosto de 2025.- Anna Badosa (Girona; 10\/08\/2002) es nueva jugadora del Spar Girona para la temporada 2025\/26. La base, de 172 cm y 22 a\u00f1os, llega procedente de Liberty University, donde ha jugado el \u00faltimo curso en la NCAA [&hellip;]<\/p>\n","protected":false},"author":2,"featured_media":45354,"comment_status":"open","ping_status":"open","sticky":false,"template":"","format":"standard","meta":{"footnotes":""},"categories":[858],"tags":[],"class_list":["post-45355","post","type-post","status-publish","format-standard","has-post-thumbnail","hentry","category-lf-endesa-es"],"yoast_head":"<!-- This site is optimized with the Yoast SEO plugin v25.1 - https:\/\/yoast.com\/wordpress\/plugins\/seo\/ -->\n<title>El B\u00e0squet Girona completa el equipo con el fichaje de Anna Badosa - UNI B\u00e0squet Girona<\/title>\n<meta name=\"robots\" content=\"index, follow, max-snippet:-1, max-image-preview:large, max-video-preview:-1\" \/>\n<link rel=\"canonical\" href=\"https:\/\/www.unigirona.cat\/es\/el-basquet-girona-completa-el-equipo-con-el-fichaje-de-anna-badosa\/\" \/>\n<meta property=\"og:locale\" content=\"es_ES\" \/>\n<meta property=\"og:type\" content=\"article\" \/>\n<meta property=\"og:title\" content=\"El B\u00e0squet Girona completa el equipo con el fichaje de Anna Badosa - UNI B\u00e0squet Girona\" \/>\n<meta property=\"og:description\" content=\"Badosa estar\u00e1 vinculada esta temporada al BC Fontajau, equipo de Copa Catalunya Femenina. Girona, 23 de agosto de 2025.- Anna Badosa (Girona; 10\/08\/2002) es nueva jugadora del Spar Girona para la temporada 2025\/26. La base, de 172 cm y 22 a\u00f1os, llega procedente de Liberty University, donde ha jugado el \u00faltimo curso en la NCAA [&hellip;]\" \/>\n<meta property=\"og:url\" content=\"https:\/\/www.unigirona.cat\/es\/el-basquet-girona-completa-el-equipo-con-el-fichaje-de-anna-badosa\/\" \/>\n<meta property=\"og:site_name\" content=\"UNI B\u00e0squet Girona\" \/>\n<meta property=\"article:published_time\" content=\"2025-08-23T09:00:10+00:00\" \/>\n<meta property=\"article:modified_time\" content=\"2025-08-23T09:14:09+00:00\" \/>\n<meta property=\"og:image\" content=\"http:\/\/www.unigirona.cat\/wp-content\/uploads\/2025\/08\/badosa.png\" \/>\n\t<meta property=\"og:image:width\" content=\"1295\" \/>\n\t<meta property=\"og:image:height\" content=\"772\" \/>\n\t<meta property=\"og:image:type\" content=\"image\/png\" \/>\n<meta name=\"author\" content=\"premsa\" \/>\n<meta name=\"twitter:card\" content=\"summary_large_image\" \/>\n<meta name=\"twitter:label1\" content=\"Escrito por\" \/>\n\t<meta name=\"twitter:data1\" content=\"premsa\" \/>\n\t<meta name=\"twitter:label2\" content=\"Tiempo de lectura\" \/>\n\t<meta name=\"twitter:data2\" content=\"2 minutos\" \/>\n<script type=\"application\/ld+json\" class=\"yoast-schema-graph\">{\"@context\":\"https:\/\/schema.org\",\"@graph\":[{\"@type\":\"WebPage\",\"@id\":\"https:\/\/www.unigirona.cat\/es\/el-basquet-girona-completa-el-equipo-con-el-fichaje-de-anna-badosa\/\",\"url\":\"https:\/\/www.unigirona.cat\/es\/el-basquet-girona-completa-el-equipo-con-el-fichaje-de-anna-badosa\/\",\"name\":\"El B\u00e0squet Girona completa el equipo con el fichaje de Anna Badosa - UNI B\u00e0squet Girona\",\"isPartOf\":{\"@id\":\"https:\/\/www.unigirona.cat\/#website\"},\"primaryImageOfPage\":{\"@id\":\"https:\/\/www.unigirona.cat\/es\/el-basquet-girona-completa-el-equipo-con-el-fichaje-de-anna-badosa\/#primaryimage\"},\"image\":{\"@id\":\"https:\/\/www.unigirona.cat\/es\/el-basquet-girona-completa-el-equipo-con-el-fichaje-de-anna-badosa\/#primaryimage\"},\"thumbnailUrl\":\"https:\/\/www.unigirona.cat\/wp-content\/uploads\/2025\/08\/badosa.png\",\"datePublished\":\"2025-08-23T09:00:10+00:00\",\"dateModified\":\"2025-08-23T09:14:09+00:00\",\"author\":{\"@id\":\"https:\/\/www.unigirona.cat\/#\/schema\/person\/475ba176dc25b40920d6ebae4b40d2fb\"},\"breadcrumb\":{\"@id\":\"https:\/\/www.unigirona.cat\/es\/el-basquet-girona-completa-el-equipo-con-el-fichaje-de-anna-badosa\/#breadcrumb\"},\"inLanguage\":\"es\",\"potentialAction\":[{\"@type\":\"ReadAction\",\"target\":[\"https:\/\/www.unigirona.cat\/es\/el-basquet-girona-completa-el-equipo-con-el-fichaje-de-anna-badosa\/\"]}]},{\"@type\":\"ImageObject\",\"inLanguage\":\"es\",\"@id\":\"https:\/\/www.unigirona.cat\/es\/el-basquet-girona-completa-el-equipo-con-el-fichaje-de-anna-badosa\/#primaryimage\",\"url\":\"https:\/\/www.unigirona.cat\/wp-content\/uploads\/2025\/08\/badosa.png\",\"contentUrl\":\"https:\/\/www.unigirona.cat\/wp-content\/uploads\/2025\/08\/badosa.png\",\"width\":1295,\"height\":772},{\"@type\":\"BreadcrumbList\",\"@id\":\"https:\/\/www.unigirona.cat\/es\/el-basquet-girona-completa-el-equipo-con-el-fichaje-de-anna-badosa\/#breadcrumb\",\"itemListElement\":[{\"@type\":\"ListItem\",\"position\":1,\"name\":\"Portada\",\"item\":\"https:\/\/www.unigirona.cat\/\"},{\"@type\":\"ListItem\",\"position\":2,\"name\":\"El B\u00e0squet Girona completa el equipo con el fichaje de Anna Badosa\"}]},{\"@type\":\"WebSite\",\"@id\":\"https:\/\/www.unigirona.cat\/#website\",\"url\":\"https:\/\/www.unigirona.cat\/\",\"name\":\"Spar Girona\",\"description\":\"\",\"potentialAction\":[{\"@type\":\"SearchAction\",\"target\":{\"@type\":\"EntryPoint\",\"urlTemplate\":\"https:\/\/www.unigirona.cat\/?s={search_term_string}\"},\"query-input\":{\"@type\":\"PropertyValueSpecification\",\"valueRequired\":true,\"valueName\":\"search_term_string\"}}],\"inLanguage\":\"es\"},{\"@type\":\"Person\",\"@id\":\"https:\/\/www.unigirona.cat\/#\/schema\/person\/475ba176dc25b40920d6ebae4b40d2fb\",\"name\":\"premsa\",\"image\":{\"@type\":\"ImageObject\",\"inLanguage\":\"es\",\"@id\":\"https:\/\/www.unigirona.cat\/#\/schema\/person\/image\/\",\"url\":\"https:\/\/secure.gravatar.com\/avatar\/aaa70a46dde13fc461ebe5bc96d2c4be?s=96&d=mm&r=g\",\"contentUrl\":\"https:\/\/secure.gravatar.com\/avatar\/aaa70a46dde13fc461ebe5bc96d2c4be?s=96&d=mm&r=g\",\"caption\":\"premsa\"},\"url\":\"https:\/\/www.unigirona.cat\/es\/author\/premsa\/\"}]}<\/script>\n<!-- \/ Yoast SEO plugin. -->","yoast_head_json":{"title":"El B\u00e0squet Girona completa el equipo con el fichaje de Anna Badosa - UNI B\u00e0squet Girona","robots":{"index":"index","follow":"follow","max-snippet":"max-snippet:-1","max-image-preview":"max-image-preview:large","max-video-preview":"max-video-preview:-1"},"canonical":"https:\/\/www.unigirona.cat\/es\/el-basquet-girona-completa-el-equipo-con-el-fichaje-de-anna-badosa\/","og_locale":"es_ES","og_type":"article","og_title":"El B\u00e0squet Girona completa el equipo con el fichaje de Anna Badosa - UNI B\u00e0squet Girona","og_description":"Badosa estar\u00e1 vinculada esta temporada al BC Fontajau, equipo de Copa Catalunya Femenina. Girona, 23 de agosto de 2025.- Anna Badosa (Girona; 10\/08\/2002) es nueva jugadora del Spar Girona para la temporada 2025\/26. La base, de 172 cm y 22 a\u00f1os, llega procedente de Liberty University, donde ha jugado el \u00faltimo curso en la NCAA [&hellip;]","og_url":"https:\/\/www.unigirona.cat\/es\/el-basquet-girona-completa-el-equipo-con-el-fichaje-de-anna-badosa\/","og_site_name":"UNI B\u00e0squet Girona","article_published_time":"2025-08-23T09:00:10+00:00","article_modified_time":"2025-08-23T09:14:09+00:00","og_image":[{"width":1295,"height":772,"url":"http:\/\/www.unigirona.cat\/wp-content\/uploads\/2025\/08\/badosa.png","type":"image\/png"}],"author":"premsa","twitter_card":"summary_large_image","twitter_misc":{"Escrito por":"premsa","Tiempo de lectura":"2 minutos"},"schema":{"@context":"https:\/\/schema.org","@graph":[{"@type":"WebPage","@id":"https:\/\/www.unigirona.cat\/es\/el-basquet-girona-completa-el-equipo-con-el-fichaje-de-anna-badosa\/","url":"https:\/\/www.unigirona.cat\/es\/el-basquet-girona-completa-el-equipo-con-el-fichaje-de-anna-badosa\/","name":"El B\u00e0squet Girona completa el equipo con el fichaje de Anna Badosa - UNI B\u00e0squet Girona","isPartOf":{"@id":"https:\/\/www.unigirona.cat\/#website"},"primaryImageOfPage":{"@id":"https:\/\/www.unigirona.cat\/es\/el-basquet-girona-completa-el-equipo-con-el-fichaje-de-anna-badosa\/#primaryimage"},"image":{"@id":"https:\/\/www.unigirona.cat\/es\/el-basquet-girona-completa-el-equipo-con-el-fichaje-de-anna-badosa\/#primaryimage"},"thumbnailUrl":"https:\/\/www.unigirona.cat\/wp-content\/uploads\/2025\/08\/badosa.png","datePublished":"2025-08-23T09:00:10+00:00","dateModified":"2025-08-23T09:14:09+00:00","author":{"@id":"https:\/\/www.unigirona.cat\/#\/schema\/person\/475ba176dc25b40920d6ebae4b40d2fb"},"breadcrumb":{"@id":"https:\/\/www.unigirona.cat\/es\/el-basquet-girona-completa-el-equipo-con-el-fichaje-de-anna-badosa\/#breadcrumb"},"inLanguage":"es","potentialAction":[{"@type":"ReadAction","target":["https:\/\/www.unigirona.cat\/es\/el-basquet-girona-completa-el-equipo-con-el-fichaje-de-anna-badosa\/"]}]},{"@type":"ImageObject","inLanguage":"es","@id":"https:\/\/www.unigirona.cat\/es\/el-basquet-girona-completa-el-equipo-con-el-fichaje-de-anna-badosa\/#primaryimage","url":"https:\/\/www.unigirona.cat\/wp-content\/uploads\/2025\/08\/badosa.png","contentUrl":"https:\/\/www.unigirona.cat\/wp-content\/uploads\/2025\/08\/badosa.png","width":1295,"height":772},{"@type":"BreadcrumbList","@id":"https:\/\/www.unigirona.cat\/es\/el-basquet-girona-completa-el-equipo-con-el-fichaje-de-anna-badosa\/#breadcrumb","itemListElement":[{"@type":"ListItem","position":1,"name":"Portada","item":"https:\/\/www.unigirona.cat\/"},{"@type":"ListItem","position":2,"name":"El B\u00e0squet Girona completa el equipo con el fichaje de Anna Badosa"}]},{"@type":"WebSite","@id":"https:\/\/www.unigirona.cat\/#website","url":"https:\/\/www.unigirona.cat\/","name":"Spar Girona","description":"","potentialAction":[{"@type":"SearchAction","target":{"@type":"EntryPoint","urlTemplate":"https:\/\/www.unigirona.cat\/?s={search_term_string}"},"query-input":{"@type":"PropertyValueSpecification","valueRequired":true,"valueName":"search_term_string"}}],"inLanguage":"es"},{"@type":"Person","@id":"https:\/\/www.unigirona.cat\/#\/schema\/person\/475ba176dc25b40920d6ebae4b40d2fb","name":"premsa","image":{"@type":"ImageObject","inLanguage":"es","@id":"https:\/\/www.unigirona.cat\/#\/schema\/person\/image\/","url":"https:\/\/secure.gravatar.com\/avatar\/aaa70a46dde13fc461ebe5bc96d2c4be?s=96&d=mm&r=g","contentUrl":"https:\/\/secure.gravatar.com\/avatar\/aaa70a46dde13fc461ebe5bc96d2c4be?s=96&d=mm&r=g","caption":"premsa"},"url":"https:\/\/www.unigirona.cat\/es\/author\/premsa\/"}]}},"_links":{"self":[{"href":"https:\/\/www.unigirona.cat\/es\/wp-json\/wp\/v2\/posts\/45355"}],"collection":[{"href":"https:\/\/www.unigirona.cat\/es\/wp-json\/wp\/v2\/posts"}],"about":[{"href":"https:\/\/www.unigirona.cat\/es\/wp-json\/wp\/v2\/types\/post"}],"author":[{"embeddable":true,"href":"https:\/\/www.unigirona.cat\/es\/wp-json\/wp\/v2\/users\/2"}],"replies":[{"embeddable":true,"href":"https:\/\/www.unigirona.cat\/es\/wp-json\/wp\/v2\/comments?post=45355"}],"version-history":[{"count":1,"href":"https:\/\/www.unigirona.cat\/es\/wp-json\/wp\/v2\/posts\/45355\/revisions"}],"predecessor-version":[{"id":45356,"href":"https:\/\/www.unigirona.cat\/es\/wp-json\/wp\/v2\/posts\/45355\/revisions\/45356"}],"wp:featuredmedia":[{"embeddable":true,"href":"https:\/\/www.unigirona.cat\/es\/wp-json\/wp\/v2\/media\/45354"}],"wp:attachment":[{"href":"https:\/\/www.unigirona.cat\/es\/wp-json\/wp\/v2\/media?parent=45355"}],"wp:term":[{"taxonomy":"category","embeddable":true,"href":"https:\/\/www.unigirona.cat\/es\/wp-json\/wp\/v2\/categories?post=45355"},{"taxonomy":"post_tag","embeddable":true,"href":"https:\/\/www.unigirona.cat\/es\/wp-json\/wp\/v2\/tags?post=45355"}],"curies":[{"name":"wp","href":"https:\/\/api.w.org\/{rel}","templated":true}]}}