{"id":45359,"date":"2025-08-24T12:47:40","date_gmt":"2025-08-24T10:47:40","guid":{"rendered":"https:\/\/www.unigirona.cat\/?p=45359"},"modified":"2025-08-24T12:47:43","modified_gmt":"2025-08-24T10:47:43","slug":"el-basquet-girona-confirma-els-equips-tecnics-dels-primers-equips-masculi-i-femeni-per-a-la-temporada-2025-26","status":"publish","type":"post","link":"https:\/\/www.unigirona.cat\/es\/el-basquet-girona-confirma-els-equips-tecnics-dels-primers-equips-masculi-i-femeni-per-a-la-temporada-2025-26\/","title":{"rendered":"EL B\u00c0SQUET GIRONA CONFIRMA ELS EQUIPS T\u00c8CNICS DELS PRIMERS EQUIPS MASCUL\u00cd I FEMEN\u00cd PER A LA TEMPORADA 2025\/26"},"content":{"rendered":"<p>El B\u00e0squet Girona ha definit l&#8217;estructura dels equips t\u00e8cnics que lideraran els seus dos primers equips \u2014el mascul\u00ed i el femen\u00ed\u2014 durant la temporada 2025-2026, amb un equip hum\u00e0 consolidat i noves incorporacions que reforcen el projecte esportiu del club.<\/p><p><strong>Primer equip mascul\u00ed B\u00e0squet Girona<\/strong><br>Moncho Fern\u00e1ndez continuar\u00e0 al capdavant del primer equip mascul\u00ed com a entrenador principal, acompanyat per Miquel Fuentes, Albert S\u00e0bat i Roger Dehesa com a entrenadors assistents. La continu\u00eftat del cos t\u00e8cnic garanteix estabilitat i coher\u00e8ncia en la l\u00ednia de treball del projecte esportiu.<\/p><p>Pel que fa a l\u2019\u00e0rea m\u00e8dica i de preparaci\u00f3 f\u00edsica, el Doctor D\u00eddac Masvidal seguir\u00e0 liderant l\u2019\u00e0rea m\u00e8dica com a metge del primer equip. Guillem Ferrer, en la seva segona temporada, continuar\u00e0 com a preparador f\u00edsic, i Marina Agust\u00ed mantindr\u00e0 el seu rol com a ajudant de fisioter\u00e0pia.<\/p><p>Entre les novetats, destaca l\u2019arribada d\u2019Adri\u00e0 Rivas com a nou fisioterapeuta principal del primer equip. Tamb\u00e9 s\u2019incorpora Pau Robert, que, despr\u00e9s d\u2019una traject\u00f2ria dins del b\u00e0squet base del club, assumeix el rol de team manager, refor\u00e7ant la connexi\u00f3 entre la base i l\u2019equip professional. Per \u00faltim, falta nom\u00e9s l\u2019incorporaci\u00f3 de Fran Camba com a analista, que completar\u00e0 l\u2019estructura t\u00e8cnica de l\u2019equip.<\/p><p><strong>Primer equip femen\u00ed \u2013 Spar Girona<\/strong><br>Pel que fa a l\u2019equip femen\u00ed, l\u2019Spar Girona tamb\u00e9 aposta per la continu\u00eftat i l\u2019experi\u00e8ncia. Roberto \u00cd\u00f1iguez seguir\u00e0 com a primer entrenador, amb Jordi Sargatal i Laia Palau com a entrenadors assistents, configurant un cos t\u00e8cnic d\u2019alt nivell i amb una gran experi\u00e8ncia en la competici\u00f3 d\u2019elit.<\/p><p>L\u2019\u00e0rea m\u00e8dica estar\u00e0 encap\u00e7alada per la doctora Eva Palau. Anna J\u00f2dar continuar\u00e0 com a preparadora f\u00edsica de l\u2019equip, mentre que Pau Osorio repetir\u00e0 una temporada m\u00e9s com a fisioterapeuta del conjunt giron\u00ed. Bru Rovira mantindr\u00e0 el seu lloc com a team manager i, finalment, s\u2019incorpora Dani Vidal com a analista.<\/p><p>Amb aquestes estructures t\u00e8cniques, el B\u00e0squet Girona aposta per la consolidaci\u00f3 del projecte esportiu i la continu\u00eftat dels valors que han fet cr\u00e9ixer l\u2019entitat en els darrers anys.<\/p><p><\/p>","protected":false},"excerpt":{"rendered":"<p>El B\u00e0squet Girona ha definit l&#8217;estructura dels equips t\u00e8cnics que lideraran els seus dos primers equips \u2014el mascul\u00ed i el femen\u00ed\u2014 durant la temporada 2025-2026, amb un equip hum\u00e0 consolidat i noves incorporacions que reforcen el projecte esportiu del club. Primer equip mascul\u00ed B\u00e0squet GironaMoncho Fern\u00e1ndez continuar\u00e0 al capdavant del primer equip mascul\u00ed com a [&hellip;]<\/p>\n","protected":false},"author":2,"featured_media":45360,"comment_status":"open","ping_status":"open","sticky":false,"template":"","format":"standard","meta":{"footnotes":""},"categories":[841],"tags":[],"class_list":["post-45359","post","type-post","status-publish","format-standard","has-post-thumbnail","hentry","category-ultima-hora"],"yoast_head":"<!-- This site is optimized with the Yoast SEO plugin v25.1 - https:\/\/yoast.com\/wordpress\/plugins\/seo\/ -->\n<title>EL B\u00c0SQUET GIRONA CONFIRMA ELS EQUIPS T\u00c8CNICS DELS PRIMERS EQUIPS MASCUL\u00cd I FEMEN\u00cd PER A LA TEMPORADA 2025\/26 - UNI B\u00e0squet Girona<\/title>\n<meta name=\"robots\" content=\"index, follow, max-snippet:-1, max-image-preview:large, max-video-preview:-1\" \/>\n<link rel=\"canonical\" href=\"https:\/\/www.unigirona.cat\/el-basquet-girona-confirma-els-equips-tecnics-dels-primers-equips-masculi-i-femeni-per-a-la-temporada-2025-26\/\" \/>\n<meta property=\"og:locale\" content=\"es_ES\" \/>\n<meta property=\"og:type\" content=\"article\" \/>\n<meta property=\"og:title\" content=\"EL B\u00c0SQUET GIRONA CONFIRMA ELS EQUIPS T\u00c8CNICS DELS PRIMERS EQUIPS MASCUL\u00cd I FEMEN\u00cd PER A LA TEMPORADA 2025\/26 - UNI B\u00e0squet Girona\" \/>\n<meta property=\"og:description\" content=\"El B\u00e0squet Girona ha definit l&#8217;estructura dels equips t\u00e8cnics que lideraran els seus dos primers equips \u2014el mascul\u00ed i el femen\u00ed\u2014 durant la temporada 2025-2026, amb un equip hum\u00e0 consolidat i noves incorporacions que reforcen el projecte esportiu del club. Primer equip mascul\u00ed B\u00e0squet GironaMoncho Fern\u00e1ndez continuar\u00e0 al capdavant del primer equip mascul\u00ed com a [&hellip;]\" \/>\n<meta property=\"og:url\" content=\"https:\/\/www.unigirona.cat\/el-basquet-girona-confirma-els-equips-tecnics-dels-primers-equips-masculi-i-femeni-per-a-la-temporada-2025-26\/\" \/>\n<meta property=\"og:site_name\" content=\"UNI B\u00e0squet Girona\" \/>\n<meta property=\"article:published_time\" content=\"2025-08-24T10:47:40+00:00\" \/>\n<meta property=\"article:modified_time\" content=\"2025-08-24T10:47:43+00:00\" \/>\n<meta property=\"og:image\" content=\"http:\/\/www.unigirona.cat\/wp-content\/uploads\/2025\/08\/IMATGE-STAFF.jpeg\" \/>\n\t<meta property=\"og:image:width\" content=\"1440\" \/>\n\t<meta property=\"og:image:height\" content=\"810\" \/>\n\t<meta property=\"og:image:type\" content=\"image\/jpeg\" \/>\n<meta name=\"author\" content=\"premsa\" \/>\n<meta name=\"twitter:card\" content=\"summary_large_image\" \/>\n<meta name=\"twitter:label1\" content=\"Escrito por\" \/>\n\t<meta name=\"twitter:data1\" content=\"premsa\" \/>\n\t<meta name=\"twitter:label2\" content=\"Tiempo de lectura\" \/>\n\t<meta name=\"twitter:data2\" content=\"2 minutos\" \/>\n<script type=\"application\/ld+json\" class=\"yoast-schema-graph\">{\"@context\":\"https:\/\/schema.org\",\"@graph\":[{\"@type\":\"WebPage\",\"@id\":\"https:\/\/www.unigirona.cat\/el-basquet-girona-confirma-els-equips-tecnics-dels-primers-equips-masculi-i-femeni-per-a-la-temporada-2025-26\/\",\"url\":\"https:\/\/www.unigirona.cat\/el-basquet-girona-confirma-els-equips-tecnics-dels-primers-equips-masculi-i-femeni-per-a-la-temporada-2025-26\/\",\"name\":\"EL B\u00c0SQUET GIRONA CONFIRMA ELS EQUIPS T\u00c8CNICS DELS PRIMERS EQUIPS MASCUL\u00cd I FEMEN\u00cd PER A LA TEMPORADA 2025\/26 - UNI B\u00e0squet Girona\",\"isPartOf\":{\"@id\":\"https:\/\/www.unigirona.cat\/#website\"},\"primaryImageOfPage\":{\"@id\":\"https:\/\/www.unigirona.cat\/el-basquet-girona-confirma-els-equips-tecnics-dels-primers-equips-masculi-i-femeni-per-a-la-temporada-2025-26\/#primaryimage\"},\"image\":{\"@id\":\"https:\/\/www.unigirona.cat\/el-basquet-girona-confirma-els-equips-tecnics-dels-primers-equips-masculi-i-femeni-per-a-la-temporada-2025-26\/#primaryimage\"},\"thumbnailUrl\":\"https:\/\/www.unigirona.cat\/wp-content\/uploads\/2025\/08\/IMATGE-STAFF.jpeg\",\"datePublished\":\"2025-08-24T10:47:40+00:00\",\"dateModified\":\"2025-08-24T10:47:43+00:00\",\"author\":{\"@id\":\"https:\/\/www.unigirona.cat\/#\/schema\/person\/475ba176dc25b40920d6ebae4b40d2fb\"},\"breadcrumb\":{\"@id\":\"https:\/\/www.unigirona.cat\/el-basquet-girona-confirma-els-equips-tecnics-dels-primers-equips-masculi-i-femeni-per-a-la-temporada-2025-26\/#breadcrumb\"},\"inLanguage\":\"es\",\"potentialAction\":[{\"@type\":\"ReadAction\",\"target\":[\"https:\/\/www.unigirona.cat\/el-basquet-girona-confirma-els-equips-tecnics-dels-primers-equips-masculi-i-femeni-per-a-la-temporada-2025-26\/\"]}]},{\"@type\":\"ImageObject\",\"inLanguage\":\"es\",\"@id\":\"https:\/\/www.unigirona.cat\/el-basquet-girona-confirma-els-equips-tecnics-dels-primers-equips-masculi-i-femeni-per-a-la-temporada-2025-26\/#primaryimage\",\"url\":\"https:\/\/www.unigirona.cat\/wp-content\/uploads\/2025\/08\/IMATGE-STAFF.jpeg\",\"contentUrl\":\"https:\/\/www.unigirona.cat\/wp-content\/uploads\/2025\/08\/IMATGE-STAFF.jpeg\",\"width\":1440,\"height\":810},{\"@type\":\"BreadcrumbList\",\"@id\":\"https:\/\/www.unigirona.cat\/el-basquet-girona-confirma-els-equips-tecnics-dels-primers-equips-masculi-i-femeni-per-a-la-temporada-2025-26\/#breadcrumb\",\"itemListElement\":[{\"@type\":\"ListItem\",\"position\":1,\"name\":\"Portada\",\"item\":\"https:\/\/www.unigirona.cat\/\"},{\"@type\":\"ListItem\",\"position\":2,\"name\":\"EL B\u00c0SQUET GIRONA CONFIRMA ELS EQUIPS T\u00c8CNICS DELS PRIMERS EQUIPS MASCUL\u00cd I FEMEN\u00cd PER A LA TEMPORADA 2025\/26\"}]},{\"@type\":\"WebSite\",\"@id\":\"https:\/\/www.unigirona.cat\/#website\",\"url\":\"https:\/\/www.unigirona.cat\/\",\"name\":\"Spar Girona\",\"description\":\"\",\"potentialAction\":[{\"@type\":\"SearchAction\",\"target\":{\"@type\":\"EntryPoint\",\"urlTemplate\":\"https:\/\/www.unigirona.cat\/?s={search_term_string}\"},\"query-input\":{\"@type\":\"PropertyValueSpecification\",\"valueRequired\":true,\"valueName\":\"search_term_string\"}}],\"inLanguage\":\"es\"},{\"@type\":\"Person\",\"@id\":\"https:\/\/www.unigirona.cat\/#\/schema\/person\/475ba176dc25b40920d6ebae4b40d2fb\",\"name\":\"premsa\",\"image\":{\"@type\":\"ImageObject\",\"inLanguage\":\"es\",\"@id\":\"https:\/\/www.unigirona.cat\/#\/schema\/person\/image\/\",\"url\":\"https:\/\/secure.gravatar.com\/avatar\/aaa70a46dde13fc461ebe5bc96d2c4be?s=96&d=mm&r=g\",\"contentUrl\":\"https:\/\/secure.gravatar.com\/avatar\/aaa70a46dde13fc461ebe5bc96d2c4be?s=96&d=mm&r=g\",\"caption\":\"premsa\"},\"url\":\"https:\/\/www.unigirona.cat\/es\/author\/premsa\/\"}]}<\/script>\n<!-- \/ Yoast SEO plugin. -->","yoast_head_json":{"title":"EL B\u00c0SQUET GIRONA CONFIRMA ELS EQUIPS T\u00c8CNICS DELS PRIMERS EQUIPS MASCUL\u00cd I FEMEN\u00cd PER A LA TEMPORADA 2025\/26 - UNI B\u00e0squet Girona","robots":{"index":"index","follow":"follow","max-snippet":"max-snippet:-1","max-image-preview":"max-image-preview:large","max-video-preview":"max-video-preview:-1"},"canonical":"https:\/\/www.unigirona.cat\/el-basquet-girona-confirma-els-equips-tecnics-dels-primers-equips-masculi-i-femeni-per-a-la-temporada-2025-26\/","og_locale":"es_ES","og_type":"article","og_title":"EL B\u00c0SQUET GIRONA CONFIRMA ELS EQUIPS T\u00c8CNICS DELS PRIMERS EQUIPS MASCUL\u00cd I FEMEN\u00cd PER A LA TEMPORADA 2025\/26 - UNI B\u00e0squet Girona","og_description":"El B\u00e0squet Girona ha definit l&#8217;estructura dels equips t\u00e8cnics que lideraran els seus dos primers equips \u2014el mascul\u00ed i el femen\u00ed\u2014 durant la temporada 2025-2026, amb un equip hum\u00e0 consolidat i noves incorporacions que reforcen el projecte esportiu del club. Primer equip mascul\u00ed B\u00e0squet GironaMoncho Fern\u00e1ndez continuar\u00e0 al capdavant del primer equip mascul\u00ed com a [&hellip;]","og_url":"https:\/\/www.unigirona.cat\/el-basquet-girona-confirma-els-equips-tecnics-dels-primers-equips-masculi-i-femeni-per-a-la-temporada-2025-26\/","og_site_name":"UNI B\u00e0squet Girona","article_published_time":"2025-08-24T10:47:40+00:00","article_modified_time":"2025-08-24T10:47:43+00:00","og_image":[{"width":1440,"height":810,"url":"http:\/\/www.unigirona.cat\/wp-content\/uploads\/2025\/08\/IMATGE-STAFF.jpeg","type":"image\/jpeg"}],"author":"premsa","twitter_card":"summary_large_image","twitter_misc":{"Escrito por":"premsa","Tiempo de lectura":"2 minutos"},"schema":{"@context":"https:\/\/schema.org","@graph":[{"@type":"WebPage","@id":"https:\/\/www.unigirona.cat\/el-basquet-girona-confirma-els-equips-tecnics-dels-primers-equips-masculi-i-femeni-per-a-la-temporada-2025-26\/","url":"https:\/\/www.unigirona.cat\/el-basquet-girona-confirma-els-equips-tecnics-dels-primers-equips-masculi-i-femeni-per-a-la-temporada-2025-26\/","name":"EL B\u00c0SQUET GIRONA CONFIRMA ELS EQUIPS T\u00c8CNICS DELS PRIMERS EQUIPS MASCUL\u00cd I FEMEN\u00cd PER A LA TEMPORADA 2025\/26 - UNI B\u00e0squet Girona","isPartOf":{"@id":"https:\/\/www.unigirona.cat\/#website"},"primaryImageOfPage":{"@id":"https:\/\/www.unigirona.cat\/el-basquet-girona-confirma-els-equips-tecnics-dels-primers-equips-masculi-i-femeni-per-a-la-temporada-2025-26\/#primaryimage"},"image":{"@id":"https:\/\/www.unigirona.cat\/el-basquet-girona-confirma-els-equips-tecnics-dels-primers-equips-masculi-i-femeni-per-a-la-temporada-2025-26\/#primaryimage"},"thumbnailUrl":"https:\/\/www.unigirona.cat\/wp-content\/uploads\/2025\/08\/IMATGE-STAFF.jpeg","datePublished":"2025-08-24T10:47:40+00:00","dateModified":"2025-08-24T10:47:43+00:00","author":{"@id":"https:\/\/www.unigirona.cat\/#\/schema\/person\/475ba176dc25b40920d6ebae4b40d2fb"},"breadcrumb":{"@id":"https:\/\/www.unigirona.cat\/el-basquet-girona-confirma-els-equips-tecnics-dels-primers-equips-masculi-i-femeni-per-a-la-temporada-2025-26\/#breadcrumb"},"inLanguage":"es","potentialAction":[{"@type":"ReadAction","target":["https:\/\/www.unigirona.cat\/el-basquet-girona-confirma-els-equips-tecnics-dels-primers-equips-masculi-i-femeni-per-a-la-temporada-2025-26\/"]}]},{"@type":"ImageObject","inLanguage":"es","@id":"https:\/\/www.unigirona.cat\/el-basquet-girona-confirma-els-equips-tecnics-dels-primers-equips-masculi-i-femeni-per-a-la-temporada-2025-26\/#primaryimage","url":"https:\/\/www.unigirona.cat\/wp-content\/uploads\/2025\/08\/IMATGE-STAFF.jpeg","contentUrl":"https:\/\/www.unigirona.cat\/wp-content\/uploads\/2025\/08\/IMATGE-STAFF.jpeg","width":1440,"height":810},{"@type":"BreadcrumbList","@id":"https:\/\/www.unigirona.cat\/el-basquet-girona-confirma-els-equips-tecnics-dels-primers-equips-masculi-i-femeni-per-a-la-temporada-2025-26\/#breadcrumb","itemListElement":[{"@type":"ListItem","position":1,"name":"Portada","item":"https:\/\/www.unigirona.cat\/"},{"@type":"ListItem","position":2,"name":"EL B\u00c0SQUET GIRONA CONFIRMA ELS EQUIPS T\u00c8CNICS DELS PRIMERS EQUIPS MASCUL\u00cd I FEMEN\u00cd PER A LA TEMPORADA 2025\/26"}]},{"@type":"WebSite","@id":"https:\/\/www.unigirona.cat\/#website","url":"https:\/\/www.unigirona.cat\/","name":"Spar Girona","description":"","potentialAction":[{"@type":"SearchAction","target":{"@type":"EntryPoint","urlTemplate":"https:\/\/www.unigirona.cat\/?s={search_term_string}"},"query-input":{"@type":"PropertyValueSpecification","valueRequired":true,"valueName":"search_term_string"}}],"inLanguage":"es"},{"@type":"Person","@id":"https:\/\/www.unigirona.cat\/#\/schema\/person\/475ba176dc25b40920d6ebae4b40d2fb","name":"premsa","image":{"@type":"ImageObject","inLanguage":"es","@id":"https:\/\/www.unigirona.cat\/#\/schema\/person\/image\/","url":"https:\/\/secure.gravatar.com\/avatar\/aaa70a46dde13fc461ebe5bc96d2c4be?s=96&d=mm&r=g","contentUrl":"https:\/\/secure.gravatar.com\/avatar\/aaa70a46dde13fc461ebe5bc96d2c4be?s=96&d=mm&r=g","caption":"premsa"},"url":"https:\/\/www.unigirona.cat\/es\/author\/premsa\/"}]}},"_links":{"self":[{"href":"https:\/\/www.unigirona.cat\/es\/wp-json\/wp\/v2\/posts\/45359"}],"collection":[{"href":"https:\/\/www.unigirona.cat\/es\/wp-json\/wp\/v2\/posts"}],"about":[{"href":"https:\/\/www.unigirona.cat\/es\/wp-json\/wp\/v2\/types\/post"}],"author":[{"embeddable":true,"href":"https:\/\/www.unigirona.cat\/es\/wp-json\/wp\/v2\/users\/2"}],"replies":[{"embeddable":true,"href":"https:\/\/www.unigirona.cat\/es\/wp-json\/wp\/v2\/comments?post=45359"}],"version-history":[{"count":1,"href":"https:\/\/www.unigirona.cat\/es\/wp-json\/wp\/v2\/posts\/45359\/revisions"}],"predecessor-version":[{"id":45363,"href":"https:\/\/www.unigirona.cat\/es\/wp-json\/wp\/v2\/posts\/45359\/revisions\/45363"}],"wp:featuredmedia":[{"embeddable":true,"href":"https:\/\/www.unigirona.cat\/es\/wp-json\/wp\/v2\/media\/45360"}],"wp:attachment":[{"href":"https:\/\/www.unigirona.cat\/es\/wp-json\/wp\/v2\/media?parent=45359"}],"wp:term":[{"taxonomy":"category","embeddable":true,"href":"https:\/\/www.unigirona.cat\/es\/wp-json\/wp\/v2\/categories?post=45359"},{"taxonomy":"post_tag","embeddable":true,"href":"https:\/\/www.unigirona.cat\/es\/wp-json\/wp\/v2\/tags?post=45359"}],"curies":[{"name":"wp","href":"https:\/\/api.w.org\/{rel}","templated":true}]}}