{"id":45402,"date":"2025-08-31T11:00:43","date_gmt":"2025-08-31T09:00:43","guid":{"rendered":"https:\/\/www.unigirona.cat\/?p=45402"},"modified":"2025-08-31T11:11:08","modified_gmt":"2025-08-31T09:11:08","slug":"basquet-girona-i-spar-girona-anuncien-els-dorsals-per-a-la-temporada-2025-26","status":"publish","type":"post","link":"https:\/\/www.unigirona.cat\/es\/basquet-girona-i-spar-girona-anuncien-els-dorsals-per-a-la-temporada-2025-26\/","title":{"rendered":"B\u00e0squet Girona i Spar Girona anuncien els dorsals per a la temporada 2025\u201326"},"content":{"rendered":"<p>El B\u00e0squet Girona i l\u2019Spar Girona ja tenen definits els dorsals que lluiran els seus jugadors i jugadores durant la temporada 2025\u201326.<\/p><p>A l\u2019equip ACB dirigit per Moncho Fern\u00e1ndez, les novetats arriben de la m\u00e0 de Derek Needham (5), Mark Hughes (8), Jos\u00e9 Ignacio Vildoza (10), Otis Livingston Jr (11) i Nikola Maric (25).<\/p><p>Pel que fa a l\u2019Spar Girona de Roberto \u00cd\u00f1iguez, tamb\u00e9 hi ha m\u00faltiples incorporacions que estrenaran dorsal a Fontajau: Juste Jocyt\u0117 (4), Laura Quevedo (6), Mariam Coulibaly (14), Lola Pendande (21), Anna Badosa (22) i Arica Carter (23).<\/p><p>Dorsals B\u00e0squet Girona: Fjellerup (2), Busquets (4), Needham (5), Hughes (8), Ferrando (9), Vildoza (10), Livingston II (11), Geben (12), Fern\u00e1ndez (21), Mart\u00ednez (23), Maric (25), Su\u0161inskas (29)<\/p><p> Dorsals Spar Girona: Jocyt\u0117 (4), Holm (5), Quevedo (6), Canella (8), Guerrero (11), M. Coulibaly (14), Pendande (21), Badosa (22), Carter (23), Ainhoa (24), Berta (25), Bibby (55).<\/p><p>Amb aquests dorsals, els dos conjunts gironins ultimen els detalls per iniciar un curs il\u00b7lusionant a l\u2019ACB, a la LF Endesa i a l\u2019EuroLeague Women.<\/p>","protected":false},"excerpt":{"rendered":"<p>El B\u00e0squet Girona i l\u2019Spar Girona ja tenen definits els dorsals que lluiran els seus jugadors i jugadores durant la temporada 2025\u201326. A l\u2019equip ACB dirigit per Moncho Fern\u00e1ndez, les novetats arriben de la m\u00e0 de Derek Needham (5), Mark Hughes (8), Jos\u00e9 Ignacio Vildoza (10), Otis Livingston Jr (11) i Nikola Maric (25). Pel [&hellip;]<\/p>\n","protected":false},"author":2,"featured_media":45403,"comment_status":"open","ping_status":"open","sticky":false,"template":"","format":"standard","meta":{"footnotes":""},"categories":[542],"tags":[],"class_list":["post-45402","post","type-post","status-publish","format-standard","has-post-thumbnail","hentry","category-lf-endesa"],"yoast_head":"<!-- This site is optimized with the Yoast SEO plugin v25.1 - https:\/\/yoast.com\/wordpress\/plugins\/seo\/ -->\n<title>B\u00e0squet Girona i Spar Girona anuncien els dorsals per a la temporada 2025\u201326 - UNI B\u00e0squet Girona<\/title>\n<meta name=\"robots\" content=\"index, follow, max-snippet:-1, max-image-preview:large, max-video-preview:-1\" \/>\n<link rel=\"canonical\" href=\"https:\/\/www.unigirona.cat\/basquet-girona-i-spar-girona-anuncien-els-dorsals-per-a-la-temporada-2025-26\/\" \/>\n<meta property=\"og:locale\" content=\"es_ES\" \/>\n<meta property=\"og:type\" content=\"article\" \/>\n<meta property=\"og:title\" content=\"B\u00e0squet Girona i Spar Girona anuncien els dorsals per a la temporada 2025\u201326 - UNI B\u00e0squet Girona\" \/>\n<meta property=\"og:description\" content=\"El B\u00e0squet Girona i l\u2019Spar Girona ja tenen definits els dorsals que lluiran els seus jugadors i jugadores durant la temporada 2025\u201326. A l\u2019equip ACB dirigit per Moncho Fern\u00e1ndez, les novetats arriben de la m\u00e0 de Derek Needham (5), Mark Hughes (8), Jos\u00e9 Ignacio Vildoza (10), Otis Livingston Jr (11) i Nikola Maric (25). Pel [&hellip;]\" \/>\n<meta property=\"og:url\" content=\"https:\/\/www.unigirona.cat\/basquet-girona-i-spar-girona-anuncien-els-dorsals-per-a-la-temporada-2025-26\/\" \/>\n<meta property=\"og:site_name\" content=\"UNI B\u00e0squet Girona\" \/>\n<meta property=\"article:published_time\" content=\"2025-08-31T09:00:43+00:00\" \/>\n<meta property=\"article:modified_time\" content=\"2025-08-31T09:11:08+00:00\" \/>\n<meta property=\"og:image\" content=\"http:\/\/www.unigirona.cat\/wp-content\/uploads\/2025\/08\/DORSALS-1024x640.png\" \/>\n\t<meta property=\"og:image:width\" content=\"1024\" \/>\n\t<meta property=\"og:image:height\" content=\"640\" \/>\n\t<meta property=\"og:image:type\" content=\"image\/png\" \/>\n<meta name=\"author\" content=\"premsa\" \/>\n<meta name=\"twitter:card\" content=\"summary_large_image\" \/>\n<meta name=\"twitter:label1\" content=\"Escrito por\" \/>\n\t<meta name=\"twitter:data1\" content=\"premsa\" \/>\n\t<meta name=\"twitter:label2\" content=\"Tiempo de lectura\" \/>\n\t<meta name=\"twitter:data2\" content=\"2 minutos\" \/>\n<script type=\"application\/ld+json\" class=\"yoast-schema-graph\">{\"@context\":\"https:\/\/schema.org\",\"@graph\":[{\"@type\":\"WebPage\",\"@id\":\"https:\/\/www.unigirona.cat\/basquet-girona-i-spar-girona-anuncien-els-dorsals-per-a-la-temporada-2025-26\/\",\"url\":\"https:\/\/www.unigirona.cat\/basquet-girona-i-spar-girona-anuncien-els-dorsals-per-a-la-temporada-2025-26\/\",\"name\":\"B\u00e0squet Girona i Spar Girona anuncien els dorsals per a la temporada 2025\u201326 - UNI B\u00e0squet Girona\",\"isPartOf\":{\"@id\":\"https:\/\/www.unigirona.cat\/#website\"},\"primaryImageOfPage\":{\"@id\":\"https:\/\/www.unigirona.cat\/basquet-girona-i-spar-girona-anuncien-els-dorsals-per-a-la-temporada-2025-26\/#primaryimage\"},\"image\":{\"@id\":\"https:\/\/www.unigirona.cat\/basquet-girona-i-spar-girona-anuncien-els-dorsals-per-a-la-temporada-2025-26\/#primaryimage\"},\"thumbnailUrl\":\"https:\/\/www.unigirona.cat\/wp-content\/uploads\/2025\/08\/DORSALS.png\",\"datePublished\":\"2025-08-31T09:00:43+00:00\",\"dateModified\":\"2025-08-31T09:11:08+00:00\",\"author\":{\"@id\":\"https:\/\/www.unigirona.cat\/#\/schema\/person\/475ba176dc25b40920d6ebae4b40d2fb\"},\"breadcrumb\":{\"@id\":\"https:\/\/www.unigirona.cat\/basquet-girona-i-spar-girona-anuncien-els-dorsals-per-a-la-temporada-2025-26\/#breadcrumb\"},\"inLanguage\":\"es\",\"potentialAction\":[{\"@type\":\"ReadAction\",\"target\":[\"https:\/\/www.unigirona.cat\/basquet-girona-i-spar-girona-anuncien-els-dorsals-per-a-la-temporada-2025-26\/\"]}]},{\"@type\":\"ImageObject\",\"inLanguage\":\"es\",\"@id\":\"https:\/\/www.unigirona.cat\/basquet-girona-i-spar-girona-anuncien-els-dorsals-per-a-la-temporada-2025-26\/#primaryimage\",\"url\":\"https:\/\/www.unigirona.cat\/wp-content\/uploads\/2025\/08\/DORSALS.png\",\"contentUrl\":\"https:\/\/www.unigirona.cat\/wp-content\/uploads\/2025\/08\/DORSALS.png\",\"width\":2160,\"height\":1350},{\"@type\":\"BreadcrumbList\",\"@id\":\"https:\/\/www.unigirona.cat\/basquet-girona-i-spar-girona-anuncien-els-dorsals-per-a-la-temporada-2025-26\/#breadcrumb\",\"itemListElement\":[{\"@type\":\"ListItem\",\"position\":1,\"name\":\"Portada\",\"item\":\"https:\/\/www.unigirona.cat\/\"},{\"@type\":\"ListItem\",\"position\":2,\"name\":\"B\u00e0squet Girona i Spar Girona anuncien els dorsals per a la temporada 2025\u201326\"}]},{\"@type\":\"WebSite\",\"@id\":\"https:\/\/www.unigirona.cat\/#website\",\"url\":\"https:\/\/www.unigirona.cat\/\",\"name\":\"Spar Girona\",\"description\":\"\",\"potentialAction\":[{\"@type\":\"SearchAction\",\"target\":{\"@type\":\"EntryPoint\",\"urlTemplate\":\"https:\/\/www.unigirona.cat\/?s={search_term_string}\"},\"query-input\":{\"@type\":\"PropertyValueSpecification\",\"valueRequired\":true,\"valueName\":\"search_term_string\"}}],\"inLanguage\":\"es\"},{\"@type\":\"Person\",\"@id\":\"https:\/\/www.unigirona.cat\/#\/schema\/person\/475ba176dc25b40920d6ebae4b40d2fb\",\"name\":\"premsa\",\"image\":{\"@type\":\"ImageObject\",\"inLanguage\":\"es\",\"@id\":\"https:\/\/www.unigirona.cat\/#\/schema\/person\/image\/\",\"url\":\"https:\/\/secure.gravatar.com\/avatar\/aaa70a46dde13fc461ebe5bc96d2c4be?s=96&d=mm&r=g\",\"contentUrl\":\"https:\/\/secure.gravatar.com\/avatar\/aaa70a46dde13fc461ebe5bc96d2c4be?s=96&d=mm&r=g\",\"caption\":\"premsa\"},\"url\":\"https:\/\/www.unigirona.cat\/es\/author\/premsa\/\"}]}<\/script>\n<!-- \/ Yoast SEO plugin. -->","yoast_head_json":{"title":"B\u00e0squet Girona i Spar Girona anuncien els dorsals per a la temporada 2025\u201326 - UNI B\u00e0squet Girona","robots":{"index":"index","follow":"follow","max-snippet":"max-snippet:-1","max-image-preview":"max-image-preview:large","max-video-preview":"max-video-preview:-1"},"canonical":"https:\/\/www.unigirona.cat\/basquet-girona-i-spar-girona-anuncien-els-dorsals-per-a-la-temporada-2025-26\/","og_locale":"es_ES","og_type":"article","og_title":"B\u00e0squet Girona i Spar Girona anuncien els dorsals per a la temporada 2025\u201326 - UNI B\u00e0squet Girona","og_description":"El B\u00e0squet Girona i l\u2019Spar Girona ja tenen definits els dorsals que lluiran els seus jugadors i jugadores durant la temporada 2025\u201326. A l\u2019equip ACB dirigit per Moncho Fern\u00e1ndez, les novetats arriben de la m\u00e0 de Derek Needham (5), Mark Hughes (8), Jos\u00e9 Ignacio Vildoza (10), Otis Livingston Jr (11) i Nikola Maric (25). Pel [&hellip;]","og_url":"https:\/\/www.unigirona.cat\/basquet-girona-i-spar-girona-anuncien-els-dorsals-per-a-la-temporada-2025-26\/","og_site_name":"UNI B\u00e0squet Girona","article_published_time":"2025-08-31T09:00:43+00:00","article_modified_time":"2025-08-31T09:11:08+00:00","og_image":[{"width":1024,"height":640,"url":"http:\/\/www.unigirona.cat\/wp-content\/uploads\/2025\/08\/DORSALS-1024x640.png","type":"image\/png"}],"author":"premsa","twitter_card":"summary_large_image","twitter_misc":{"Escrito por":"premsa","Tiempo de lectura":"2 minutos"},"schema":{"@context":"https:\/\/schema.org","@graph":[{"@type":"WebPage","@id":"https:\/\/www.unigirona.cat\/basquet-girona-i-spar-girona-anuncien-els-dorsals-per-a-la-temporada-2025-26\/","url":"https:\/\/www.unigirona.cat\/basquet-girona-i-spar-girona-anuncien-els-dorsals-per-a-la-temporada-2025-26\/","name":"B\u00e0squet Girona i Spar Girona anuncien els dorsals per a la temporada 2025\u201326 - UNI B\u00e0squet Girona","isPartOf":{"@id":"https:\/\/www.unigirona.cat\/#website"},"primaryImageOfPage":{"@id":"https:\/\/www.unigirona.cat\/basquet-girona-i-spar-girona-anuncien-els-dorsals-per-a-la-temporada-2025-26\/#primaryimage"},"image":{"@id":"https:\/\/www.unigirona.cat\/basquet-girona-i-spar-girona-anuncien-els-dorsals-per-a-la-temporada-2025-26\/#primaryimage"},"thumbnailUrl":"https:\/\/www.unigirona.cat\/wp-content\/uploads\/2025\/08\/DORSALS.png","datePublished":"2025-08-31T09:00:43+00:00","dateModified":"2025-08-31T09:11:08+00:00","author":{"@id":"https:\/\/www.unigirona.cat\/#\/schema\/person\/475ba176dc25b40920d6ebae4b40d2fb"},"breadcrumb":{"@id":"https:\/\/www.unigirona.cat\/basquet-girona-i-spar-girona-anuncien-els-dorsals-per-a-la-temporada-2025-26\/#breadcrumb"},"inLanguage":"es","potentialAction":[{"@type":"ReadAction","target":["https:\/\/www.unigirona.cat\/basquet-girona-i-spar-girona-anuncien-els-dorsals-per-a-la-temporada-2025-26\/"]}]},{"@type":"ImageObject","inLanguage":"es","@id":"https:\/\/www.unigirona.cat\/basquet-girona-i-spar-girona-anuncien-els-dorsals-per-a-la-temporada-2025-26\/#primaryimage","url":"https:\/\/www.unigirona.cat\/wp-content\/uploads\/2025\/08\/DORSALS.png","contentUrl":"https:\/\/www.unigirona.cat\/wp-content\/uploads\/2025\/08\/DORSALS.png","width":2160,"height":1350},{"@type":"BreadcrumbList","@id":"https:\/\/www.unigirona.cat\/basquet-girona-i-spar-girona-anuncien-els-dorsals-per-a-la-temporada-2025-26\/#breadcrumb","itemListElement":[{"@type":"ListItem","position":1,"name":"Portada","item":"https:\/\/www.unigirona.cat\/"},{"@type":"ListItem","position":2,"name":"B\u00e0squet Girona i Spar Girona anuncien els dorsals per a la temporada 2025\u201326"}]},{"@type":"WebSite","@id":"https:\/\/www.unigirona.cat\/#website","url":"https:\/\/www.unigirona.cat\/","name":"Spar Girona","description":"","potentialAction":[{"@type":"SearchAction","target":{"@type":"EntryPoint","urlTemplate":"https:\/\/www.unigirona.cat\/?s={search_term_string}"},"query-input":{"@type":"PropertyValueSpecification","valueRequired":true,"valueName":"search_term_string"}}],"inLanguage":"es"},{"@type":"Person","@id":"https:\/\/www.unigirona.cat\/#\/schema\/person\/475ba176dc25b40920d6ebae4b40d2fb","name":"premsa","image":{"@type":"ImageObject","inLanguage":"es","@id":"https:\/\/www.unigirona.cat\/#\/schema\/person\/image\/","url":"https:\/\/secure.gravatar.com\/avatar\/aaa70a46dde13fc461ebe5bc96d2c4be?s=96&d=mm&r=g","contentUrl":"https:\/\/secure.gravatar.com\/avatar\/aaa70a46dde13fc461ebe5bc96d2c4be?s=96&d=mm&r=g","caption":"premsa"},"url":"https:\/\/www.unigirona.cat\/es\/author\/premsa\/"}]}},"_links":{"self":[{"href":"https:\/\/www.unigirona.cat\/es\/wp-json\/wp\/v2\/posts\/45402"}],"collection":[{"href":"https:\/\/www.unigirona.cat\/es\/wp-json\/wp\/v2\/posts"}],"about":[{"href":"https:\/\/www.unigirona.cat\/es\/wp-json\/wp\/v2\/types\/post"}],"author":[{"embeddable":true,"href":"https:\/\/www.unigirona.cat\/es\/wp-json\/wp\/v2\/users\/2"}],"replies":[{"embeddable":true,"href":"https:\/\/www.unigirona.cat\/es\/wp-json\/wp\/v2\/comments?post=45402"}],"version-history":[{"count":2,"href":"https:\/\/www.unigirona.cat\/es\/wp-json\/wp\/v2\/posts\/45402\/revisions"}],"predecessor-version":[{"id":45408,"href":"https:\/\/www.unigirona.cat\/es\/wp-json\/wp\/v2\/posts\/45402\/revisions\/45408"}],"wp:featuredmedia":[{"embeddable":true,"href":"https:\/\/www.unigirona.cat\/es\/wp-json\/wp\/v2\/media\/45403"}],"wp:attachment":[{"href":"https:\/\/www.unigirona.cat\/es\/wp-json\/wp\/v2\/media?parent=45402"}],"wp:term":[{"taxonomy":"category","embeddable":true,"href":"https:\/\/www.unigirona.cat\/es\/wp-json\/wp\/v2\/categories?post=45402"},{"taxonomy":"post_tag","embeddable":true,"href":"https:\/\/www.unigirona.cat\/es\/wp-json\/wp\/v2\/tags?post=45402"}],"curies":[{"name":"wp","href":"https:\/\/api.w.org\/{rel}","templated":true}]}}