{"id":45481,"date":"2025-12-12T16:56:47","date_gmt":"2025-12-12T15:56:47","guid":{"rendered":"https:\/\/www.unigirona.cat\/?p=45481"},"modified":"2025-12-18T13:54:04","modified_gmt":"2025-12-18T12:54:04","slug":"la-historia-de-luni-girona-queda-recollida-en-un-llibre","status":"publish","type":"post","link":"https:\/\/www.unigirona.cat\/es\/la-historia-de-luni-girona-queda-recollida-en-un-llibre\/","title":{"rendered":"LA HIST\u00d2RIA DE L&#8217;UNI GIRONA QUEDA RECOLLIDA EN UN LLIBRE"},"content":{"rendered":"<p><em>El periodista Jordi Roura presenta \u00abUni Girona: 20 anys de b\u00e0squet i \u00e8xits\u00bb a la Fundaci\u00f3 Valvi amb Cayetano P\u00e9rez i Pere Puig<br>L&#8217;obra es posar\u00e0 a la venda la setmana que al <a href=\"https:\/\/www.unigirona.cat\/botiga\/\">web de l&#8217;Uni Girona<\/a> i tamb\u00e9 es podr\u00e0 trobar al pavell\u00f3 de Fontajau<\/em><\/p><p>Compra el llibre: <a href=\"https:\/\/www.unigirona.cat\/es\/product\/llibre-uni-girona-20-anys-de-basquet-i-exits\/\">https:\/\/www.unigirona.cat\/es\/product\/llibre-uni-girona-20-anys-de-basquet-i-exits\/<\/a><\/p><p>Les dues d\u00e8cades de vida de l&#8217;Uni Girona quedaran per sempre recopilades en el llibre \u00abUni Girona: 20 anys de b\u00e0squet i \u00e8xits\u00bb que s&#8217;ha presentat avui a la Fundaci\u00f3 Valvi. \u00c9s obra del Cap de Redacci\u00f3 d&#8217;Esports i Cultura del Diari de Girona, Jordi Roura, que ha participat a l&#8217;acte al costat del president, Cayetano P\u00e9rez, i del director esportiu, Pere Puig, un dels fundadors. Entre la cinquantena d&#8217;assistents tamb\u00e9 hi havia el president del B\u00e0squet Girona, Marc Gasol, club amb el qual l&#8217;Uni es va fusionar l&#8217;estiu passat; l&#8217;hist\u00f2ric patrocinador a trav\u00e9s de la marca Spar, Joaquim Vidal; l&#8217;expresident de l&#8217;Uni, Lloren\u00e7 Biarg\u00e9; el General Manager del B\u00e0squet Girona, Xus Escosa, el delegat d&#8217;Esports de la Generalitat, Narc\u00eds Casassa, i el delegat de la FCBQ, Xavier Santal\u00f3, entre d&#8217;altres.<\/p><p>\u00abQuan en Jordi ens va comentar que tenia una idea per escriure la nostra cronologia, des del primer moment li vam dir que s\u00ed. \u00c9s bonic tenir-la escrita, perqu\u00e8 hem sigut pioners en moltes coses. Repassava el llibre i deia, ostres, \u00e9s veritat, va passar aix\u00f2. Animo a tots a comprar-lo i que tingueu un record, a casa vostra, de la hist\u00f2ria del club\u00bb, ha explicat el president Cayetano P\u00e9rez. L&#8217;obra, de 264 p\u00e0gines i amb m\u00e9s de 200 fotografies, majorit\u00e0riament, dels fot\u00f2grafs de Diari de Girona, Aniol Resclosa, Marc Mart\u00ed i David Aparicio, es posar\u00e0 a la venda a la botiga de l&#8217;Uni, tamb\u00e9 els dies de partit, i al web de l&#8217;entitat, la setmana que ve.<\/p><p>Pere Puig, per la seva banda, ha dit que \u00abel llibre m&#8217;encanta, recull l&#8217;ess\u00e8ncia dels vint anys. En llegeixo molts, i no \u00e9s f\u00e0cil fer-ho. L&#8217;ess\u00e8ncia es resumeix en dues coses: la generositat, perqu\u00e8 en el seu dia dues entitats (Vedruna i Seset) que no es podien veure arriben a un acord per treballar plegats. Hi ha molta gent al darrere d&#8217;aquests vint anys. Directius i patrocinadors que s&#8217;han mogut perqu\u00e8 creien en tot aix\u00f2. I les institucions, esclar. Penseu que estem parlant del 2005. Vam haver de barallar-nos i no va ser f\u00e0cil. Aquesta \u00e9s l&#8217;altra caracter\u00edstica: la nostra lluita\u00bb. Tamb\u00e9 ha destacat que \u00abm&#8217;emociona que hi hagi un breu reconeixement a en Josep Xargay i a en Vicen\u00e7 Bordas, que lamentablement no poden viure els \u00e8xits actuals\u00bb.<\/p><p>En el seu torn, el periodista Jordi Roura ha detallat que \u00abhaig d&#8217;estar agra\u00eft a en Pere i a en Cayetano, perqu\u00e8 el projecte neix amb ells. Tenia la voluntat que qued\u00e9s un llegat escrit del resum de l&#8217;Uni i aprofitant els vint anys, amb la fusi\u00f3 sobre la taula del B\u00e0squet Girona, era un bon moment per tirar-ho endavant\u00bb. Roura ha explicat que \u00abens hem centrat en les diferents aventures de cada temporada. Amb la feina d&#8217;arxiu, he recordat coses que havia oblidat. Hi ha hagut moments molt cr\u00edtics: cada estiu, als inicis, s&#8217;estudiava la viabilitat de si es podria continuar la temporada seg\u00fcent. La classificaci\u00f3 m\u00e9s baixa \u00e9s un cinqu\u00e8 lloc, l&#8217;Uni sempre ha sigut un equip punter. I quants moments ha viscut: sobretot, la primera lliga amb Roberto \u00cd\u00f1iguez, el 23 d&#8217;abril del 2015. Fontajau va explotar aquell dia amb m\u00e9s de 5.000 espectadors, fet que va obligar a tancar les portes del pavell\u00f3 en un duel decretat d&#8217;entrada gratu\u00efta.<\/p><p><\/p>","protected":false},"excerpt":{"rendered":"<p>El periodista Jordi Roura presenta \u00abUni Girona: 20 anys de b\u00e0squet i \u00e8xits\u00bb a la Fundaci\u00f3 Valvi amb Cayetano P\u00e9rez i Pere PuigL&#8217;obra es posar\u00e0 a la venda la setmana que al web de l&#8217;Uni Girona i tamb\u00e9 es podr\u00e0 trobar al pavell\u00f3 de Fontajau Compra el llibre: https:\/\/www.unigirona.cat\/es\/product\/llibre-uni-girona-20-anys-de-basquet-i-exits\/ Les dues d\u00e8cades de vida de [&hellip;]<\/p>\n","protected":false},"author":2,"featured_media":45482,"comment_status":"open","ping_status":"open","sticky":false,"template":"","format":"standard","meta":{"footnotes":""},"categories":[841],"tags":[],"class_list":["post-45481","post","type-post","status-publish","format-standard","has-post-thumbnail","hentry","category-ultima-hora"],"yoast_head":"<!-- This site is optimized with the Yoast SEO plugin v25.1 - https:\/\/yoast.com\/wordpress\/plugins\/seo\/ -->\n<title>LA HIST\u00d2RIA DE L&#039;UNI GIRONA QUEDA RECOLLIDA EN UN LLIBRE - UNI B\u00e0squet Girona<\/title>\n<meta name=\"robots\" content=\"index, follow, max-snippet:-1, max-image-preview:large, max-video-preview:-1\" \/>\n<link rel=\"canonical\" href=\"https:\/\/www.unigirona.cat\/la-historia-de-luni-girona-queda-recollida-en-un-llibre\/\" \/>\n<meta property=\"og:locale\" content=\"es_ES\" \/>\n<meta property=\"og:type\" content=\"article\" \/>\n<meta property=\"og:title\" content=\"LA HIST\u00d2RIA DE L&#039;UNI GIRONA QUEDA RECOLLIDA EN UN LLIBRE - UNI B\u00e0squet Girona\" \/>\n<meta property=\"og:description\" content=\"El periodista Jordi Roura presenta \u00abUni Girona: 20 anys de b\u00e0squet i \u00e8xits\u00bb a la Fundaci\u00f3 Valvi amb Cayetano P\u00e9rez i Pere PuigL&#8217;obra es posar\u00e0 a la venda la setmana que al web de l&#8217;Uni Girona i tamb\u00e9 es podr\u00e0 trobar al pavell\u00f3 de Fontajau Compra el llibre: https:\/\/www.unigirona.cat\/es\/product\/llibre-uni-girona-20-anys-de-basquet-i-exits\/ Les dues d\u00e8cades de vida de [&hellip;]\" \/>\n<meta property=\"og:url\" content=\"https:\/\/www.unigirona.cat\/la-historia-de-luni-girona-queda-recollida-en-un-llibre\/\" \/>\n<meta property=\"og:site_name\" content=\"UNI B\u00e0squet Girona\" \/>\n<meta property=\"article:published_time\" content=\"2025-12-12T15:56:47+00:00\" \/>\n<meta property=\"article:modified_time\" content=\"2025-12-18T12:54:04+00:00\" \/>\n<meta property=\"og:image\" content=\"http:\/\/www.unigirona.cat\/wp-content\/uploads\/2025\/12\/IMG_6035-1024x683.jpg\" \/>\n\t<meta property=\"og:image:width\" content=\"1024\" \/>\n\t<meta property=\"og:image:height\" content=\"683\" \/>\n\t<meta property=\"og:image:type\" content=\"image\/jpeg\" \/>\n<meta name=\"author\" content=\"premsa\" \/>\n<meta name=\"twitter:card\" content=\"summary_large_image\" \/>\n<meta name=\"twitter:label1\" content=\"Escrito por\" \/>\n\t<meta name=\"twitter:data1\" content=\"premsa\" \/>\n\t<meta name=\"twitter:label2\" content=\"Tiempo de lectura\" \/>\n\t<meta name=\"twitter:data2\" content=\"4 minutos\" \/>\n<script type=\"application\/ld+json\" class=\"yoast-schema-graph\">{\"@context\":\"https:\/\/schema.org\",\"@graph\":[{\"@type\":\"WebPage\",\"@id\":\"https:\/\/www.unigirona.cat\/la-historia-de-luni-girona-queda-recollida-en-un-llibre\/\",\"url\":\"https:\/\/www.unigirona.cat\/la-historia-de-luni-girona-queda-recollida-en-un-llibre\/\",\"name\":\"LA HIST\u00d2RIA DE L'UNI GIRONA QUEDA RECOLLIDA EN UN LLIBRE - UNI B\u00e0squet Girona\",\"isPartOf\":{\"@id\":\"https:\/\/www.unigirona.cat\/#website\"},\"primaryImageOfPage\":{\"@id\":\"https:\/\/www.unigirona.cat\/la-historia-de-luni-girona-queda-recollida-en-un-llibre\/#primaryimage\"},\"image\":{\"@id\":\"https:\/\/www.unigirona.cat\/la-historia-de-luni-girona-queda-recollida-en-un-llibre\/#primaryimage\"},\"thumbnailUrl\":\"https:\/\/www.unigirona.cat\/wp-content\/uploads\/2025\/12\/IMG_6035.jpg\",\"datePublished\":\"2025-12-12T15:56:47+00:00\",\"dateModified\":\"2025-12-18T12:54:04+00:00\",\"author\":{\"@id\":\"https:\/\/www.unigirona.cat\/#\/schema\/person\/475ba176dc25b40920d6ebae4b40d2fb\"},\"breadcrumb\":{\"@id\":\"https:\/\/www.unigirona.cat\/la-historia-de-luni-girona-queda-recollida-en-un-llibre\/#breadcrumb\"},\"inLanguage\":\"es\",\"potentialAction\":[{\"@type\":\"ReadAction\",\"target\":[\"https:\/\/www.unigirona.cat\/la-historia-de-luni-girona-queda-recollida-en-un-llibre\/\"]}]},{\"@type\":\"ImageObject\",\"inLanguage\":\"es\",\"@id\":\"https:\/\/www.unigirona.cat\/la-historia-de-luni-girona-queda-recollida-en-un-llibre\/#primaryimage\",\"url\":\"https:\/\/www.unigirona.cat\/wp-content\/uploads\/2025\/12\/IMG_6035.jpg\",\"contentUrl\":\"https:\/\/www.unigirona.cat\/wp-content\/uploads\/2025\/12\/IMG_6035.jpg\",\"width\":5725,\"height\":3817},{\"@type\":\"BreadcrumbList\",\"@id\":\"https:\/\/www.unigirona.cat\/la-historia-de-luni-girona-queda-recollida-en-un-llibre\/#breadcrumb\",\"itemListElement\":[{\"@type\":\"ListItem\",\"position\":1,\"name\":\"Portada\",\"item\":\"https:\/\/www.unigirona.cat\/\"},{\"@type\":\"ListItem\",\"position\":2,\"name\":\"LA HIST\u00d2RIA DE L&#8217;UNI GIRONA QUEDA RECOLLIDA EN UN LLIBRE\"}]},{\"@type\":\"WebSite\",\"@id\":\"https:\/\/www.unigirona.cat\/#website\",\"url\":\"https:\/\/www.unigirona.cat\/\",\"name\":\"Spar Girona\",\"description\":\"\",\"potentialAction\":[{\"@type\":\"SearchAction\",\"target\":{\"@type\":\"EntryPoint\",\"urlTemplate\":\"https:\/\/www.unigirona.cat\/?s={search_term_string}\"},\"query-input\":{\"@type\":\"PropertyValueSpecification\",\"valueRequired\":true,\"valueName\":\"search_term_string\"}}],\"inLanguage\":\"es\"},{\"@type\":\"Person\",\"@id\":\"https:\/\/www.unigirona.cat\/#\/schema\/person\/475ba176dc25b40920d6ebae4b40d2fb\",\"name\":\"premsa\",\"image\":{\"@type\":\"ImageObject\",\"inLanguage\":\"es\",\"@id\":\"https:\/\/www.unigirona.cat\/#\/schema\/person\/image\/\",\"url\":\"https:\/\/secure.gravatar.com\/avatar\/aaa70a46dde13fc461ebe5bc96d2c4be?s=96&d=mm&r=g\",\"contentUrl\":\"https:\/\/secure.gravatar.com\/avatar\/aaa70a46dde13fc461ebe5bc96d2c4be?s=96&d=mm&r=g\",\"caption\":\"premsa\"},\"url\":\"https:\/\/www.unigirona.cat\/es\/author\/premsa\/\"}]}<\/script>\n<!-- \/ Yoast SEO plugin. -->","yoast_head_json":{"title":"LA HIST\u00d2RIA DE L'UNI GIRONA QUEDA RECOLLIDA EN UN LLIBRE - UNI B\u00e0squet Girona","robots":{"index":"index","follow":"follow","max-snippet":"max-snippet:-1","max-image-preview":"max-image-preview:large","max-video-preview":"max-video-preview:-1"},"canonical":"https:\/\/www.unigirona.cat\/la-historia-de-luni-girona-queda-recollida-en-un-llibre\/","og_locale":"es_ES","og_type":"article","og_title":"LA HIST\u00d2RIA DE L'UNI GIRONA QUEDA RECOLLIDA EN UN LLIBRE - UNI B\u00e0squet Girona","og_description":"El periodista Jordi Roura presenta \u00abUni Girona: 20 anys de b\u00e0squet i \u00e8xits\u00bb a la Fundaci\u00f3 Valvi amb Cayetano P\u00e9rez i Pere PuigL&#8217;obra es posar\u00e0 a la venda la setmana que al web de l&#8217;Uni Girona i tamb\u00e9 es podr\u00e0 trobar al pavell\u00f3 de Fontajau Compra el llibre: https:\/\/www.unigirona.cat\/es\/product\/llibre-uni-girona-20-anys-de-basquet-i-exits\/ Les dues d\u00e8cades de vida de [&hellip;]","og_url":"https:\/\/www.unigirona.cat\/la-historia-de-luni-girona-queda-recollida-en-un-llibre\/","og_site_name":"UNI B\u00e0squet Girona","article_published_time":"2025-12-12T15:56:47+00:00","article_modified_time":"2025-12-18T12:54:04+00:00","og_image":[{"width":1024,"height":683,"url":"http:\/\/www.unigirona.cat\/wp-content\/uploads\/2025\/12\/IMG_6035-1024x683.jpg","type":"image\/jpeg"}],"author":"premsa","twitter_card":"summary_large_image","twitter_misc":{"Escrito por":"premsa","Tiempo de lectura":"4 minutos"},"schema":{"@context":"https:\/\/schema.org","@graph":[{"@type":"WebPage","@id":"https:\/\/www.unigirona.cat\/la-historia-de-luni-girona-queda-recollida-en-un-llibre\/","url":"https:\/\/www.unigirona.cat\/la-historia-de-luni-girona-queda-recollida-en-un-llibre\/","name":"LA HIST\u00d2RIA DE L'UNI GIRONA QUEDA RECOLLIDA EN UN LLIBRE - UNI B\u00e0squet Girona","isPartOf":{"@id":"https:\/\/www.unigirona.cat\/#website"},"primaryImageOfPage":{"@id":"https:\/\/www.unigirona.cat\/la-historia-de-luni-girona-queda-recollida-en-un-llibre\/#primaryimage"},"image":{"@id":"https:\/\/www.unigirona.cat\/la-historia-de-luni-girona-queda-recollida-en-un-llibre\/#primaryimage"},"thumbnailUrl":"https:\/\/www.unigirona.cat\/wp-content\/uploads\/2025\/12\/IMG_6035.jpg","datePublished":"2025-12-12T15:56:47+00:00","dateModified":"2025-12-18T12:54:04+00:00","author":{"@id":"https:\/\/www.unigirona.cat\/#\/schema\/person\/475ba176dc25b40920d6ebae4b40d2fb"},"breadcrumb":{"@id":"https:\/\/www.unigirona.cat\/la-historia-de-luni-girona-queda-recollida-en-un-llibre\/#breadcrumb"},"inLanguage":"es","potentialAction":[{"@type":"ReadAction","target":["https:\/\/www.unigirona.cat\/la-historia-de-luni-girona-queda-recollida-en-un-llibre\/"]}]},{"@type":"ImageObject","inLanguage":"es","@id":"https:\/\/www.unigirona.cat\/la-historia-de-luni-girona-queda-recollida-en-un-llibre\/#primaryimage","url":"https:\/\/www.unigirona.cat\/wp-content\/uploads\/2025\/12\/IMG_6035.jpg","contentUrl":"https:\/\/www.unigirona.cat\/wp-content\/uploads\/2025\/12\/IMG_6035.jpg","width":5725,"height":3817},{"@type":"BreadcrumbList","@id":"https:\/\/www.unigirona.cat\/la-historia-de-luni-girona-queda-recollida-en-un-llibre\/#breadcrumb","itemListElement":[{"@type":"ListItem","position":1,"name":"Portada","item":"https:\/\/www.unigirona.cat\/"},{"@type":"ListItem","position":2,"name":"LA HIST\u00d2RIA DE L&#8217;UNI GIRONA QUEDA RECOLLIDA EN UN LLIBRE"}]},{"@type":"WebSite","@id":"https:\/\/www.unigirona.cat\/#website","url":"https:\/\/www.unigirona.cat\/","name":"Spar Girona","description":"","potentialAction":[{"@type":"SearchAction","target":{"@type":"EntryPoint","urlTemplate":"https:\/\/www.unigirona.cat\/?s={search_term_string}"},"query-input":{"@type":"PropertyValueSpecification","valueRequired":true,"valueName":"search_term_string"}}],"inLanguage":"es"},{"@type":"Person","@id":"https:\/\/www.unigirona.cat\/#\/schema\/person\/475ba176dc25b40920d6ebae4b40d2fb","name":"premsa","image":{"@type":"ImageObject","inLanguage":"es","@id":"https:\/\/www.unigirona.cat\/#\/schema\/person\/image\/","url":"https:\/\/secure.gravatar.com\/avatar\/aaa70a46dde13fc461ebe5bc96d2c4be?s=96&d=mm&r=g","contentUrl":"https:\/\/secure.gravatar.com\/avatar\/aaa70a46dde13fc461ebe5bc96d2c4be?s=96&d=mm&r=g","caption":"premsa"},"url":"https:\/\/www.unigirona.cat\/es\/author\/premsa\/"}]}},"_links":{"self":[{"href":"https:\/\/www.unigirona.cat\/es\/wp-json\/wp\/v2\/posts\/45481"}],"collection":[{"href":"https:\/\/www.unigirona.cat\/es\/wp-json\/wp\/v2\/posts"}],"about":[{"href":"https:\/\/www.unigirona.cat\/es\/wp-json\/wp\/v2\/types\/post"}],"author":[{"embeddable":true,"href":"https:\/\/www.unigirona.cat\/es\/wp-json\/wp\/v2\/users\/2"}],"replies":[{"embeddable":true,"href":"https:\/\/www.unigirona.cat\/es\/wp-json\/wp\/v2\/comments?post=45481"}],"version-history":[{"count":3,"href":"https:\/\/www.unigirona.cat\/es\/wp-json\/wp\/v2\/posts\/45481\/revisions"}],"predecessor-version":[{"id":45501,"href":"https:\/\/www.unigirona.cat\/es\/wp-json\/wp\/v2\/posts\/45481\/revisions\/45501"}],"wp:featuredmedia":[{"embeddable":true,"href":"https:\/\/www.unigirona.cat\/es\/wp-json\/wp\/v2\/media\/45482"}],"wp:attachment":[{"href":"https:\/\/www.unigirona.cat\/es\/wp-json\/wp\/v2\/media?parent=45481"}],"wp:term":[{"taxonomy":"category","embeddable":true,"href":"https:\/\/www.unigirona.cat\/es\/wp-json\/wp\/v2\/categories?post=45481"},{"taxonomy":"post_tag","embeddable":true,"href":"https:\/\/www.unigirona.cat\/es\/wp-json\/wp\/v2\/tags?post=45481"}],"curies":[{"name":"wp","href":"https:\/\/api.w.org\/{rel}","templated":true}]}}